{"id":115084,"date":"2025-05-20T19:41:11","date_gmt":"2025-05-20T19:41:11","guid":{"rendered":"https:\/\/www.europesays.com\/fr\/115084\/"},"modified":"2025-05-20T19:41:11","modified_gmt":"2025-05-20T19:41:11","slug":"rencontre-dedicace-avec-romain-trouble-a-la-fnac-nice","status":"publish","type":"post","link":"https:\/\/www.europesays.com\/fr\/115084\/","title":{"rendered":"Rencontre-d\u00e9dicace avec Romain Troubl\u00e9 \u00e0 la Fnac Nice"},"content":{"rendered":"<p>Dans le cadre de 3\u00e8me conf\u00e9rence des Nations Unies sur l\u2019Oc\u00e9an (UNOC 3) qui se d\u00e9roulera \u00e0 Nice du 9 au 13 juin, la Fnac Nice a le plaisir d\u2019accueillir Romain Troubl\u00e9, directeur g\u00e9n\u00e9ral de la fondation Tara Oc\u00e9an, en rencontre-d\u00e9dicace autour de son livre \u00ab Aujourd\u2019hui l\u2019oc\u00e9an \u2013 Parcours d\u2019un engagement \u00bb.<\/p>\n<p>                            Romain Troubl\u00e9 n\u2019est pas n\u00e9 activiste pour l\u2019environnement, il l\u2019est devenu. Enfant de la montagne et de la mer, aujourd\u2019hui directeur g\u00e9n\u00e9ral de la Fondation Tara Oc\u00e9an, il oeuvre avec ses \u00e9quipes pour soutenir la recherche scientifique en mer et pour sensibiliser le grand public et les dirigeants \u00e0 l\u2019urgence de pr\u00e9server le Vivant de l\u2019oc\u00e9an, premier puits de carbone de la plan\u00e8te et pilier essentiel de son \u00e9quilibre.<br \/>\nLa Fondation Tara Oc\u00e9an est la premi\u00e8re Fondation Reconnue d\u2019Utilit\u00e9 Publique (FRUP) consacr\u00e9e \u00e0 l\u2019Oc\u00e9an en France.<br \/>\n\u25ba Rendez-vous \u00e0 la Fnac Nice le 7 juin \u00e0 16h !<\/p>\n<p>Au gr\u00e9 de p\u00e9r\u00e9grinations souvent rocambolesques, aux confins de l\u2019extr\u00eame Sib\u00e9rie \u00e0 la recherche de mammouths prisonniers du permafrost, au coeur de l\u2019Antarctique pour le premier vol d\u2019un Antonov 3 monomoteur, ou \u00e0 bord de la go\u00e9lette\u00a0Tara, Romain Troubl\u00e9 a pris conscience de l\u2019impact des activit\u00e9s humaines sur notre plan\u00e8te et du recul alarmant de la biodiversit\u00e9.<\/p>\n<p>Dans ce r\u00e9cit vibrant au long cours, il retrace l\u2019itin\u00e9raire de son engagement et raconte comment il est devenu l\u2019une des voix qui comptent pour la cause oc\u00e9anique.<\/p>\n<p><strong>Troisi\u00e8me conf\u00e9rence des Nations Unies sur l\u2019Oc\u00e9an \u00e0 Nice<\/strong><\/p>\n<p>Apr\u00e8s New York en 2017 et Lisbonne en 2022, la France et le Costa Rica co-organisent la 3\u00e8me Conf\u00e9rence des Nations Unies sur l\u2019Oc\u00e9an (UNOC3) \u00e0 Nice.<\/p>\n<p>Dix ans apr\u00e8s la COP21 et l\u2019Accord de Paris, l\u2019UNOC 3 entend r\u00e9unir l\u2019ensemble des Etats membres des Nations unies, leurs chefs d\u2019Etat et de gouvernement, les agences sp\u00e9cialis\u00e9es, la soci\u00e9t\u00e9 civile, le secteur priv\u00e9 et les donateurs internationaux, et faire pour l\u2019oc\u00e9an ce qui avait \u00e9t\u00e9 fait en 2015 pour le climat.<\/p>\n<p>L\u2019UNOC3 vise \u00e0 \u00ab Acc\u00e9l\u00e9rer l\u2019action et mobiliser tous les acteurs pour conserver et utiliser durablement l\u2019oc\u00e9an\u00a0\u00bb, en soutenant une\u00a0action urgente et plus pouss\u00e9e pour pr\u00e9server et exploiter de fa\u00e7on durable l\u2019oc\u00e9an, les mers et les ressources marines\u00a0aux fins du d\u00e9veloppement durable, ainsi qu\u2019\u00e0\u00a0identifier l\u2019ensemble des moyens pour soutenir la mise en \u0153uvre de cet objectif de D\u00e9veloppement Durable (ODD14).<\/p>\n<p><strong>Ses 3 pilliers<\/strong> :\u00a0<\/p>\n<ul>\n<li>\u0152uvrer \u00e0 l\u2019aboutissement des processus multilat\u00e9raux li\u00e9s\u2028\u00e0 l\u2019oc\u00e9an pour rehausser le niveau d\u2019ambition pour la protection\u2028de l\u2019oc\u00e9an<\/li>\n<li>Mobiliser des financements pour l\u2019ODD14 et soutenir\u2028le d\u00e9veloppement d\u2019une \u00e9conomie bleue durable<\/li>\n<li>Renforcer et mieux diffuser les connaissances li\u00e9es aux sciences de la mer\u2028pour une meilleure prise\u2028de d\u00e9cision politique<\/li>\n<\/ul>\n<p>\u25ba Plus d\u2019informations sur l\u2019<a href=\"https:\/\/www.diplomatie.gouv.fr\/fr\/politique-etrangere-de-la-france\/climat-et-environnement\/la-protection-de-l-environnement-et-la-lutte-contre-les-pollutions\/troisieme-conference-des-nations-unies-sur-l-ocean-unoc3-nice-9-13-juin-2025\/\" target=\"_blank\" rel=\"noopener nofollow\">UNOC3 ici<\/a>\u00a0et sur le site officiel<\/p>\n<p style=\"text-align: center;\">*\u00c9v\u00e9nement gratuit, acc\u00e8s dans la limite des places disponibles<\/p>\n<p>        <img decoding=\"async\" src=\"https:\/\/www.europesays.com\/fr\/wp-content\/uploads\/2025\/04\/logo-rse.png\" alt=\"Logo RSE\" loading=\"lazy\" width=\"84\" height=\"116\"\/><\/p>\n<p>\n        La Fnac s\u2019engage activement dans les initiatives de responsabilit\u00e9 soci\u00e9tale des entreprises (RSE).\n    <\/p>\n<p>\n        Aidez-nous en choisissant la mobilit\u00e9 douce en privil\u00e9giant par exemple le v\u00e9lo (pistes cyclables et stationnements \u00e0 disposition), les transports en commun ou le covoiturage pour nous rejoindre. Ainsi, vous contribuez \u00e0 r\u00e9duire les \u00e9missions de gaz \u00e0 effet de serre et \u00e0 am\u00e9liorer notre qualit\u00e9 de l\u2019air. Pour plus d\u2019information, consultez la fiche du magasin.<br \/>Tous nos \u00e9v\u00e8nements sont en acc\u00e8s gratuit, dans la limite des places disponibles.\n    <\/p>\n","protected":false},"excerpt":{"rendered":"Dans le cadre de 3\u00e8me conf\u00e9rence des Nations Unies sur l\u2019Oc\u00e9an (UNOC 3) qui se d\u00e9roulera \u00e0 Nice&hellip;\n","protected":false},"author":2,"featured_media":115085,"comment_status":"","ping_status":"","sticky":false,"template":"","format":"standard","meta":{"footnotes":""},"categories":[2819],"tags":[1111,11,23526,23527,1777,674,9391,1011,27,11415,12,2401,882,25,23528,23529,23530],"class_list":{"0":"post-115084","1":"post","2":"type-post","3":"status-publish","4":"format-standard","5":"has-post-thumbnail","7":"category-nice","8":"tag-actu","9":"tag-actualites","10":"tag-conference-des-nations-unies-sur-locean","11":"tag-developpement-durable","12":"tag-eu","13":"tag-europe","14":"tag-evenement-fnac-gratuit","15":"tag-fr","16":"tag-france","17":"tag-nations-unies","18":"tag-news","19":"tag-nice","20":"tag-provence-alpes-cote-dazur","21":"tag-republique-francaise","22":"tag-romain-trouble","23":"tag-tara-ocean","24":"tag-unoc-3"},"share_on_mastodon":{"url":"https:\/\/pubeurope.com\/@fr\/114541866728408838","error":""},"_links":{"self":[{"href":"https:\/\/www.europesays.com\/fr\/wp-json\/wp\/v2\/posts\/115084","targetHints":{"allow":["GET"]}}],"collection":[{"href":"https:\/\/www.europesays.com\/fr\/wp-json\/wp\/v2\/posts"}],"about":[{"href":"https:\/\/www.europesays.com\/fr\/wp-json\/wp\/v2\/types\/post"}],"author":[{"embeddable":true,"href":"https:\/\/www.europesays.com\/fr\/wp-json\/wp\/v2\/users\/2"}],"replies":[{"embeddable":true,"href":"https:\/\/www.europesays.com\/fr\/wp-json\/wp\/v2\/comments?post=115084"}],"version-history":[{"count":0,"href":"https:\/\/www.europesays.com\/fr\/wp-json\/wp\/v2\/posts\/115084\/revisions"}],"wp:featuredmedia":[{"embeddable":true,"href":"https:\/\/www.europesays.com\/fr\/wp-json\/wp\/v2\/media\/115085"}],"wp:attachment":[{"href":"https:\/\/www.europesays.com\/fr\/wp-json\/wp\/v2\/media?parent=115084"}],"wp:term":[{"taxonomy":"category","embeddable":true,"href":"https:\/\/www.europesays.com\/fr\/wp-json\/wp\/v2\/categories?post=115084"},{"taxonomy":"post_tag","embeddable":true,"href":"https:\/\/www.europesays.com\/fr\/wp-json\/wp\/v2\/tags?post=115084"}],"curies":[{"name":"wp","href":"https:\/\/api.w.org\/{rel}","templated":true}]}}