{"id":115086,"date":"2025-05-20T19:42:17","date_gmt":"2025-05-20T19:42:17","guid":{"rendered":"https:\/\/www.europesays.com\/fr\/115086\/"},"modified":"2025-05-20T19:42:17","modified_gmt":"2025-05-20T19:42:17","slug":"la-crs-82-mobilisee-pour-une-operation-de-controles-dans-un-quartier-dangers","status":"publish","type":"post","link":"https:\/\/www.europesays.com\/fr\/115086\/","title":{"rendered":"La CRS 82\u00a0mobilis\u00e9e pour une op\u00e9ration de contr\u00f4les dans un quartier d\u2019Angers"},"content":{"rendered":"<p>La police nationale a men\u00e9 une op\u00e9ration cibl\u00e9e et coordonn\u00e9e dans le quartier de la Roseraie \u00e0 Angers, ce mardi 20\u00a0mai en fin d\u2019apr\u00e8s-midi. Les effectifs locaux ont \u00e9t\u00e9 renforc\u00e9s par la CRS 82, compagnie r\u00e9publicaine de s\u00e9curit\u00e9 bas\u00e9e \u00e0 Saint-Herblain, pour effectuer des contr\u00f4les sur r\u00e9quisition du procureur de la R\u00e9publique.<\/p>\n<p>\t<img decoding=\"async\" src=\"https:\/\/www.europesays.com\/fr\/wp-content\/uploads\/2025\/05\/P35240201D6816606G_px_640_.jpg\" alt=\"photo des dizaines de policiers ont \u00e9t\u00e9 mobilis\u00e9s.  \u00a9  co \u2013 josselin clair\" width=\"640\" title=\" Des dizaines de policiers ont \u00e9t\u00e9 mobilis\u00e9s.   CO \u2013 Josselin CLAIR \"\/><\/p>\n<p class=\"elmt-legende\"> Des dizaines de policiers ont \u00e9t\u00e9 mobilis\u00e9s.   CO \u2013 Josselin CLAIR <\/p>\n<p>\u00ab\u00a0Marquer notre pr\u00e9sence sur la voie publique\u00a0\u00bb<\/p>\n<p>Des dizaines de policiers, ainsi qu\u2019un chien sp\u00e9cialis\u00e9 dans la d\u00e9tection de stup\u00e9fiants, ont ainsi \u00e9t\u00e9 mobilis\u00e9s. \u00a0L\u2019objectif d\u2019une telle op\u00e9ration est d\u2019\u00eatre visible, de marquer notre pr\u00e9sence sur la voie publique, de trouver des armes, des stup\u00e9fiants et des personnes recherch\u00e9es\u00a0\u00bb, indique-t-on au commissariat d\u2019Angers.<\/p>\n<p>\u00a0<\/p>\n","protected":false},"excerpt":{"rendered":"La police nationale a men\u00e9 une op\u00e9ration cibl\u00e9e et coordonn\u00e9e dans le quartier de la Roseraie \u00e0 Angers,&hellip;\n","protected":false},"author":2,"featured_media":115087,"comment_status":"","ping_status":"","sticky":false,"template":"","format":"standard","meta":{"footnotes":""},"categories":[2818],"tags":[17433,1111,11,1438,10787,12513,1777,674,1011,27,23531,766,12,1476,2636,5775,25],"class_list":{"0":"post-115086","1":"post","2":"type-post","3":"status-publish","4":"format-standard","5":"has-post-thumbnail","7":"category-nantes","8":"tag-17433","9":"tag-actu","10":"tag-actualites","11":"tag-angers","12":"tag-controles","13":"tag-crs","14":"tag-eu","15":"tag-europe","16":"tag-fr","17":"tag-france","18":"tag-mobilisee","19":"tag-nantes","20":"tag-news","21":"tag-operation","22":"tag-pays-de-la-loire","23":"tag-quartier","24":"tag-republique-francaise"},"share_on_mastodon":{"url":"https:\/\/pubeurope.com\/@fr\/114541870806479308","error":""},"_links":{"self":[{"href":"https:\/\/www.europesays.com\/fr\/wp-json\/wp\/v2\/posts\/115086","targetHints":{"allow":["GET"]}}],"collection":[{"href":"https:\/\/www.europesays.com\/fr\/wp-json\/wp\/v2\/posts"}],"about":[{"href":"https:\/\/www.europesays.com\/fr\/wp-json\/wp\/v2\/types\/post"}],"author":[{"embeddable":true,"href":"https:\/\/www.europesays.com\/fr\/wp-json\/wp\/v2\/users\/2"}],"replies":[{"embeddable":true,"href":"https:\/\/www.europesays.com\/fr\/wp-json\/wp\/v2\/comments?post=115086"}],"version-history":[{"count":0,"href":"https:\/\/www.europesays.com\/fr\/wp-json\/wp\/v2\/posts\/115086\/revisions"}],"wp:featuredmedia":[{"embeddable":true,"href":"https:\/\/www.europesays.com\/fr\/wp-json\/wp\/v2\/media\/115087"}],"wp:attachment":[{"href":"https:\/\/www.europesays.com\/fr\/wp-json\/wp\/v2\/media?parent=115086"}],"wp:term":[{"taxonomy":"category","embeddable":true,"href":"https:\/\/www.europesays.com\/fr\/wp-json\/wp\/v2\/categories?post=115086"},{"taxonomy":"post_tag","embeddable":true,"href":"https:\/\/www.europesays.com\/fr\/wp-json\/wp\/v2\/tags?post=115086"}],"curies":[{"name":"wp","href":"https:\/\/api.w.org\/{rel}","templated":true}]}}