{"id":11509,"date":"2025-04-09T01:15:10","date_gmt":"2025-04-09T01:15:10","guid":{"rendered":"https:\/\/www.europesays.com\/fr\/11509\/"},"modified":"2025-04-09T01:15:10","modified_gmt":"2025-04-09T01:15:10","slug":"benoit-costil-refuse-de-parler-de-retraite-et-samuse-en-kings-league-france-kings-league","status":"publish","type":"post","link":"https:\/\/www.europesays.com\/fr\/11509\/","title":{"rendered":"Beno\u00eet Costil refuse de parler de retraite et s\u2019amuse en Kings League &#8211; France &#8211; Kings League"},"content":{"rendered":"<p>Non, Costil n\u2019est pas \u00e0 la retraite.<\/p>\n<p>Sans club depuis <a target=\"_blank\" href=\"https:\/\/www.sofoot.com\/breves\/la-salernitana-releguee-en-serie-b\" rel=\"nofollow noopener\">la fin de son contrat avec la Salernitana<\/a> fin juin, Beno\u00eet Costil a jou\u00e9 ce dimanche en Kings League avec l\u2019\u00e9quipe fran\u00e7aise F2R, <a target=\"_blank\" href=\"https:\/\/www.sofoot.com\/articles\/aminematue-le-streameur-devenu-leader-de-lequipe-de-france-dun-autre-football\" rel=\"nofollow noopener\">du streamer AmineMaTue<\/a>. Interrog\u00e9 par So Foot en zone mixte apr\u00e8s le match, le sosie officiel d\u2019Olivier Giroud <strong>a fait le point sur sa situation sportive.<\/strong><\/p>\n<p>\u00ab\u202fLa Kings League, \u00e7a va \u00eatre g\u00e9nial\u202f\u00bb<\/p>\n<p>\u00ab\u202fSi je ne communique pas par rapport \u00e0 \u00e7a, c\u2019est parce que je ne m\u2019interdis rien. Je suis super lucide par rapport \u00e0 ma situation, a-t-il indiqu\u00e9 dans un premier temps. Je sais pourquoi aujourd\u2019hui je suis sans club. J\u2019ai fait un choix familial, g\u00e9ographique, mais aussi un choix mental pour moi, pour ma personne. Ce n\u2019\u00e9tait pas un choix uniquement sportif. Si j\u2019en suis l\u00e0, c\u2019est de ma propre volont\u00e9. <strong>Je n\u2019\u00e9tais pas contre repartir et je ne le suis toujours pas d\u2019ailleurs<\/strong>, mais je ne demande rien. Je veux juste kiffer le truc, kiffer la comp\u00e9tition.\u202f\u00bb\u00a0L\u2019ancien portier de Rennes, install\u00e9 en Bretagne, a eu plusieurs sollicitations, mais aurait pr\u00e9f\u00e9r\u00e9 trouver un projet dans le coin.<\/p>\n<p>Et la Kings League, alors, \u00e7a donne quoi ? \u00ab\u202fC\u2019est coh\u00e9rent sans \u00eatre exceptionnel. C\u2019est normal, car beaucoup de joueurs la d\u00e9couvrent, m\u00eame si certains ont d\u00e9j\u00e0 une exp\u00e9rience. J\u2019ai trouv\u00e9 \u00e7a pas mal, mais \u00e7a va \u00eatre g\u00e9nial dans les matchs \u00e0 venir, c\u2019est \u00e9vident.\u202f\u00bb<\/p>\n<p><a target=\"_blank\" href=\"https:\/\/www.sofoot.com\/articles\/ligue-1-marseille-monaco-strasbourg-lyon-nice-et-lille-six-equipes-en-cinq-points-pour-trois-places-en-ligue-des-champions\" rel=\"nofollow noopener\">On pr\u00e9f\u00e8re quand m\u00eame la course \u00e0 l\u2019Europe en Ligue 1.\u00a0<\/a><\/p>\n<p>\t\t\t\t\t\t\t\t\t\t<a class=\"lien-connexe\" href=\"https:\/\/www.sofoot.com\/articles\/arsenal-real-madrid-william-saliba-une-flamme-a-entretenir\" rel=\"nofollow noopener\" target=\"_blank\">William Saliba, une flamme \u00e0 entretenir chez les Gunners<\/a>\t\t\t\t\t<\/p>\n","protected":false},"excerpt":{"rendered":"Non, Costil n\u2019est pas \u00e0 la retraite. Sans club depuis la fin de son contrat avec la Salernitana&hellip;\n","protected":false},"author":2,"featured_media":11510,"comment_status":"","ping_status":"","sticky":false,"template":"","format":"standard","meta":{"footnotes":""},"categories":[9],"tags":[47,61,69,65,64,63,1011,27,68,66,62,70,67,60],"class_list":{"0":"post-11509","1":"post","2":"type-post","3":"status-publish","4":"format-standard","5":"has-post-thumbnail","7":"category-sports","8":"tag-actualite","9":"tag-actus-football","10":"tag-bundesliga","11":"tag-championnats-europeens","12":"tag-equipe-de-france","13":"tag-football","14":"tag-fr","15":"tag-france","16":"tag-ligua","17":"tag-ligue-1","18":"tag-news-foot","19":"tag-premier-league","20":"tag-serie-a","21":"tag-sports"},"share_on_mastodon":{"url":"https:\/\/pubeurope.com\/@fr\/114305363064355910","error":""},"_links":{"self":[{"href":"https:\/\/www.europesays.com\/fr\/wp-json\/wp\/v2\/posts\/11509","targetHints":{"allow":["GET"]}}],"collection":[{"href":"https:\/\/www.europesays.com\/fr\/wp-json\/wp\/v2\/posts"}],"about":[{"href":"https:\/\/www.europesays.com\/fr\/wp-json\/wp\/v2\/types\/post"}],"author":[{"embeddable":true,"href":"https:\/\/www.europesays.com\/fr\/wp-json\/wp\/v2\/users\/2"}],"replies":[{"embeddable":true,"href":"https:\/\/www.europesays.com\/fr\/wp-json\/wp\/v2\/comments?post=11509"}],"version-history":[{"count":0,"href":"https:\/\/www.europesays.com\/fr\/wp-json\/wp\/v2\/posts\/11509\/revisions"}],"wp:featuredmedia":[{"embeddable":true,"href":"https:\/\/www.europesays.com\/fr\/wp-json\/wp\/v2\/media\/11510"}],"wp:attachment":[{"href":"https:\/\/www.europesays.com\/fr\/wp-json\/wp\/v2\/media?parent=11509"}],"wp:term":[{"taxonomy":"category","embeddable":true,"href":"https:\/\/www.europesays.com\/fr\/wp-json\/wp\/v2\/categories?post=11509"},{"taxonomy":"post_tag","embeddable":true,"href":"https:\/\/www.europesays.com\/fr\/wp-json\/wp\/v2\/tags?post=11509"}],"curies":[{"name":"wp","href":"https:\/\/api.w.org\/{rel}","templated":true}]}}