{"id":1150912,"date":"2026-08-26T23:13:19","date_gmt":"2026-08-26T23:13:19","guid":{"rendered":"https:\/\/www.europesays.com\/fr\/1150912\/"},"modified":"2026-08-26T23:13:19","modified_gmt":"2026-08-26T23:13:19","slug":"jean-pierre-raffarin-le-deficit-de-leadership-en-europe-est-criant","status":"publish","type":"post","link":"https:\/\/www.europesays.com\/fr\/1150912\/","title":{"rendered":"Jean-Pierre Raffarin : \u00ab\u00a0Le d\u00e9ficit de leadership en Europe est criant\u00a0\u00bb"},"content":{"rendered":"<p>Rencontre avec Jean-Pierre Raffarin \u00e0 la veille du Forum de g\u00e9opolitique du Futuroscope, qui se d\u00e9roulera vendredi 28\u00a0ao\u00fbt 2026.<\/p>\n<p class=\"interview\">Culturellement et historiquement, le leadership est souvent associ\u00e9 \u00e0 une personne providentielle en France. Est-ce la question, aujourd\u2019hui\u00a0?<\/p>\n<p><strong>Jean-Pierre Raffarin\u00a0:<\/strong> \u00ab\u00a0En effet, le leader historique est souvent quelqu\u2019un qui s\u2019est r\u00e9v\u00e9l\u00e9 au travers de circonstances exceptionnelles. De Gaulle est ainsi une figure exemplaire du leadership. Chez nous, Ren\u00e9 Monory est un autre bel exemple. En \u00e9tudiant les grands leaders de l\u2019Histoire, on mesure que, au-del\u00e0 de l\u2019aptitude \u00e0 ma\u00eetriser les circonstances, on peut d\u00e9finir le leadership comme \u201c l\u2019incarnation d\u2019une force motrice (un caract\u00e8re) qui cr\u00e9e l\u2019harmonie entre une vision, une action et un groupe\u00a0\u201d. La qualit\u00e9 de ces trois param\u00e8tres d\u00e9termine la qualit\u00e9 du leadership. C\u2019est un sujet en France o\u00f9 ces trois param\u00e8tres sont d\u00e9grad\u00e9s\u00a0: l\u2019imm\u00e9diat est d\u00e9vorant, l\u2019action est insuffisante et les divisions affaiblissent la nation. La difficult\u00e9 est que le leadership ne se promet pas, il se d\u00e9montre. J\u2019esp\u00e8re que la prochaine campagne pr\u00e9sidentielle r\u00e9v\u00e9lera un leadership fort et humain, fond\u00e9 sur un horizon d\u2019avenir, un programme de sursaut et un soutien populaire capable de d\u00e9gager une majorit\u00e9, source de l\u2019autorit\u00e9&#8230;. <\/p>\n<p>    Cet article a \u00e9t\u00e9 tronqu\u00e9. Abonnez-vous pour lire l&rsquo;article complet sur notre site.<\/p>\n<p>\u00a0\u00bb<\/p>\n<p style=\"margin: 0 !important; padding: 0 !important; font-size: 12px !important;\">Cet article a \u00e9t\u00e9 tronqu\u00e9. Abonnez-vous pour lire l&rsquo;article complet.<\/p>\n<p>    <a href=\"https:\/\/www.lanouvellerepublique.fr\/abonnements\" style=\"display: inline-block; margin-top: 5px !important; padding: 6px 12px !important; background: #cb1c27; color: white; text-decoration: none; border-radius: 4px; font-size: 12px !important;\" rel=\"nofollow noopener\" target=\"_blank\"><br \/>\n      S&rsquo;abonner<br \/>\n    <\/a><\/p>\n","protected":false},"excerpt":{"rendered":"Rencontre avec Jean-Pierre Raffarin \u00e0 la veille du Forum de g\u00e9opolitique du Futuroscope, qui se d\u00e9roulera vendredi 28\u00a0ao\u00fbt&hellip;\n","protected":false},"author":2,"featured_media":1150913,"comment_status":"","ping_status":"","sticky":false,"template":"","format":"standard","meta":{"footnotes":"","_share_on_mastodon":"0"},"categories":[1586],"tags":[1392,11,2545,33,1777,674,1011,27,12,316,25,1584],"class_list":["post-1150912","post","type-post","status-publish","format-standard","has-post-thumbnail","category-europe","tag-a-la-une-local","tag-actualites","tag-deux-sevres","tag-economie","tag-eu","tag-europe","tag-fr","tag-france","tag-news","tag-politique","tag-republique-francaise","tag-vienne"],"share_on_mastodon":{"url":"https:\/\/pubeurope.com\/@fr\/117164350409680840","error":""},"_links":{"self":[{"href":"https:\/\/www.europesays.com\/fr\/wp-json\/wp\/v2\/posts\/1150912","targetHints":{"allow":["GET"]}}],"collection":[{"href":"https:\/\/www.europesays.com\/fr\/wp-json\/wp\/v2\/posts"}],"about":[{"href":"https:\/\/www.europesays.com\/fr\/wp-json\/wp\/v2\/types\/post"}],"author":[{"embeddable":true,"href":"https:\/\/www.europesays.com\/fr\/wp-json\/wp\/v2\/users\/2"}],"replies":[{"embeddable":true,"href":"https:\/\/www.europesays.com\/fr\/wp-json\/wp\/v2\/comments?post=1150912"}],"version-history":[{"count":0,"href":"https:\/\/www.europesays.com\/fr\/wp-json\/wp\/v2\/posts\/1150912\/revisions"}],"wp:featuredmedia":[{"embeddable":true,"href":"https:\/\/www.europesays.com\/fr\/wp-json\/wp\/v2\/media\/1150913"}],"wp:attachment":[{"href":"https:\/\/www.europesays.com\/fr\/wp-json\/wp\/v2\/media?parent=1150912"}],"wp:term":[{"taxonomy":"category","embeddable":true,"href":"https:\/\/www.europesays.com\/fr\/wp-json\/wp\/v2\/categories?post=1150912"},{"taxonomy":"post_tag","embeddable":true,"href":"https:\/\/www.europesays.com\/fr\/wp-json\/wp\/v2\/tags?post=1150912"}],"curies":[{"name":"wp","href":"https:\/\/api.w.org\/{rel}","templated":true}]}}