{"id":115096,"date":"2025-05-20T19:47:07","date_gmt":"2025-05-20T19:47:07","guid":{"rendered":"https:\/\/www.europesays.com\/fr\/115096\/"},"modified":"2025-05-20T19:47:07","modified_gmt":"2025-05-20T19:47:07","slug":"au-sud-de-toulouse-un-train-a-larret-pendant-plus-de-2-heures-a-cause-des-intemperies","status":"publish","type":"post","link":"https:\/\/www.europesays.com\/fr\/115096\/","title":{"rendered":"Au sud de Toulouse, un train \u00e0 l\u2019arr\u00eat pendant plus de 2 heures \u00e0 cause des intemp\u00e9ries"},"content":{"rendered":"<p>            Par<br \/>\n        <strong><br \/>\n            <a href=\"https:\/\/actu.fr\/auteur\/mareva-laville-actu-fr\" title=\"Consulter tous les articles de Mar\u00e9va Laville\" target=\"_blank\" rel=\"noopener\">Mar\u00e9va Laville<\/a><br \/>\n        <\/strong><\/p>\n<p>        Publi\u00e9 le<\/p>\n<p>            20 mai 2025 \u00e0 21h19        <\/p>\n<p>Longue soir\u00e9e pour les voyageurs \u00e0 bord du <strong>train <a href=\"http:\/\/www.actu.fr\/toulouse\" target=\"_blank\" rel=\"noopener\">Toulouse<\/a>-Pau<\/strong>. Ce mardi 20\u00a0mai 2025, la circulation d\u2019un train situ\u00e9 <strong>entre Muret et Montr\u00e9jeau<\/strong> a \u00e9t\u00e9 interrompue vers 18h45.<\/p>\n<p>Un probl\u00e8me d\u2019adh\u00e9rence des rails<\/p>\n<p class=\" wall-content\">Depuis, les wagons sont encore \u00e0 l\u2019arr\u00eat \u00ab\u2009\u00e0 cause de <strong>probl\u00e8mes d\u2019adh\u00e9rence sur les rails<\/strong> li\u00e9s aux conditions m\u00e9t\u00e9o\u2009\u00bb, indique liO SNCF sur X.<\/p>\n<p class=\" wall-content\">\n<p class=\" wall-content\">Moins d\u2019une heure plus tard, des \u00e9quipes intervenaient sur place. \u00ab\u2009Des <strong>cars de remplacement<\/strong> sont aussi en recherche\u2009\u00bb, d\u00e9clarait liO SCNF vers 19h30.<\/p>\n<p>Reprise progressive mais perturb\u00e9e de la circulation<\/p>\n<p class=\" wall-content\">La reprise du trafic \u00e9tait estim\u00e9e pour 21\u00a0heures. Cinq minutes avant cette heure, liO SNCF annon\u00e7ait la fin de l\u2019intervention. \u00ab\u2009<strong>La circulation va reprendre progressivement dans les deux sens\u2009\u00bb<\/strong>, indique-t-elle.<\/p>\n<p class=\" wall-content\">N\u00e9anmoins, \u00ab\u2009des <strong>perturbations<\/strong> restent \u00e0 pr\u00e9voir jusqu\u2019\u00e0 la fin de journ\u00e9e\u2009\u00bb. Le temps que le trafic se r\u00e9gule.<\/p>\n<p>Vid\u00e9os : en ce moment sur ActuLa Haute-Garonne en alerte orange<\/p>\n<p class=\" wall-content\">Pour rappel, M\u00e9t\u00e9o France avait plac\u00e9 le d\u00e9partement en <strong>vigilance orange<\/strong> ce mardi 20\u00a0mai 2025 pour <strong>pluie et inondations,<\/strong><a href=\"https:\/\/actu.fr\/occitanie\/longages_31303\/orage-de-grele-au-sud-de-toulouse-cette-commune-fait-les-comptes-et-des-escrocs-tentent-d-en-profiter_62660700.html\" target=\"_blank\" rel=\"noopener\"> suite au violent orage qui s\u2019est abattu \u00e0 travers la Haute-Garonne<\/a> et notamment <a href=\"https:\/\/actu.fr\/occitanie\/toulouse_31555\/un-orage-supercellulaire-touche-le-sud-ouest-de-toulouse-des-grelons-de-6-a-7-centimetres_62656841.html\" target=\"_blank\" rel=\"noopener\">le sud-ouest de Toulouse<\/a>, dans la r\u00e9gion justement situ\u00e9e entre Muret et Carbonne.<\/p>\n<p class=\" wall-content\"><a href=\"https:\/\/actu.fr\/occitanie\/toulouse_31555\/apres-l-orage-devastateur-au-sud-de-toulouse-de-nombreuses-ecoles-restent-fermees-voici-lesquelles_62661516.html\" target=\"_blank\" rel=\"noopener\">De nombreuses \u00e9coles ont \u00e9t\u00e9 d\u00e9grad\u00e9es<\/a> par les intemp\u00e9ries, provoquant des fermetures, pour certaines, jusqu\u2019\u00e0 la fin de semaine.<\/p>\n<p class=\" wall-content\">Suivez toute l\u2019actualit\u00e9 de vos villes et m\u00e9dias favoris en vous inscrivant \u00e0 <a href=\"https:\/\/moncompte.actu.fr\" title=\"D\u00e9couvez Mon Actu\" rel=\"nofollow noopener\" data-trk=\"{&quot;cta&quot;:{&quot;action&quot;:&quot;https:\\\/\\\/moncompte.actu.fr&quot;,&quot;category&quot;:&quot;mon compte&quot;,&quot;from&quot;:&quot;article footer&quot;,&quot;name&quot;:&quot;Mon actu&quot;,&quot;type&quot;:&quot;cta&quot;}}\" target=\"_blank\">Mon Actu<\/a>.<\/p>\n","protected":false},"excerpt":{"rendered":"Par Mar\u00e9va Laville Publi\u00e9 le 20 mai 2025 \u00e0 21h19 Longue soir\u00e9e pour les voyageurs \u00e0 bord du&hellip;\n","protected":false},"author":2,"featured_media":32979,"comment_status":"","ping_status":"","sticky":false,"template":"","format":"standard","meta":{"footnotes":""},"categories":[2816],"tags":[1111,11,1777,674,1011,27,2839,12,2680,4594,25,2215,104,2312],"class_list":{"0":"post-115096","1":"post","2":"type-post","3":"status-publish","4":"format-standard","5":"has-post-thumbnail","7":"category-toulouse","8":"tag-actu","9":"tag-actualites","10":"tag-eu","11":"tag-europe","12":"tag-fr","13":"tag-france","14":"tag-inondations","15":"tag-news","16":"tag-occitanie","17":"tag-orages","18":"tag-republique-francaise","19":"tag-sncf","20":"tag-societe","21":"tag-toulouse"},"share_on_mastodon":{"url":"https:\/\/pubeurope.com\/@fr\/114541890454566902","error":""},"_links":{"self":[{"href":"https:\/\/www.europesays.com\/fr\/wp-json\/wp\/v2\/posts\/115096","targetHints":{"allow":["GET"]}}],"collection":[{"href":"https:\/\/www.europesays.com\/fr\/wp-json\/wp\/v2\/posts"}],"about":[{"href":"https:\/\/www.europesays.com\/fr\/wp-json\/wp\/v2\/types\/post"}],"author":[{"embeddable":true,"href":"https:\/\/www.europesays.com\/fr\/wp-json\/wp\/v2\/users\/2"}],"replies":[{"embeddable":true,"href":"https:\/\/www.europesays.com\/fr\/wp-json\/wp\/v2\/comments?post=115096"}],"version-history":[{"count":0,"href":"https:\/\/www.europesays.com\/fr\/wp-json\/wp\/v2\/posts\/115096\/revisions"}],"wp:featuredmedia":[{"embeddable":true,"href":"https:\/\/www.europesays.com\/fr\/wp-json\/wp\/v2\/media\/32979"}],"wp:attachment":[{"href":"https:\/\/www.europesays.com\/fr\/wp-json\/wp\/v2\/media?parent=115096"}],"wp:term":[{"taxonomy":"category","embeddable":true,"href":"https:\/\/www.europesays.com\/fr\/wp-json\/wp\/v2\/categories?post=115096"},{"taxonomy":"post_tag","embeddable":true,"href":"https:\/\/www.europesays.com\/fr\/wp-json\/wp\/v2\/tags?post=115096"}],"curies":[{"name":"wp","href":"https:\/\/api.w.org\/{rel}","templated":true}]}}