{"id":1151,"date":"2025-04-02T22:27:10","date_gmt":"2025-04-02T22:27:10","guid":{"rendered":"https:\/\/www.europesays.com\/fr\/1151\/"},"modified":"2025-04-02T22:27:10","modified_gmt":"2025-04-02T22:27:10","slug":"larrete-s21-bouleverse-la-donne-pour-les-particuliers-le-stockage-devient-presque-obligatoire","status":"publish","type":"post","link":"https:\/\/www.europesays.com\/fr\/1151\/","title":{"rendered":"l&rsquo;arr\u00eat\u00e9 S21 bouleverse la donne pour les particuliers, le stockage devient (presque) obligatoire"},"content":{"rendered":"<p>Les propri\u00e9taires de panneaux solaires vont devoir changer de strat\u00e9gie. Avec <a href=\"https:\/\/www.journaldugeek.com\/2025\/03\/19\/mauvaise-nouvelle-pour-les-utilisateurs-de-panneaux-solaire-il-va-falloir-stocker-et-ne-plus-vendre-son-surplus\/\" target=\"_blank\" rel=\"false noopener\">la derni\u00e8re mise \u00e0 jour<\/a> de l\u2019arr\u00eat\u00e9 S21 du 25 mars 2025, le gouvernement a fortement r\u00e9duit les aides financi\u00e8res et les tarifs d\u2019achat de l\u2019\u00e9lectricit\u00e9 solaire. Pour les particuliers, fini le temps o\u00f9 revendre son surplus d\u2019\u00e9nergie \u00e9tait synonyme de belle affaire. D\u00e9sormais, l\u2019autoconsommation devient incontournable, et avec elle, <strong>le stockage d\u2019\u00e9nergie se pr\u00e9sente comme la nouvelle carte \u00e0 jouer<\/strong>.<\/p>\n<p>Des aides en chute libre, une facture en hausse<\/p>\n<p>En quelques mois, les conditions \u00e9conomiques ont drastiquement \u00e9volu\u00e9. Concr\u00e8tement, la prime \u00e0 l\u2019autoconsommation vient d\u2019\u00eatre coup\u00e9e de moiti\u00e9 : elle passe de 200\u00a0\u20ac \u00e0 seulement 100\u00a0\u20ac par kilowatt-cr\u00eate. Plus douloureux encore, le tarif de rachat du surplus d\u2019\u00e9lectricit\u00e9 est d\u00e9sormais trois fois plus bas, chutant brutalement de 12,7 centimes \u00e0 seulement 4 centimes par kWh.<\/p>\n<p>Pendant ce temps, la facture moyenne d\u2019\u00e9lectricit\u00e9 continue de grimper en fl\u00e8che\u00a0: en 10 ans, elle a explos\u00e9 de 80\u00a0%, tandis que le prix des abonnements EDF bondissait de 116\u00a0%. Et d\u2019apr\u00e8s l\u2019UFC-Que Choisir, les Fran\u00e7ais peuvent s\u2019attendre \u00e0 une nouvelle hausse de 20\u00a0% d\u00e8s janvier 2026, avec <a href=\"https:\/\/www.journaldugeek.com\/2025\/02\/27\/pourquoi-votre-facture-delectricite-pourrait-a-nouveau-augmenter-de-19-dans-les-prochains-mois\/\" target=\"_blank\" rel=\"false noopener\">la fin de l\u2019acc\u00e8s r\u00e9gul\u00e9 au nucl\u00e9aire historique<\/a> (ARENH).<\/p>\n<p>Le stockage solaire devient presque in\u00e9vitable<\/p>\n<p>Face \u00e0 cette nouvelle donne, une majorit\u00e9 de Fran\u00e7ais change de cap. Selon une r\u00e9cente enqu\u00eate OpinionWay, 68\u00a0% d\u2019entre eux pr\u00e9f\u00e8rent d\u00e9sormais stocker leur \u00e9lectricit\u00e9 solaire plut\u00f4t que la brader \u00e0 EDF \u00e0 un tarif tr\u00e8s bas. Ils choisissent ainsi de maximiser leur propre consommation pour mieux contr\u00f4ler leur facture.<\/p>\n<p>Un exemple concret\u00a0: une famille de quatre personnes \u00e0 Nantes qui \u00e9quipe son installation solaire <a href=\"https:\/\/shop.journaldugeek.com\/go\/27451\/\" target=\"_blank\" rel=\"nofollow noopener\">d\u2019une batterie Beem<\/a> peut atteindre une autonomie \u00e9nerg\u00e9tique de 70\u00a0%. Sur 20 ans, l\u2019\u00e9conomie r\u00e9alis\u00e9e serait proche de 40\u00a0000 euros, contre \u00e0 peine la moiti\u00e9 pour une installation sans stockage.<\/p>\n<p>Mais d\u2019autres solutions moins on\u00e9reuses existent comme chez Ecoflow avec sa solution pour \u201cbalcon\u201d <a href=\"https:\/\/www.journaldugeek.com\/2024\/03\/22\/ecoflow-devoile-une-batterie-etanche-pour-sa-powerstream\/\" target=\"_blank\" rel=\"false noopener\">Powerstream<\/a> sur lequel on peut brancher une ou plusieurs batteries, ainsi que chez Zendure avec ses derni\u00e8re nouveaut\u00e9s, <a href=\"https:\/\/www.journaldugeek.com\/2025\/03\/26\/zendure-devoile-le-solarflow-2400-ac-et-le-solarflow-800-pro-pour-stocker-intelligemment-votre-electricite\/\" target=\"_blank\" rel=\"false noopener\">SolarFlow 2400 AC et le SolarFlow 800 Pro<\/a> pour stocker intelligemment votre \u00e9lectricit\u00e9.<\/p>\n<p>La startup nantaise Beem confirme d\u2019ailleurs cette tendance. En moins de six mois apr\u00e8s son lancement, sa solution de stockage \u00ab\u00a0Beem Battery\u00a0\u00bb capte d\u00e9j\u00e0 10\u00a0% du march\u00e9 fran\u00e7ais des batteries r\u00e9sidentielles. Son ambition\u00a0? D\u00e9passer rapidement les 20\u00a0%, port\u00e9e par une demande croissante des particuliers d\u00e9sireux de s\u2019\u00e9manciper des hausses de tarifs et des politiques incertaines du gouvernement.<\/p>\n<p>Car au-del\u00e0 des \u00e9conomies, c\u2019est aussi l\u2019autonomie face aux coupures, gr\u00e2ce \u00e0 un stockage s\u00e9curis\u00e9 et pilot\u00e9 automatiquement via une appli mobile, qui s\u00e9duit aujourd\u2019hui les consommateurs.<\/p>\n<p>Avec l\u2019arr\u00eat\u00e9 S21, le gouvernement envoie clairement le signal\u00a0: l\u2019\u00e9poque des aides g\u00e9n\u00e9reuses est r\u00e9volue. Les Fran\u00e7ais doivent d\u00e9sormais penser diff\u00e9remment leur rapport \u00e0 l\u2019\u00e9nergie. Le stockage, hier encore r\u00e9serv\u00e9 aux technophiles ou aux \u00e9cologistes convaincus, devient soudainement une \u00e9vidence pour le grand public.\u00a0Une chose est s\u00fbre\u00a0: cette nouvelle donne \u00e9nerg\u00e9tique pourrait bien marquer le d\u00e9but d\u2019une petite r\u00e9volution dans nos maisons.<\/p>\n<blockquote>\n<p class=\"text-base text-neutral-700 dark:text-neutral-300\">\ud83d\udfe3 Pour ne manquer aucune news sur le Journal du Geek, abonnez-vous sur <a href=\"https:\/\/news.google.com\/publications\/CAAqBwgKMNr_hAswwYyCAw?hl=fr&amp;gl=FR&amp;ceid=FR%3Afr\" target=\"_blank\" rel=\"noopener\">Google Actualit\u00e9s<\/a>. Et si vous nous adorez, on a <a href=\"https:\/\/www.journaldugeek.com\/newsletter\/\" target=\"_blank\" rel=\"noopener\">une newsletter tous les matins<\/a>.<\/p>\n<\/blockquote>\n","protected":false},"excerpt":{"rendered":"Les propri\u00e9taires de panneaux solaires vont devoir changer de strat\u00e9gie. Avec la derni\u00e8re mise \u00e0 jour de l\u2019arr\u00eat\u00e9&hellip;\n","protected":false},"author":2,"featured_media":1152,"comment_status":"","ping_status":"","sticky":false,"template":"","format":"standard","meta":{"footnotes":""},"categories":[6],"tags":[891,892,35,33,34,893,27,894,895],"class_list":{"0":"post-1151","1":"post","2":"type-post","3":"status-publish","4":"format-standard","5":"has-post-thumbnail","7":"category-economie","8":"tag-batterie","9":"tag-beem","10":"tag-business","11":"tag-economie","12":"tag-economy","13":"tag-energie","14":"tag-france","15":"tag-panneau-solaire","16":"tag-solaire"},"share_on_mastodon":{"url":"https:\/\/pubeurope.com\/@fr\/114270728982561774","error":""},"_links":{"self":[{"href":"https:\/\/www.europesays.com\/fr\/wp-json\/wp\/v2\/posts\/1151","targetHints":{"allow":["GET"]}}],"collection":[{"href":"https:\/\/www.europesays.com\/fr\/wp-json\/wp\/v2\/posts"}],"about":[{"href":"https:\/\/www.europesays.com\/fr\/wp-json\/wp\/v2\/types\/post"}],"author":[{"embeddable":true,"href":"https:\/\/www.europesays.com\/fr\/wp-json\/wp\/v2\/users\/2"}],"replies":[{"embeddable":true,"href":"https:\/\/www.europesays.com\/fr\/wp-json\/wp\/v2\/comments?post=1151"}],"version-history":[{"count":0,"href":"https:\/\/www.europesays.com\/fr\/wp-json\/wp\/v2\/posts\/1151\/revisions"}],"wp:featuredmedia":[{"embeddable":true,"href":"https:\/\/www.europesays.com\/fr\/wp-json\/wp\/v2\/media\/1152"}],"wp:attachment":[{"href":"https:\/\/www.europesays.com\/fr\/wp-json\/wp\/v2\/media?parent=1151"}],"wp:term":[{"taxonomy":"category","embeddable":true,"href":"https:\/\/www.europesays.com\/fr\/wp-json\/wp\/v2\/categories?post=1151"},{"taxonomy":"post_tag","embeddable":true,"href":"https:\/\/www.europesays.com\/fr\/wp-json\/wp\/v2\/tags?post=1151"}],"curies":[{"name":"wp","href":"https:\/\/api.w.org\/{rel}","templated":true}]}}