{"id":115105,"date":"2025-05-20T19:52:09","date_gmt":"2025-05-20T19:52:09","guid":{"rendered":"https:\/\/www.europesays.com\/fr\/115105\/"},"modified":"2025-05-20T19:52:09","modified_gmt":"2025-05-20T19:52:09","slug":"rhone-alpes-le-registre-de-malformations-des-bebes-a-nouveau-dans-la-tourmente","status":"publish","type":"post","link":"https:\/\/www.europesays.com\/fr\/115105\/","title":{"rendered":"Rh\u00f4ne-Alpes. Le Registre de malformations des b\u00e9b\u00e9s \u00e0 nouveau dans la tourmente"},"content":{"rendered":"<p>Depuis ao\u00fbt\u00a02024, l\u2019\u00e9quipe du Remera, Registre des malformations du Rh\u00f4ne, de l\u2019Ain, de Loire et de l\u2019Is\u00e8re, n\u2019a plus de poste d\u2019informaticien. C\u2019\u00e9tait le seul autoris\u00e9 \u00e0 entrer dans la base de donn\u00e9es du registre, selon la r\u00e9glementation RGPD. Cons\u00e9quence\u00a0: plus aucune donn\u00e9e ne peut \u00eatre extraite pour des recherches scientifiques et plus aucune donn\u00e9e nouvelle ne peut y entrer. Depuis neuf mois, la charg\u00e9e de collecte dans les&#8230;<\/p>\n","protected":false},"excerpt":{"rendered":"Depuis ao\u00fbt\u00a02024, l\u2019\u00e9quipe du Remera, Registre des malformations du Rh\u00f4ne, de l\u2019Ain, de Loire et de l\u2019Is\u00e8re, n\u2019a&hellip;\n","protected":false},"author":2,"featured_media":115106,"comment_status":"","ping_status":"","sticky":false,"template":"","format":"standard","meta":{"footnotes":""},"categories":[1889],"tags":[1111,11,2738,4646,2430,2730,1777,674,1011,27,4638,108,3367,2428,12,25,2429,71,5508],"class_list":{"0":"post-115105","1":"post","2":"type-post","3":"status-publish","4":"format-standard","5":"has-post-thumbnail","7":"category-lyon","8":"tag-actu","9":"tag-actualites","10":"tag-ain","11":"tag-ardeche","12":"tag-auvergne-rhone-alpes","13":"tag-drome","14":"tag-eu","15":"tag-europe","16":"tag-fr","17":"tag-france","18":"tag-haute-savoie","19":"tag-isere","20":"tag-loire","21":"tag-lyon","22":"tag-news","23":"tag-republique-francaise","24":"tag-rhone","25":"tag-sante","26":"tag-savoie"},"share_on_mastodon":{"url":"https:\/\/pubeurope.com\/@fr\/114541910065017224","error":""},"_links":{"self":[{"href":"https:\/\/www.europesays.com\/fr\/wp-json\/wp\/v2\/posts\/115105","targetHints":{"allow":["GET"]}}],"collection":[{"href":"https:\/\/www.europesays.com\/fr\/wp-json\/wp\/v2\/posts"}],"about":[{"href":"https:\/\/www.europesays.com\/fr\/wp-json\/wp\/v2\/types\/post"}],"author":[{"embeddable":true,"href":"https:\/\/www.europesays.com\/fr\/wp-json\/wp\/v2\/users\/2"}],"replies":[{"embeddable":true,"href":"https:\/\/www.europesays.com\/fr\/wp-json\/wp\/v2\/comments?post=115105"}],"version-history":[{"count":0,"href":"https:\/\/www.europesays.com\/fr\/wp-json\/wp\/v2\/posts\/115105\/revisions"}],"wp:featuredmedia":[{"embeddable":true,"href":"https:\/\/www.europesays.com\/fr\/wp-json\/wp\/v2\/media\/115106"}],"wp:attachment":[{"href":"https:\/\/www.europesays.com\/fr\/wp-json\/wp\/v2\/media?parent=115105"}],"wp:term":[{"taxonomy":"category","embeddable":true,"href":"https:\/\/www.europesays.com\/fr\/wp-json\/wp\/v2\/categories?post=115105"},{"taxonomy":"post_tag","embeddable":true,"href":"https:\/\/www.europesays.com\/fr\/wp-json\/wp\/v2\/tags?post=115105"}],"curies":[{"name":"wp","href":"https:\/\/api.w.org\/{rel}","templated":true}]}}