{"id":115107,"date":"2025-05-20T19:53:15","date_gmt":"2025-05-20T19:53:15","guid":{"rendered":"https:\/\/www.europesays.com\/fr\/115107\/"},"modified":"2025-05-20T19:53:15","modified_gmt":"2025-05-20T19:53:15","slug":"la-jeune-femme-accidentee-est-decedee","status":"publish","type":"post","link":"https:\/\/www.europesays.com\/fr\/115107\/","title":{"rendered":"la jeune femme accident\u00e9e est d\u00e9c\u00e9d\u00e9e"},"content":{"rendered":"<p>L\u2019accident routier, qui s\u2019est d\u00e9roul\u00e9 lundi 19 mai 2025 vers 7 h 30 sur la route d\u00e9partementale 29 \u00e0 Colombier-Saugnieu en direction de Lyon, a finalement co\u00fbt\u00e9 la vie \u00e0 une jeune femme de 21 ans, r\u00e9sidant sur la commune de Charvieu-Chavagneux (Nord Is\u00e8re).<\/p>\n<p>\u00ab\u00a0Pas la premi\u00e8re fois qu\u2019il y a un accident sur cette art\u00e8re\u00a0\u00bb<\/p>\n<p>Vu la gravit\u00e9 du choc frontal contre le bus TCL, <a href=\"https:\/\/www.leprogres.fr\/faits-divers-justice\/2025\/05\/19\/une-jeune-femme-entre-la-vie-et-la-mort-apres-un-accident-a-colombier-saugnieu\" target=\"_blank\" rel=\"noopener\">la conductrice de la voiture \u00e9tait entre la vie et la mort<\/a>. Elle est malheureusement d\u00e9c\u00e9d\u00e9e dans la soir\u00e9e \u00e0 l\u2019h\u00f4pital \u00c9douard-Herriot (Lyon 3e). L\u2019origine de l\u2019accident n\u2019est pas encore connue : d\u00e9passement dangereux ? Perte de contr\u00f4le ? Malaise ?<\/p>\n<p>L\u2019enqu\u00eate confi\u00e9e \u00e0 la D\u00e9l\u00e9gation de la s\u00e9curit\u00e9 routi\u00e8re du Groupement de gendarmerie du Rh\u00f4ne le d\u00e9terminera avec exactitude. \u00ab Ce n\u2019est pas la premi\u00e8re fois qu\u2019il y a un accident sur cette art\u00e8re (<a href=\"https:\/\/www.leprogres.fr\/rhone-69\/2018\/09\/24\/colombier-saugnieu-la-deviation-rd-29-inauguree\" target=\"_blank\" rel=\"noopener\">d\u00e9viation de la commune inaugur\u00e9e en 2018<\/a>, ndlr). La circulation est dense, notamment le matin, et les d\u00e9passements dangereux sont nombreux. Mais moins qu\u2019il y a une vingtaine d\u2019ann\u00e9es \u00bb, selon le maire colombard, Pierre Marmonier (SE).<\/p>\n<p>  Des bless\u00e9s l\u00e9gers dans le bus<\/p>\n<p>Rapidement sur place, les nombreux sapeurs-pompiers venus de plusieurs casernes du Rh\u00f4ne, de l\u2019Is\u00e8re et de l\u2019a\u00e9roport, ont d\u00fb proc\u00e9der \u00e0 une longue d\u00e9sincarc\u00e9ration, suivie d\u2019une prise en charge m\u00e9dicale et d\u2019un transfert par h\u00e9licopt\u00e8re.\u00a0Les gendarmes et policiers municipaux ont coup\u00e9 la circulation durant deux heures le temps de l\u2019intervention des secours et mis en place une d\u00e9viation.<\/p>\n<p>Dans le bus, trois des quinze passagers pr\u00e9sents ont \u00e9t\u00e9 l\u00e9g\u00e8rement bless\u00e9s et le chauffeur fortement choqu\u00e9. Eux aussi ont \u00e9t\u00e9 transport\u00e9s pour des examens m\u00e9dicaux. \u00c0 l\u2019arri\u00e8re, se trouvait Lucas, 13 ans, qui se rendait \u00e0 son coll\u00e8ge sur Saint-Priest. \u00ab\u00a0Je n\u2019ai rien vu venir, j\u2019ai juste senti le gros coup de frein du chauffeur. Tout le monde a paniqu\u00e9 puis il y a le choc\u2026 Et beaucoup de cris\u00a0!\u00a0\u00bb raconte-t-il. Sa t\u00eate ayant heurt\u00e9 le si\u00e8ge devant lui, il a \u00e9t\u00e9 auscult\u00e9 par les secours qui l\u2019ont renvoy\u00e9 chez lui sous surveillance. \u00ab\u00a0Mais j\u2019ai malheureusement vu la conductrice dans sa voiture et ces images me hantent.\u00a0\u00bb<\/p>\n","protected":false},"excerpt":{"rendered":"L\u2019accident routier, qui s\u2019est d\u00e9roul\u00e9 lundi 19 mai 2025 vers 7 h 30 sur la route d\u00e9partementale 29&hellip;\n","protected":false},"author":2,"featured_media":115108,"comment_status":"","ping_status":"","sticky":false,"template":"","format":"standard","meta":{"footnotes":""},"categories":[1889],"tags":[119,1111,11,2430,23533,3152,1777,674,274,107,1011,27,2428,12,25,2429,23534],"class_list":{"0":"post-115107","1":"post","2":"type-post","3":"status-publish","4":"format-standard","5":"has-post-thumbnail","7":"category-lyon","8":"tag-accident","9":"tag-actu","10":"tag-actualites","11":"tag-auvergne-rhone-alpes","12":"tag-colombier-saugnieu","13":"tag-edition-est-lyonnais","14":"tag-eu","15":"tag-europe","16":"tag-faits-divers-justice","17":"tag-fil-info","18":"tag-fr","19":"tag-france","20":"tag-lyon","21":"tag-news","22":"tag-republique-francaise","23":"tag-rhone","24":"tag-saint-laurent-de-mure-bassin"},"share_on_mastodon":{"url":"https:\/\/pubeurope.com\/@fr\/114541914003524102","error":""},"_links":{"self":[{"href":"https:\/\/www.europesays.com\/fr\/wp-json\/wp\/v2\/posts\/115107","targetHints":{"allow":["GET"]}}],"collection":[{"href":"https:\/\/www.europesays.com\/fr\/wp-json\/wp\/v2\/posts"}],"about":[{"href":"https:\/\/www.europesays.com\/fr\/wp-json\/wp\/v2\/types\/post"}],"author":[{"embeddable":true,"href":"https:\/\/www.europesays.com\/fr\/wp-json\/wp\/v2\/users\/2"}],"replies":[{"embeddable":true,"href":"https:\/\/www.europesays.com\/fr\/wp-json\/wp\/v2\/comments?post=115107"}],"version-history":[{"count":0,"href":"https:\/\/www.europesays.com\/fr\/wp-json\/wp\/v2\/posts\/115107\/revisions"}],"wp:featuredmedia":[{"embeddable":true,"href":"https:\/\/www.europesays.com\/fr\/wp-json\/wp\/v2\/media\/115108"}],"wp:attachment":[{"href":"https:\/\/www.europesays.com\/fr\/wp-json\/wp\/v2\/media?parent=115107"}],"wp:term":[{"taxonomy":"category","embeddable":true,"href":"https:\/\/www.europesays.com\/fr\/wp-json\/wp\/v2\/categories?post=115107"},{"taxonomy":"post_tag","embeddable":true,"href":"https:\/\/www.europesays.com\/fr\/wp-json\/wp\/v2\/tags?post=115107"}],"curies":[{"name":"wp","href":"https:\/\/api.w.org\/{rel}","templated":true}]}}