{"id":115112,"date":"2025-05-20T19:56:08","date_gmt":"2025-05-20T19:56:08","guid":{"rendered":"https:\/\/www.europesays.com\/fr\/115112\/"},"modified":"2025-05-20T19:56:08","modified_gmt":"2025-05-20T19:56:08","slug":"la-finale-psg-inter-milan-diffusee-au-parc-des-princes-pour-un-moment-memorable","status":"publish","type":"post","link":"https:\/\/www.europesays.com\/fr\/115112\/","title":{"rendered":"la finale PSG-Inter Milan diffus\u00e9e au Parc des Princes pour un \u00ab\u00a0moment m\u00e9morable\u00a0\u00bb"},"content":{"rendered":"<p>            Par<br \/>\n        <strong><br \/>\n            <a href=\"https:\/\/actu.fr\/auteur\/redaction-paris\" title=\"Consulter tous les articles de R\u00e9daction Paris\" rel=\"nofollow noopener\" target=\"_blank\">R\u00e9daction Paris<\/a><br \/>\n        <\/strong><\/p>\n<p>        Publi\u00e9 le<\/p>\n<p>            20 mai 2025 \u00e0 20h46        <\/p>\n<p>La finale de Ligue des champions entre le <a href=\"https:\/\/actu.fr\/tag\/paris-saint-germain-psg\" rel=\"nofollow noopener\" target=\"_blank\">Paris SG<\/a> et l\u2019Inter Milan, jou\u00e9e \u00e0 Munich le 31 mai 2025 (21h00), <a href=\"https:\/\/actu.fr\/ile-de-france\/paris_75056\/finale-de-la-ligue-des-champions-le-match-du-psg-retransmis-sur-ecran-geant_62611411.html\" rel=\"nofollow noopener\" target=\"_blank\">sera diffus\u00e9e sur un \u00e9cran g\u00e9ant<\/a> au Parc des Princes, a annonc\u00e9 le club mardi. \u00ab\u00a0Si toute la famille Rouge et Bleu ne pourra pas \u00eatre \u00e0 Munich, elle doit pouvoir <strong>vivre ce moment m\u00e9morable de mani\u00e8re intense et hors norme<\/strong>\u00ab\u00a0, \u00e9crit le club dans un communiqu\u00e9.<\/p>\n<p>\u00ab\u00a0Une diffusion exceptionnelle\u00a0\u00bb<\/p>\n<p class=\" wall-content\">Les 18 000 places destin\u00e9es aux supporters du PSG dans l\u2019Allianz Arena de Munich ont quant \u00e0 elles \u00e9t\u00e9 vendues jusqu\u2019\u00e0 ce mardi. \u00ab\u00a0C\u2019est pourquoi le Paris Saint-Germain organisera une diffusion exceptionnelle de la rencontre au Parc des Princes, <strong>dans une ambiance \u00e0 la hauteur de cette grande finale<\/strong>\u00ab\u00a0, indique le PSG.<\/p>\n<p class=\" wall-content\">\u00ab\u00a0Au programme : diffusion de la finale sur des \u00e9crans g\u00e9ants, offres de restauration accessibles \u00e0 tous et nombreuses animations dans l\u2019enceinte du stade\u00a0\u00bb, pr\u00e9cise le club de la capitale. La finale sera diffus\u00e9e sur M6, outre Canal+ qui d\u00e9tient les droits TV de l\u2019ensemble de la Ligue des champions.<\/p>\n<p class=\" wall-content\"><strong>Avec AFP<\/strong><\/p>\n<p class=\" wall-content\">Suivez toute l\u2019actualit\u00e9 de vos villes et m\u00e9dias favoris en vous inscrivant \u00e0 <a href=\"https:\/\/moncompte.actu.fr\" title=\"D\u00e9couvez Mon Actu\" rel=\"nofollow noopener\" data-trk=\"{&quot;cta&quot;:{&quot;action&quot;:&quot;https:\\\/\\\/moncompte.actu.fr&quot;,&quot;category&quot;:&quot;mon compte&quot;,&quot;from&quot;:&quot;article footer&quot;,&quot;name&quot;:&quot;Mon actu&quot;,&quot;type&quot;:&quot;cta&quot;}}\" target=\"_blank\">Mon Actu<\/a>.<\/p>\n<ul class=\"ac-article-tag wall-content\">\n<li><a href=\"https:\/\/actu.fr\/tag\/ligue-des-champions\" data-trk=\"{&quot;cta&quot;:{&quot;action&quot;:&quot;Ligue des Champions&quot;,&quot;category&quot;:&quot;tag&quot;,&quot;from&quot;:&quot;article footer&quot;,&quot;name&quot;:&quot;Ligue des Champions&quot;,&quot;type&quot;:&quot;cta&quot;}}\" rel=\"nofollow noopener\" target=\"_blank\">#Ligue des Champions<\/a><\/li>\n<li><a href=\"https:\/\/actu.fr\/tag\/paris-saint-germain-psg\" data-trk=\"{&quot;cta&quot;:{&quot;action&quot;:&quot;Paris Saint Germain (PSG)&quot;,&quot;category&quot;:&quot;tag&quot;,&quot;from&quot;:&quot;article footer&quot;,&quot;name&quot;:&quot;Paris Saint Germain (PSG)&quot;,&quot;type&quot;:&quot;cta&quot;}}\" rel=\"nofollow noopener\" target=\"_blank\">#Paris Saint Germain (PSG)<\/a><\/li>\n<\/ul>\n","protected":false},"excerpt":{"rendered":"Par R\u00e9daction Paris Publi\u00e9 le 20 mai 2025 \u00e0 20h46 La finale de Ligue des champions entre le&hellip;\n","protected":false},"author":2,"featured_media":115113,"comment_status":"","ping_status":"","sticky":false,"template":"","format":"standard","meta":{"footnotes":""},"categories":[1888],"tags":[1111,1928,11,1927,1777,674,1011,27,447,12,1926,626,1925,2332,25,60],"class_list":{"0":"post-115112","1":"post","2":"type-post","3":"status-publish","4":"format-standard","5":"has-post-thumbnail","7":"category-paris","8":"tag-actu","9":"tag-actu-paris","10":"tag-actualites","11":"tag-actualites-paris","12":"tag-eu","13":"tag-europe","14":"tag-fr","15":"tag-france","16":"tag-ligue-des-champions","17":"tag-news","18":"tag-news-paris","19":"tag-paris","20":"tag-paris-news","21":"tag-paris-saint-germain-psg","22":"tag-republique-francaise","23":"tag-sports"},"share_on_mastodon":{"url":"https:\/\/pubeurope.com\/@fr\/114541925833226965","error":""},"_links":{"self":[{"href":"https:\/\/www.europesays.com\/fr\/wp-json\/wp\/v2\/posts\/115112","targetHints":{"allow":["GET"]}}],"collection":[{"href":"https:\/\/www.europesays.com\/fr\/wp-json\/wp\/v2\/posts"}],"about":[{"href":"https:\/\/www.europesays.com\/fr\/wp-json\/wp\/v2\/types\/post"}],"author":[{"embeddable":true,"href":"https:\/\/www.europesays.com\/fr\/wp-json\/wp\/v2\/users\/2"}],"replies":[{"embeddable":true,"href":"https:\/\/www.europesays.com\/fr\/wp-json\/wp\/v2\/comments?post=115112"}],"version-history":[{"count":0,"href":"https:\/\/www.europesays.com\/fr\/wp-json\/wp\/v2\/posts\/115112\/revisions"}],"wp:featuredmedia":[{"embeddable":true,"href":"https:\/\/www.europesays.com\/fr\/wp-json\/wp\/v2\/media\/115113"}],"wp:attachment":[{"href":"https:\/\/www.europesays.com\/fr\/wp-json\/wp\/v2\/media?parent=115112"}],"wp:term":[{"taxonomy":"category","embeddable":true,"href":"https:\/\/www.europesays.com\/fr\/wp-json\/wp\/v2\/categories?post=115112"},{"taxonomy":"post_tag","embeddable":true,"href":"https:\/\/www.europesays.com\/fr\/wp-json\/wp\/v2\/tags?post=115112"}],"curies":[{"name":"wp","href":"https:\/\/api.w.org\/{rel}","templated":true}]}}