{"id":115118,"date":"2025-05-20T19:59:13","date_gmt":"2025-05-20T19:59:13","guid":{"rendered":"https:\/\/www.europesays.com\/fr\/115118\/"},"modified":"2025-05-20T19:59:13","modified_gmt":"2025-05-20T19:59:13","slug":"un-policier-de-la-brav-m-condamne-pour-violence-lors-dune-manifestation-en-2021","status":"publish","type":"post","link":"https:\/\/www.europesays.com\/fr\/115118\/","title":{"rendered":"un policier de la Brav-M condamn\u00e9 pour violence lors d&rsquo;une manifestation en 2021"},"content":{"rendered":"<p>Le fonctionnaire a \u00e9t\u00e9 condamn\u00e9 \u00e0 un stage de citoyennet\u00e9 pour avoir pouss\u00e9 \u00e0 terre un journaliste retrait\u00e9 pr\u00e9sent en tant qu\u2019observateur pour la Ligue des droits de l\u2019homme.<\/p>\n<p class=\"fig-paragraph\">Un policier de la Brav-M a \u00e9t\u00e9 jug\u00e9 coupable mardi par le tribunal correctionnel de Paris de violence sur un observateur de la Ligue des droits de l&rsquo;homme lors d&rsquo;une manifestation le 1er mai 2021, au tribunal correctionnel de Paris. Le policier de 30 ans a \u00e9t\u00e9 condamn\u00e9 \u00e0 un stage de citoyennet\u00e9 pour avoir violemment pouss\u00e9 \u00e0 terre Daniel.B, journaliste retrait\u00e9 qui s&rsquo;\u00e9tait rendu avec sa cam\u00e9ra, en tant qu&rsquo;observateur, \u00e0 une manifestation en soutien aux droits des travailleurs.<\/p>\n<p class=\"fig-paragraph\">Le policier de la\u00a0<a href=\"https:\/\/www.lefigaro.fr\/actualite-france\/qu-est-ce-que-la-brav-m-cette-unite-de-police-mobilisee-pour-le-g7-20190826\" data-fig-type=\"Article\" data-gtm-custom-categorie=\"navigation\" data-gtm-custom-action=\"crossclick\" data-gtm-custom-label=\"Contextuel\" data-gtm-event=\"customEventSPE\" data-fig-domain=\"LEFIGARO\" target=\"_blank\" rel=\"noopener\">brigade de r\u00e9pression de l&rsquo;action violente<\/a>\u00a0motoris\u00e9e (Brav-M) a pouss\u00e9 et fait tomber l&rsquo;ancien journaliste au milieu d&rsquo;une foule de manifestants. Il a soutenu qu&rsquo;il cherchait seulement \u00e0 l&rsquo;\u00ab\u00e9carter\u00bb, sans aucune intention \u00abde le faire chuter, et encore moins de le blesser\u00bb, car il se trouvait sur son chemin. Le gardien de la paix avait pour objectif d&rsquo;interpeller une personne capuch\u00e9e, \u00abqui a jet\u00e9 un projectile\u00bb en direction de la police\u00a0: \u00abje fonce vers la personne qui a jet\u00e9 le projectile, je veux \u00e9carter l&rsquo;obstacle, je le pousse, je vois que je n&rsquo;arriverai pas \u00e0 l&rsquo;interpeller, donc je me replie\u00bb, d\u00e9crit le policier apr\u00e8s plusieurs visionnages de la vid\u00e9o film\u00e9e par un manifestant.<\/p>\n<p>Une violence jug\u00e9e \u00abvolontaire\u00bb<\/p>\n<p class=\"fig-paragraph\">Cette vid\u00e9o le montre se dirigeant vers la foule et percutant l&rsquo;observateur de ses deux mains, le faisant chuter au sol, au milieu des manifestants. Les juges ont consid\u00e9r\u00e9 que l&rsquo;action du policier \u00e9tait une violence volontaire. Pour Daniel.B, qui participe aux d\u00e9fil\u00e9s du 1er mai \u00abdepuis 6 ou 7 ans\u00bb, il a clairement \u00e9t\u00e9 vis\u00e9 parce qu&rsquo;il \u00e9tait pr\u00e9sent \u00aben tant qu&rsquo;observateur de la LDH, parce que j&rsquo;\u00e9tais en train de filmer l&rsquo;action des forces de police\u00bb. \u00abIl faut aussi prot\u00e9ger les manifestants, mais pas les agresser\u00bb, a-t-il fait valoir.<\/p>\n<p class=\"fig-paragraph\">Le policier a lui assur\u00e9 ne pas avoir per\u00e7u qu&rsquo;il s&rsquo;agissait d&rsquo;un observateur. \u00abJe ne les identifie pas comme des observateurs, beaucoup sont habill\u00e9s de couleurs diff\u00e9rentes, surtout le 1er mai\u00bb, avec \u00abbeaucoup de revendications diff\u00e9rentes\u00bb. Daniel. B a lui estim\u00e9 au contraire avoir \u00e9t\u00e9 \u00abtr\u00e8s identifiable avec la mention \u201cLigue des droits de l&rsquo;homme\u201d, des casques bleu clair, des chasubles blancs et nous sommes volontairement observables\u00bb.<\/p>\n","protected":false},"excerpt":{"rendered":"Le fonctionnaire a \u00e9t\u00e9 condamn\u00e9 \u00e0 un stage de citoyennet\u00e9 pour avoir pouss\u00e9 \u00e0 terre un journaliste retrait\u00e9&hellip;\n","protected":false},"author":2,"featured_media":115119,"comment_status":"","ping_status":"","sticky":false,"template":"","format":"standard","meta":{"footnotes":""},"categories":[1888],"tags":[1111,47,11,1109,1112,1777,674,118,1108,107,1106,1107,1011,27,1110,1114,14,2088,12,1113,626,10910,316,25],"class_list":{"0":"post-115118","1":"post","2":"type-post","3":"status-publish","4":"format-standard","5":"has-post-thumbnail","7":"category-paris","8":"tag-actu","9":"tag-actualite","10":"tag-actualites","11":"tag-breves","12":"tag-depeches","13":"tag-eu","14":"tag-europe","15":"tag-faits-divers","16":"tag-fil","17":"tag-fil-info","18":"tag-flash","19":"tag-flash-actu","20":"tag-fr","21":"tag-france","22":"tag-informations","23":"tag-infos","24":"tag-international","25":"tag-manifestation","26":"tag-news","27":"tag-nouvelles","28":"tag-paris","29":"tag-policier","30":"tag-politique","31":"tag-republique-francaise"},"share_on_mastodon":{"url":"https:\/\/pubeurope.com\/@fr\/114541937518127888","error":""},"_links":{"self":[{"href":"https:\/\/www.europesays.com\/fr\/wp-json\/wp\/v2\/posts\/115118","targetHints":{"allow":["GET"]}}],"collection":[{"href":"https:\/\/www.europesays.com\/fr\/wp-json\/wp\/v2\/posts"}],"about":[{"href":"https:\/\/www.europesays.com\/fr\/wp-json\/wp\/v2\/types\/post"}],"author":[{"embeddable":true,"href":"https:\/\/www.europesays.com\/fr\/wp-json\/wp\/v2\/users\/2"}],"replies":[{"embeddable":true,"href":"https:\/\/www.europesays.com\/fr\/wp-json\/wp\/v2\/comments?post=115118"}],"version-history":[{"count":0,"href":"https:\/\/www.europesays.com\/fr\/wp-json\/wp\/v2\/posts\/115118\/revisions"}],"wp:featuredmedia":[{"embeddable":true,"href":"https:\/\/www.europesays.com\/fr\/wp-json\/wp\/v2\/media\/115119"}],"wp:attachment":[{"href":"https:\/\/www.europesays.com\/fr\/wp-json\/wp\/v2\/media?parent=115118"}],"wp:term":[{"taxonomy":"category","embeddable":true,"href":"https:\/\/www.europesays.com\/fr\/wp-json\/wp\/v2\/categories?post=115118"},{"taxonomy":"post_tag","embeddable":true,"href":"https:\/\/www.europesays.com\/fr\/wp-json\/wp\/v2\/tags?post=115118"}],"curies":[{"name":"wp","href":"https:\/\/api.w.org\/{rel}","templated":true}]}}