{"id":115120,"date":"2025-05-20T20:00:09","date_gmt":"2025-05-20T20:00:09","guid":{"rendered":"https:\/\/www.europesays.com\/fr\/115120\/"},"modified":"2025-05-20T20:00:09","modified_gmt":"2025-05-20T20:00:09","slug":"il-faut-isoler-israel-dit-dominique-de-villepin-la-russie-cherche-a-gagner-du-temps-les-francais-fument-moins-mais","status":"publish","type":"post","link":"https:\/\/www.europesays.com\/fr\/115120\/","title":{"rendered":"\u00abIl faut isoler Isra\u00ebl\u00bb, dit Dominique de Villepin \/ La Russie cherche \u00e0 \u00abgagner du temps\u00bb \/ Les Fran\u00e7ais fument moins, mais&#8230;"},"content":{"rendered":"<p>\n                     Bonjour   \u00e0   toutes   et   \u00e0   tous.   RFI &#8211;  Radio   France   Internationale   en   direct   de   Paris.   Il   est   18   heures.                 <\/p>\n<p>\n                     Le   Journal  en   fran\u00e7ais   facile.                  <\/p>\n<p>\n                     Adrien  Delgrange.                 <\/p>\n<p>\n                     Grands  titres  de   cette   \u00e9dition   dans   l&rsquo;actualit\u00e9   de   ce   mardi   20   mai :                 <\/p>\n<p>\n                     La  situation   \u00e0   Gaza.  Qui   pourra   arr\u00eater   l&rsquo;esprit   guerrier   de   Benyamin   Netanyahu ?  Les   Occidentaux,   comme   le   Canada,   le   Royaume-Uni   et   la   France,  exercent   une   pression   sur   le   Premier   ministre   isra\u00e9lien   pour   qu&rsquo;il   arr\u00eate   le   massacre   que   subissent   les   Gazaouis.                  <\/p>\n<p>\n                     La   Russie   cherche   \u00e0  \u00ab gagner  du   temps \u00bb.  C&rsquo;est   l&rsquo;analyse   du   pr\u00e9sident   ukrainien   apr\u00e8s   le   coup   de   fil   d&rsquo;hier   entre   le   pr\u00e9sident   russe   et   le   pr\u00e9sident   am\u00e9ricain.                  <\/p>\n<p>\n                     Un   tremblement   de   terre,   un   s\u00e9isme,  il   y   a   quelques   instants,  au   large   de   la   Papouasie-Nouvelle-Guin\u00e9e.                 <\/p>\n<p>\n                     Et   puis,  enfin,   en   France,   nous   parlerons   consommation   de   tabac.   Plus   on   est   pauvre   et   plus   on   fume   de   cigarettes.   C&rsquo;est   ce   qui   ressort   d&rsquo;une   \u00e9tude   que   nous   d\u00e9taillera,  \u00e0   la   fin  de   cette   \u00e9dition,  Lou Ecalle.                 <\/p>\n<p>\n                     Voil\u00e0   pour   les   titres.   Soyez   les   bienvenus.                  <\/p>\n<p>\n                     De   nouveau,  il   faut   fuir,   fuir   les   bombardements   isra\u00e9liens.   Isra\u00ebl   continue   de   l\u00e2cher   des   bombes   en   toute   impunit\u00e9   sur   les   civils   gazaouis.   Des   hommes,   des   femmes   et   des   enfants   qui   n&rsquo;ont   rien   \u00e0   voir   avec   la   guerre.   Plus   de   53 000  personnes   ont   \u00e9t\u00e9   tu\u00e9es   par   l&rsquo;arm\u00e9e   isra\u00e9lienne   depuis   le   d\u00e9but   de   la   guerre,   le   7   octobre   2023.   Actuellement,   les   bombardements   visent   principalement   le   nord   et   le   sud   de   l&rsquo;enclave,   comme   en   t\u00e9moigne   cet   homme.   T\u00e9moignage  recueilli  par   notre   reporter   sur   place,  Rami   El Meghari.                 <\/p>\n<p>\n                     \u00ab On  est   des   morts-vivants.  \u00c7a  y   est !  S&rsquo;ils   veulent   nous   tuer.   \u00c7a   y   est !  J&rsquo;ai  le   moral   \u00e0   z\u00e9ro.   On   vit   pas,   on   mange   pas,   y  a   rien.   Je   suis   vraiment   tr\u00e8s   tr\u00e8s   fatigu\u00e9,  \u00e9puis\u00e9.  \u00c0  quoi   \u00e7a   sert,  la   vie ? \u00bb                 <\/p>\n<p>\n                     T\u00e9moignage  recueilli,  comme  je   vous   le   disais,  par   notre   correspondant   sur   place.                 <\/p>\n<p>\n                     Isra\u00ebl  qui   re\u00e7oit   des   pressions   venues   du   monde   occidental.   Cet   apr\u00e8s-midi,  Londres   a   d\u00e9cid\u00e9   de   convoquer   l&rsquo;ambassadrice   isra\u00e9lienne   dans   son   pays.  Le  Royaume-Uni  qui,   par   ailleurs,   annonce   suspendre   ses   \u00ab n\u00e9gociations  pour   un   accord   de   libre-\u00e9change \u00bb  avec   Isra\u00ebl,  en   r\u00e9ponse   \u00e0   l&rsquo;intensification   de   cette   offensive   isra\u00e9lienne.   Hier,   trois   pays \u2013  la   France,   le   Royaume-Uni   et   le   Canada \u2013  ont   sign\u00e9   un   communiqu\u00e9   commun.   Un   texte   qui   menace,  notamment,  de  ne   pas   garder   \u00ab les  bras   crois\u00e9s \u00bb  face   aux   actions   dites   \u00ab scandaleuses \u00bb  men\u00e9es   par   Benyamin   Netanyahu  \u00e0   Gaza.   Alors, un  communiqu\u00e9,   certes,   mais   ce   n&rsquo;est   pas   assez   pour   l&rsquo;ancien   ministre   des   Affaires   \u00e9trang\u00e8res,   le   Fran\u00e7ais   Dominique   de   Villepin.                  <\/p>\n<p>\n                     \u00ab La  lecture   de   ce   communiqu\u00e9   est   terrifiante.  Terrifiante  d&rsquo;impuissance,   terrifiante   d&rsquo;attente.   Que   faut-il  pour   que   les   dirigeants   europ\u00e9ens,   les   dirigeants   occidentaux  passent   aux   travaux   pratiques ?  Les   peuples   du   monde   ne   peuvent   pas   l&rsquo;accepter   et   les   gouvernements   tergiversent.   Ils   sont   l\u00e0,   une   fesse   sur   l&rsquo;autre  sur   leur   chaise.   Ils   signent   des   communiqu\u00e9s   mais   qui   sont   insupportables.   Et   ils   sont   l\u00e0,  avec   des   sabres   de   bois,  alors   que  il   y   a   trois   choses   \u00e0   faire.   La   premi\u00e8re   chose,   c&rsquo;est   de   suspendre   imm\u00e9diatement   l&rsquo;accord   europ\u00e9en   avec   Isra\u00ebl.   L&rsquo;essentiel   du   commerce   d&rsquo;Isra\u00ebl   se   fait   avec   l&rsquo;Europe.   Suspension.   Deuxi\u00e8mement :  imm\u00e9diatement,  embargo   sur   les   armes   de   tous   les   pays   europ\u00e9ens.   Troisi\u00e8mement :  d\u00e9ferrement  de   l&rsquo;ensemble   du   gouvernement   isra\u00e9lien   et   des  principales   autorit\u00e9s   militaires   isra\u00e9liennes   devant   la   Cour   p\u00e9nale   internationale. \u00bb                 <\/p>\n<p>\n                     L&rsquo;ancien  ministre   Dominique   de   Villepin,  chez  nos   confr\u00e8res   de   Radio   France,  ce   matin.   Depuis,  Isra\u00ebl   r\u00e9pond.  Isra\u00ebl   dit   rejeter   les   pressions   ext\u00e9rieures,   toutes  pressions   venues   de   l&rsquo;ext\u00e9rieur   \u00ab ne  d\u00e9tourneront   pas   Isra\u00ebl   de   sa   voie,   qui   est   de   d\u00e9fendre   son   existence   et   sa   s\u00e9curit\u00e9   contre   des   ennemis   qui   cherchent   \u00e0   [le]  d\u00e9truire \u00bb,  indique   un   communiqu\u00e9   des   Affaires   \u00e9trang\u00e8res   en   Isra\u00ebl.                  <\/p>\n<p>\n                     Le   Journal  en   fran\u00e7ais   facile.                 <\/p>\n<p>\n                     Au   lendemain   d&rsquo;un   appel   t\u00e9l\u00e9phonique   entre   Vladimir   Poutine   et   Donald   Trump   au   sujet   de   la   guerre   en   Ukraine,   le   pr\u00e9sident   ukrainien   accuse   la   Russie   de   \u00ab gagner  du   temps \u00bb,  de   jouer   la   montre   en   faisant   tra\u00eener   les   discussions.   Pour   Volodymyr   Zelensky,   cela   permet   \u00e0   Vladimir   Poutine,   je   le   cite,   de   \u00ab poursuivre  son   invasion   de   l&rsquo;Ukraine \u00bb.  Cet  entretien   t\u00e9l\u00e9phonique   de   deux  heures  entre   les   dirigeants   russe  et   am\u00e9ricain  n&rsquo;a   pas   permis,  hier,  d&rsquo;aboutir   \u00e0   l&rsquo;annonce   d&rsquo;un   cessez-le-feu,  pourtant   r\u00e9clam\u00e9   par   Kiev   et   les   Europ\u00e9ens.                  <\/p>\n<p>\n                     Des   Europ\u00e9ens,   d&rsquo;ailleurs,  concern\u00e9s   par   cette   guerre   de   la   Russie   contre   l&rsquo;Ukraine.  Des  pays   comme   l&rsquo;Allemagne   subissent   quelques   cons\u00e9quences,   cons\u00e9quences   appel\u00e9es   op\u00e9rations   hybrides.   Alors, il  y   a   de   l&rsquo;espionnage,   des   cyberattaques,   des   campagnes   de   d\u00e9sinformation   sur   les   r\u00e9seaux   sociaux   pour   influencer   l&rsquo;opinion.   Nous   sommes   en   ligne,  d&rsquo;Allemagne,  avec   notre   correspondant.  Pascal   Thibaut,  bonjour.                 <\/p>\n<p>\n                     Bonjour,  Adrien.                  <\/p>\n<p>\n                     Aujourd&rsquo;hui,   \u00e0   Munich,  s&rsquo;est   ouvert   un   proc\u00e8s   contre   trois   suspects   qui   ont   la   double   nationalit\u00e9,  allemande   et   russe.                  <\/p>\n<p>\n                     Oui,   tout   \u00e0   fait.   Alors, le  principal   accus\u00e9   s&rsquo;appelle   Dieter   S.   Il   est   apparu,  au   d\u00e9but   du   proc\u00e8s,   le   cr\u00e2ne   ras\u00e9,   une   longue   barbe,   une   croix   chr\u00e9tienne   autour   du   cou.   L&rsquo;homme   n&rsquo;a   pas   \u00e9t\u00e9   recrut\u00e9   par   hasard   par   Moscou,  d&rsquo;apr\u00e8s  la   justice   allemande.  Il  a   combattu,  entre   2014   et   2016,  dans   une   milice   s\u00e9paratiste  prorusse,  dans   l&rsquo;est   de   l&rsquo;Ukraine \u2013  une  milice,  donc,   en   faveur   de   Moscou.   Dieter   S.   est  accus\u00e9   d&rsquo;avoir   transmis   des   informations   \u00e0   la   Russie,   d&rsquo;avoir   pr\u00e9par\u00e9   des   actes   de   sabotage   en   Allemagne   contre   les   infrastructures   qui   permettent   de   livrer   de   l&rsquo;aide   \u00e0   l&rsquo;Ukraine.  Des  attentats   \u00e0   l&rsquo;explosif,   des   incendies   contre   des   sites   militaires   ou   industriels   \u00e9taient   envisag\u00e9s,  d&rsquo;apr\u00e8s  la   justice   allemande.  L&rsquo;homme  a   rassembl\u00e9   des   informations,   par   exemple,  sur   une   base   militaire   am\u00e9ricaine   en   Bavi\u00e8re,   o\u00f9   des   soldats   ukrainiens   apprennent   \u00e0   conduire   des   chars   de   combat.   Dieter   S.  et   les   deux   autres   accus\u00e9s   risquent   des   peines   allant   [d&rsquo;un]  an   \u00e0   dix   ans   de   prison.   Les   affaires   d&rsquo;espionnage,   vous   l&rsquo;avez   dit,   de   la   Russie  se   multiplient.   Un   ancien   agent   secret   allemand   est   actuellement   jug\u00e9 ;  il   est   accus\u00e9   d&rsquo;avoir   transmis   des   informations   \u00e0   la   Russie.   La   semaine   derni\u00e8re,   trois   Ukrainiens   ont   \u00e9t\u00e9   arr\u00eat\u00e9s.   Ils  pr\u00e9voyaient  d&rsquo;envoyer   des   paquets   explosifs   dans   leur   pays   et   ils  auraient  \u00e9t\u00e9   recrut\u00e9s  par   les   services   russes.   Moscou   recourt,  d\u00e9sormais,  souvent   \u00e0   des   agents   \u00ab jetables \u00bb \u2013  des   agents   qui   ne   sont   pas   des   espions   professionnels.   En   cas   d&rsquo;arrestation,   la   responsabilit\u00e9   de   la   Russie   est   plus   difficile   \u00e0   prouver.                  <\/p>\n<p>\n                     Merci,  Pascal.   Pascal   Thibaut   en   direct   de   Berlin   dans   votre   Journal  en   fran\u00e7ais  facile.                 <\/p>\n<p>\n                     Nous   sommes,  \u00e0   pr\u00e9sent,  dans   l&rsquo;oc\u00e9an   Pacifique,  o\u00f9   un   tremblement   de   terre   vient   de   se   produire   au   large   de   la   Papouasie-Nouvelle-Guin\u00e9e.   Un   s\u00e9isme   de   magnitude   6,6  d&rsquo;apr\u00e8s   l&rsquo;Institut   g\u00e9ologique   am\u00e9ricain,  qui,   pour   l&rsquo;instant,  n&rsquo;a   pas   caus\u00e9   de   d\u00e9g\u00e2ts.                  <\/p>\n<p>\n                     L&rsquo;actualit\u00e9   en   France,   o\u00f9   les   Fran\u00e7ais   fument   de   moins   en   moins   de   cigarettes.   23 %  de   fumeurs   quotidiens   en   2023 :  c&rsquo;est   le   chiffre   le   plus   bas   depuis   la   fin   des   ann\u00e9es   90.   Mais,  \u00e0   y   regarder   de   plus   pr\u00e8s,   cette   \u00e9tude   publi\u00e9e   par   Sant\u00e9   publique   France,  Lou Ecalle,  bonjour.                 <\/p>\n<p>\n                     Bonjour,  Adrien.                 <\/p>\n<p>\n                     Le   tabagisme   reste,  en   revanche,  un   v\u00e9ritable   marqueur   d&rsquo;in\u00e9galit\u00e9s,  car   le   niveau   de   dipl\u00f4me   aurait   un   impact   sur   l&rsquo;usage   du   tabac.                  <\/p>\n<p>\n                     Oui.  Concr\u00e8tement,  les   personnes   qui   n&rsquo;ont   pas   le   baccalaur\u00e9at   sont,  souvent,  plus   accros   \u00e0   la   cigarette   que   les   personnes   dipl\u00f4m\u00e9es.   Dans   le   rapport,   on   lit   aussi   que   les   personnes   les   plus   pauvres   sont   celles   qui   fument   le   plus.   Pourtant,   le   prix   des   paquets   de   cigarettes   augmente.   Aujourd&rsquo;hui,   le   paquet   est   en   moyenne   \u00e0   12 euros  en  France.  35 %  des   ch\u00f4meurs   seraient   ainsi   des   fumeurs   r\u00e9guliers.   Ces   in\u00e9galit\u00e9s, elles  ne   sont   pas   nouvelles.   En   2023,   d\u00e9j\u00e0,   Sant\u00e9   publique   France   les   pointait   du   doigt.                  <\/p>\n<p>\n                     Alors,  expliquez-nous  les   diff\u00e9rentes   causes   qui   expliquent   ces   r\u00e9sultats,  Lou.                 <\/p>\n<p>\n                     Eh bien, chez  les   plus   riches   et   les   plus   dipl\u00f4m\u00e9s,   le   tabagisme   est   mal   vu ;  il   est   critiqu\u00e9.   En   revanche,   il   est   normalis\u00e9   chez   les   plus   pauvres.   Les   personnes   qui   viennent   de   milieux   d\u00e9favoris\u00e9s   se   projettent   aussi   moins   dans   l&rsquo;avenir   que   les   plus   riches.   Elles   vivent   au   jour   le   jour,   pensent  d&rsquo;abord   \u00e0   subvenir   \u00e0   leurs   besoins,   \u00e0   se   nourrir,   \u00e0   se   loger,  et   pensent   donc   moins   aux   cons\u00e9quences  du   tabac   sur   leur   sant\u00e9.   Autres   causes,  Adrien,   l&rsquo;anxi\u00e9t\u00e9  et   les   troubles   d\u00e9pressifs   sont   \u00e9galement   plus   importants   chez   les   plus   modestes   et   la   cigarette   est   souvent   per\u00e7ue,  \u00e0   tort,  comme   un   moyen   de   soulager   tout   ce   stress.   Il   y   a   donc   encore   des   efforts   \u00e0   faire   pour   r\u00e9duire   le   tabagisme.   Mais   le   rapport   souligne,  enfin,  une   donn\u00e9e   rassurante :  les   18-24  ans   sont   moins   nombreux   \u00e0   fumer   tous   les   jours   que   les   25-34  ans.                  <\/p>\n<p>\n                     Lou Ecalle  dans   votre   Journal  en   fran\u00e7ais   facile.                  <\/p>\n<p>\n                     Des   informations   que   vous   pouvez   retrouver   \u00e0   tout   moment   sur   notre   site   Internet  francaisfacile.rfi.fr.                 <\/p>\n<p>\n                     \u00c0  demain,  o\u00f9   que   vous   soyez   sur   la   plan\u00e8te,  pour   une   nouvelle   \u00e9dition.                  <\/p>\n","protected":false},"excerpt":{"rendered":"Bonjour \u00e0 toutes et \u00e0 tous. RFI &#8211; Radio France Internationale en direct de Paris. Il est 18&hellip;\n","protected":false},"author":2,"featured_media":115121,"comment_status":"","ping_status":"","sticky":false,"template":"","format":"standard","meta":{"footnotes":""},"categories":[1591],"tags":[47,11,10343,1887,3535,10342,303,12,1885,1886,132,104],"class_list":{"0":"post-115120","1":"post","2":"type-post","3":"status-publish","4":"format-standard","5":"has-post-thumbnail","7":"category-russie","8":"tag-actualite","9":"tag-actualites","10":"tag-all","11":"tag-federation-de-russie","12":"tag-geopolitique","13":"tag-journal-en-francais-facile","14":"tag-justice","15":"tag-news","16":"tag-russia","17":"tag-russian-federation","18":"tag-russie","19":"tag-societe"},"share_on_mastodon":{"url":"https:\/\/pubeurope.com\/@fr\/114541941512280908","error":""},"_links":{"self":[{"href":"https:\/\/www.europesays.com\/fr\/wp-json\/wp\/v2\/posts\/115120","targetHints":{"allow":["GET"]}}],"collection":[{"href":"https:\/\/www.europesays.com\/fr\/wp-json\/wp\/v2\/posts"}],"about":[{"href":"https:\/\/www.europesays.com\/fr\/wp-json\/wp\/v2\/types\/post"}],"author":[{"embeddable":true,"href":"https:\/\/www.europesays.com\/fr\/wp-json\/wp\/v2\/users\/2"}],"replies":[{"embeddable":true,"href":"https:\/\/www.europesays.com\/fr\/wp-json\/wp\/v2\/comments?post=115120"}],"version-history":[{"count":0,"href":"https:\/\/www.europesays.com\/fr\/wp-json\/wp\/v2\/posts\/115120\/revisions"}],"wp:featuredmedia":[{"embeddable":true,"href":"https:\/\/www.europesays.com\/fr\/wp-json\/wp\/v2\/media\/115121"}],"wp:attachment":[{"href":"https:\/\/www.europesays.com\/fr\/wp-json\/wp\/v2\/media?parent=115120"}],"wp:term":[{"taxonomy":"category","embeddable":true,"href":"https:\/\/www.europesays.com\/fr\/wp-json\/wp\/v2\/categories?post=115120"},{"taxonomy":"post_tag","embeddable":true,"href":"https:\/\/www.europesays.com\/fr\/wp-json\/wp\/v2\/tags?post=115120"}],"curies":[{"name":"wp","href":"https:\/\/api.w.org\/{rel}","templated":true}]}}