{"id":1151212,"date":"2026-08-27T03:02:21","date_gmt":"2026-08-27T03:02:21","guid":{"rendered":"https:\/\/www.europesays.com\/fr\/1151212\/"},"modified":"2026-08-27T03:02:21","modified_gmt":"2026-08-27T03:02:21","slug":"lille-psg-ligue-1-annonce-la-diffusion-en-direct-des-echanges-entre-larbitre-et-les-joueurs-du-match","status":"publish","type":"post","link":"https:\/\/www.europesays.com\/fr\/1151212\/","title":{"rendered":"Lille-PSG: Ligue 1+ annonce la diffusion en direct des \u00e9changes entre l&rsquo;arbitre et les joueurs du match"},"content":{"rendered":"<p class=\"mb-4 text-lg md:leading-8 break-words\">La refcam sera bien sonoris\u00e9e d\u00e8s ce vendredi sur les pelouses de Ligue 1. Port\u00e9e par sa volont\u00e9 de rendre son produit plus attractif pour ses spectateurs, la cha\u00eene Ligue 1+ va inaugurer une nouvelle innovation pour cette deuxi\u00e8me journ\u00e9e de championnat: la sonorisation des arbitres.<\/p>\n<p class=\"mb-4 text-lg md:leading-8 break-words\">La refcam, c&rsquo;est <a data-ylk=\"slk:cette petite et discr\u00e8te cam\u00e9ra portative;elm:context_link;itc:0;sec:content-canvas;\" data-yga=\"{&quot;yLinkElement&quot;:&quot;link&quot;,&quot;yLinkElementType&quot;:&quot;article_link&quot;}\" href=\"https:\/\/rmcsport.bfmtv.com\/football\/ligue-1\/grande-nouveaute-en-ligue-1-la-ref-cam-va-etre-utilisee-des-ce-week-end_AV-202511040860.html\" rel=\"noopener noreferrer nofollow\" target=\"_blank\">cette petite et discr\u00e8te cam\u00e9ra portative<\/a> install\u00e9e sur les arbitres lors des rencontres. Un angle de cam\u00e9ra qui permet aux t\u00e9l\u00e9spectateurs de vivre le match de l&rsquo;int\u00e9rieur et de mesurer l&rsquo;intensit\u00e9 du jeu. Inaugur\u00e9 l&rsquo;an dernier par la cha\u00eene sur les pelouses de Ligue 1, cette petite cam\u00e9ra sera d\u00e9sormais sonoris\u00e9e en direct \u00e0 partir de ce vendredi pour le match Lille-PSG (20h45). Une innovation qui permettra de profiter de certains \u00e9changes entre l&rsquo;arbitre et les joueurs.<\/p>\n<p>Dans le sillage d&rsquo;une autre nouveaut\u00e9: l&rsquo;explication en temps r\u00e9el sur la VAR<\/p>\n<p class=\"mb-4 text-lg md:leading-8 break-words\">La sonorisation de la Refcam sera utilis\u00e9e \u00ab\u00a0pendant la phase protocolaire d&rsquo;avant-match\u00a0\u00bb et \u00ab\u00a0pendant les appels aux capitaines en cours de match\u00a0\u00bb, indique Ligue1+ ce mercredi. Ces conversations avec les joueurs, qui seront donc enregistr\u00e9es, pourront \u00eatre diffus\u00e9es en direct ou en diff\u00e9r\u00e9 pendant et apr\u00e8s le match.<\/p>\n<p class=\"mb-4 text-lg md:leading-8 break-words\">Cette sonorisation du refcam vise \u00e0 am\u00e9liorer, d&rsquo;abord, l&rsquo;exp\u00e9rience des t\u00e9l\u00e9spectateurs mais elle vient aussi permettre aux officiels de clarifier leur d\u00e9cision aupr\u00e8s des (t\u00e9l\u00e9)spectateurs. Un outil de plus pour lutter contre la d\u00e9fiance contre l&rsquo;arbitrage. A l&rsquo;instar d&rsquo;une autre nouveaut\u00e9, inaugur\u00e9e la semaine dernii\u00e8re sur les pelouses de Ligue 1: l&rsquo;utilisation du micro par l&rsquo;arbitre pour justifier une d\u00e9cision apr\u00e8s l&rsquo;appel du VAR. Un dernier outil que Monsieur Ruddy Buquet, l&rsquo;arbitre d&rsquo;OM &#8211; Strasbourg (4-0), <a data-ylk=\"slk:a d&#039;ailleurs utilis\u00e9 \u00e0 deux reprises;elm:context_link;itc:0;sec:content-canvas;\" data-yga=\"{&quot;yLinkElement&quot;:&quot;link&quot;,&quot;yLinkElementType&quot;:&quot;article_link&quot;}\" href=\"https:\/\/rmcsport.bfmtv.com\/football\/ligue-1\/longue-attente-le-velodrome-n-a-rien-entendu-quel-bilan-pour-la-premiere-journee-de-sonorisation-des-arbitres-en-ligue-1_AV-202608240479.html\" rel=\"noopener noreferrer nofollow\" target=\"_blank\">a d&rsquo;ailleurs utilis\u00e9 \u00e0 deux reprises<\/a> lors de la premi\u00e8re journ\u00e9e de Ligue 1.<\/p>\n<p class=\"mb-4 text-lg md:leading-8 break-words\"><a data-ylk=\"slk:Article original publi\u00e9 sur RMC Sport;elm:context_link;itc:0;sec:content-canvas;\" data-yga=\"{&quot;yLinkElement&quot;:&quot;link&quot;,&quot;yLinkElementType&quot;:&quot;article_link&quot;}\" href=\"https:\/\/rmcsport.bfmtv.com\/football\/ligue-1\/lille-psg-ligue-1-annonce-la-diffusion-en-direct-des-echanges-entre-l-arbitre-et-les-joueurs-du-match_AV-202608260794.html#xtor=AL-68\" rel=\"noopener noreferrer nofollow\" target=\"_blank\">Article original publi\u00e9 sur RMC Sport<\/a><\/p>\n","protected":false},"excerpt":{"rendered":"La refcam sera bien sonoris\u00e9e d\u00e8s ce vendredi sur les pelouses de Ligue 1. Port\u00e9e par sa volont\u00e9&hellip;\n","protected":false},"author":2,"featured_media":1151213,"comment_status":"","ping_status":"","sticky":false,"template":"","format":"standard","meta":{"footnotes":"","_share_on_mastodon":"0"},"categories":[2815],"tags":[1111,11,1777,674,1011,27,811,66,1307,955,12,25],"class_list":["post-1151212","post","type-post","status-publish","format-standard","has-post-thumbnail","category-lille","tag-actu","tag-actualites","tag-eu","tag-europe","tag-fr","tag-france","tag-hauts-de-france","tag-ligue-1","tag-lille","tag-match","tag-news","tag-republique-francaise"],"share_on_mastodon":{"url":"https:\/\/pubeurope.com\/@fr\/117165250787629633","error":""},"_links":{"self":[{"href":"https:\/\/www.europesays.com\/fr\/wp-json\/wp\/v2\/posts\/1151212","targetHints":{"allow":["GET"]}}],"collection":[{"href":"https:\/\/www.europesays.com\/fr\/wp-json\/wp\/v2\/posts"}],"about":[{"href":"https:\/\/www.europesays.com\/fr\/wp-json\/wp\/v2\/types\/post"}],"author":[{"embeddable":true,"href":"https:\/\/www.europesays.com\/fr\/wp-json\/wp\/v2\/users\/2"}],"replies":[{"embeddable":true,"href":"https:\/\/www.europesays.com\/fr\/wp-json\/wp\/v2\/comments?post=1151212"}],"version-history":[{"count":0,"href":"https:\/\/www.europesays.com\/fr\/wp-json\/wp\/v2\/posts\/1151212\/revisions"}],"wp:featuredmedia":[{"embeddable":true,"href":"https:\/\/www.europesays.com\/fr\/wp-json\/wp\/v2\/media\/1151213"}],"wp:attachment":[{"href":"https:\/\/www.europesays.com\/fr\/wp-json\/wp\/v2\/media?parent=1151212"}],"wp:term":[{"taxonomy":"category","embeddable":true,"href":"https:\/\/www.europesays.com\/fr\/wp-json\/wp\/v2\/categories?post=1151212"},{"taxonomy":"post_tag","embeddable":true,"href":"https:\/\/www.europesays.com\/fr\/wp-json\/wp\/v2\/tags?post=1151212"}],"curies":[{"name":"wp","href":"https:\/\/api.w.org\/{rel}","templated":true}]}}