{"id":1151241,"date":"2026-08-27T03:21:09","date_gmt":"2026-08-27T03:21:09","guid":{"rendered":"https:\/\/www.europesays.com\/fr\/1151241\/"},"modified":"2026-08-27T03:21:09","modified_gmt":"2026-08-27T03:21:09","slug":"sondage-lci-presidentielle-2027-marine-le-pen-elue-au-second-tour-dans-tous-les-cas-de-figure-les-resultats-de-notre-barometre","status":"publish","type":"post","link":"https:\/\/www.europesays.com\/fr\/1151241\/","title":{"rendered":"SONDAGE LCI &#8211; Pr\u00e9sidentielle 2027 : Marine Le Pen \u00e9lue au second tour dans tous les cas de figure, les r\u00e9sultats de notre barom\u00e8tre"},"content":{"rendered":"<ul class=\"jsx-25100651 ArticleChapo__List\">\n<li class=\"jsx-25100651 ArticleChapo__List_Item flex\">Quels sont les rapports de force \u00e0 l&rsquo;aube de la derni\u00e8re rentr\u00e9e politique avant l&rsquo;\u00e9lection pr\u00e9sidentielle 2027 ?<\/li>\n<li class=\"jsx-25100651 ArticleChapo__List_Item flex\">Si le premier tour avait lieu dimanche prochain, Marine Le Pen arriverait en t\u00eate dans tous les cas de figure, selon le barom\u00e8tre Ifop-Fiducial pour LCI, \u00ab\u00a0Le Figaro\u00a0\u00bb et Sud Radio.<\/li>\n<li class=\"jsx-25100651 ArticleChapo__List_Item flex\">La candidate du Rassemblement national serait ensuite \u00e9lue au second tour, quel que soit son adversaire.<\/li>\n<\/ul>\n<p><a href=\"https:\/\/www.google.com\/preferences\/source?q=tf1info.fr\" class=\"jsx-2150648137 jsx-976369737 ActionButton ActionButton--withBorder\" rel=\"nofollow noopener\" target=\"_blank\"><\/p>\n<p> Ajoutez TF1info \u00e0 vos sources sur Google <\/p>\n<p><\/a><\/p>\n<p id=\"body-_R_17t7pm_-block-5\" data-module=\"article-paragraph\" class=\"jsx-2921227388 Paragraph\">La course \u00e0 l\u2019\u00c9lys\u00e9e est bel et bien lanc\u00e9e. Et elle a une favorite, Marine Le Pen, donn\u00e9e gagnante quel que soit son adversaire au second tour, d&rsquo;apr\u00e8s la cinqui\u00e8me vague du barom\u00e8tre Ifop-Fiducial pour LCI, Le Figaro et Sud Radio. Depuis la premi\u00e8re vague, le Rassemblement national est donn\u00e9 gagnant, qu\u2019il soit repr\u00e9sent\u00e9 par Jordan Bardella ou <a href=\"https:\/\/www.tf1info.fr\/politique\/presidentielle-2027-marine-le-pen-candidate-malgre-sa-condamnation-pari-risque-ou-gagnant-sur-le-plan-electoral-2452066.html\" rel=\"nofollow noopener\" target=\"_blank\">Marine Le Pen, qui a finalement d\u00e9cid\u00e9 de pr\u00e9senter sa candidature <\/a>apr\u00e8s la d\u00e9cision des juges lors du proc\u00e8s en appel des attach\u00e9s parlementaires de son parti.<\/p>\n<p data-module=\"article-paragraph\" class=\"jsx-2921227388 Paragraph Paragraph__End\">Marine Le Pen s&rsquo;imposerait au second tour face \u00e0 \u00c9douard Philippe (52% contre 48 %, en baisse de deux points par rapport \u00e0 la vague pr\u00e9c\u00e9dente), Gabriel Attal (56% contre 44 %, en baisse d&rsquo;un point) et Jean-Luc M\u00e9lenchon (67% contre 33%, en baisse de trois points). Marine Le Pen l\u2019emporterait \u00e9galement face \u00e0 Rapha\u00ebl Glucksmann, test\u00e9 pour la premi\u00e8re fois (55% contre 45%), tout comme face \u00e0 Fran\u00e7ois Hollande (54% contre 46%) et Bruno Retailleau (58% contre 42%). Lequel de ces duels est le plus probable en cette rentr\u00e9e ?<\/p>\n<p>Un duel Le Pen-M\u00e9lenchon possible, si\u2026<\/p>\n<p id=\"body-_R_17t7pm_-block-8\" data-module=\"article-paragraph\" class=\"jsx-2921227388 Paragraph Paragraph__End\">En cas de pr\u00e9sence conjointe d&rsquo;\u00c9douard Philippe et Gabriel Attal au premier tour, les deux anciens Premiers ministres d\u2019Emmanuel Macron r\u00e9colteraient respectivement 14,5% et 8% des suffrages et c\u2019est Jean-Luc M\u00e9lenchon qui se hisserait au second tour avec 16% des suffrages, loin derri\u00e8re Marine Le Pen avec 33%. Rapha\u00ebl Glucksmann serait lui \u00e0 11%, Bruno Retailleau \u00e0 6%. Marine Tondelier et Fabien Roussel r\u00e9colteraient 3% chacun.<\/p>\n<p>Philippe toujours mieux plac\u00e9 que Attal<\/p>\n<p id=\"body-_R_17t7pm_-block-12\" data-module=\"article-paragraph\" class=\"jsx-2921227388 Paragraph\">Ce sc\u00e9nario \u00e0 deux candidats du bloc central para\u00eet improbable au regard des d\u00e9clarations r\u00e9centes des deux anciens chefs du gouvernement qui plaident pour un rassemblement \u00e0 terme. Mais sera-t-il suffisant ? Si \u00c9douard Philippe est le seul candidat du bloc central, le patron d&rsquo;Horizons r\u00e9colte 18% des suffrages, selon notre barom\u00e8tre, juste devant Jean-Luc M\u00e9lenchon avec 17% des suffrages. Le score de Marine Le Pen ne change pas, avec 33% des suffrages. \u00c0 noter que Rapha\u00ebl Glucksmann serait cr\u00e9dit\u00e9 de 12 % et Bruno Retailleau de 8%.<\/p>\n<p data-module=\"article-paragraph\" class=\"jsx-2921227388 Paragraph Paragraph__End\">Si c\u2019est Gabriel Attal qui repr\u00e9sente le bloc central, le secr\u00e9taire g\u00e9n\u00e9ral de Renaissance n\u2019obtient en revanche que 14%, devanc\u00e9 par Jean-Luc M\u00e9lenchon qui se qualifie pour le second tour avec 17%, mais aussi par Rapha\u00ebl Glucksmann avec 15%. Bruno Retailleau grimpe \u00e0 9%. Marine Le Pen est encore loin devant avec 34%.<\/p>\n<p>Glucksmann, seul candidat de la gauche hors LFI ?<\/p>\n<p id=\"body-_R_17t7pm_-block-14\" data-module=\"article-paragraph\" class=\"jsx-2921227388 Paragraph\">Officiellement candidat \u00e0 la primaire du PS et de ses alli\u00e9s qui aura lieu en octobre, Rapha\u00ebl Glucksmann n\u2019est pour l\u2019instant pas en mesure de se qualifier pour le second tour, toujours derri\u00e8re Jean-Luc M\u00e9lenchon. Un constat qui pourrait l&rsquo;obliger, s&rsquo;il \u00e9tait d\u00e9sign\u00e9, \u00e0 se tourner vers les \u00c9cologistes et le PCF. Que se passerait-il s\u2019il \u00e9tait le seul candidat de la gauche non-LFI, c\u2019est-\u00e0-dire sans Marine Tondelier et Fabien Roussel ?<\/p>\n<p data-module=\"article-paragraph\" class=\"jsx-2921227388 Paragraph Paragraph__End\">Dans l\u2019hypoth\u00e8se o\u00f9 \u00c9douard Philippe est candidat du bloc central, Rapha\u00ebl Glucksmann reste quatri\u00e8me avec 15% des suffrages. Marine Le Pen (33%) arrive en t\u00eate devant \u00c9douard Philippe (19%) et Jean-Luc M\u00e9lenchon (18%). Dans l\u2019hypoth\u00e8se o\u00f9 Gabriel Attal est candidat du bloc central, Rapha\u00ebl Glucksmann grimpe \u00e0 la troisi\u00e8me place avec 17%. Marine Le Pen (34%) arriverait ainsi en t\u00eate devant Jean-Luc M\u00e9lenchon (18,5%), Rapha\u00ebl Glucksmann (17%) et Gabriel Attal (15%).<\/p>\n<p><a href=\"https:\/\/www.tf1info.fr\/politique\/reportage-presidentielle-2027-hate-etre-en-haut-raphael-glucksmann-lance-sa-campagne-presidentielle-dans-les-airs-2460404.html\" rel=\"nofollow noopener\" class=\"jsx-958316424 Link flex\" target=\"_blank\"><img decoding=\"async\" src=\"https:\/\/www.europesays.com\/fr\/wp-content\/uploads\/2026\/08\/raphael-glucksmann-eolienne-2026-676cfa-0@1x.jpeg\" alt=\"Rapha\u00ebl Glucksmann se pr\u00e9pare \u00e0 entrer dans une \u00e9olienne lors d\u2019une visite au parc \u00e9olien d\u2019Aunis, \u00e0 Saint-Jean-de-Liversay, dans l\u2019ouest de la France, le 25 ao\u00fbt 2026.\" loading=\"lazy\" importance=\"low\" fetchpriority=\"low\" class=\"\" copyright=\"AFP\" aria-hidden=\"true\"\/><\/p>\n<p class=\"jsx-4054529586 ReadMoreArticle__Title\">Lire aussi<\/p>\n<p class=\"jsx-4054529586\">\u00ab\u00a0Je n&rsquo;ai pas peur, j&rsquo;ai h\u00e2te d\u2019\u00eatre tout en haut\u00a0\u00bb : Rapha\u00ebl Glucksmann lance sa campagne pr\u00e9sidentielle dans les airs<\/p>\n<p><\/a><\/p>\n<p id=\"body-_R_17t7pm_-block-17\" data-module=\"article-paragraph\" class=\"jsx-2921227388 Paragraph Paragraph__End\">Quid d\u2019un Fran\u00e7ois Hollande en recours \u00e0 gauche ? Alors que l\u2019ancien pr\u00e9sident semble exclure de participer \u00e0 la primaire, notre barom\u00e8tre n\u2019est gu\u00e8re favorable \u00e0 ses ambitions. M\u00eame s\u2019il \u00e9tait l\u2019unique candidat de la gauche non-LFI, il devrait se contenter de 12% des suffrages au premier tour, sept points derri\u00e8re Jean-Luc M\u00e9lenchon \u00e0 19%. Enfin, s\u2019il affirme pour l\u2019instant ne pas vouloir \u00eatre candidat, l\u2019ancien Premier ministre Bruno Le Maire ne semble pas offrir d\u2019alternative cr\u00e9dible \u00e0 ce stade au bloc central. Test\u00e9 pour la premi\u00e8re fois, il n\u2019obtiendrait que 6% au premier tour.<\/p>\n<p id=\"body-_R_17t7pm_-block-18\" data-module=\"article-paragraph\" class=\"jsx-2921227388 Paragraph Paragraph__End\"><strong>Enqu\u00eate men\u00e9e en ligne du 24 au 25 ao\u00fbt aupr\u00e8s d\u2019un \u00e9chantillon de 1.598 personnes inscrites sur les listes \u00e9lectorales, extrait d\u2019un \u00e9chantillon de 1.800 personnes, repr\u00e9sentatif de la population fran\u00e7aise \u00e2g\u00e9e de 18 ans et plus, selon la m\u00e9thode des quotas.\u00a0<\/strong><\/p>\n","protected":false},"excerpt":{"rendered":"Quels sont les rapports de force \u00e0 l&rsquo;aube de la derni\u00e8re rentr\u00e9e politique avant l&rsquo;\u00e9lection pr\u00e9sidentielle 2027 ?&hellip;\n","protected":false},"author":2,"featured_media":1151242,"comment_status":"","ping_status":"","sticky":false,"template":"","format":"standard","meta":{"footnotes":"","_share_on_mastodon":"0"},"categories":[2],"tags":[1111,11,1921,11946,1013,3080,3079,24427,1011,27,3082,4410,1922,3081,1077,4729,430,12,15923,1078,25,133,4530],"class_list":["post-1151241","post","type-post","status-publish","format-standard","has-post-thumbnail","category-actualites","tag-actu","tag-actualites","tag-article-video","tag-bruno-le-maire","tag-bruno-retailleau","tag-edouard-philippe","tag-election-presidentielle-2027","tag-fabien-roussel","tag-fr","tag-france","tag-francois-hollande","tag-gabriel-attal","tag-info","tag-jean-luc-melenchon","tag-jordan-bardella","tag-marine-tondelier","tag-marine-le-pen","tag-news","tag-raphael-glucksmann","tag-rassemblement-national","tag-republique-francaise","tag-video","tag-video-politique"],"share_on_mastodon":{"url":"https:\/\/pubeurope.com\/@fr\/117165326984663172","error":""},"_links":{"self":[{"href":"https:\/\/www.europesays.com\/fr\/wp-json\/wp\/v2\/posts\/1151241","targetHints":{"allow":["GET"]}}],"collection":[{"href":"https:\/\/www.europesays.com\/fr\/wp-json\/wp\/v2\/posts"}],"about":[{"href":"https:\/\/www.europesays.com\/fr\/wp-json\/wp\/v2\/types\/post"}],"author":[{"embeddable":true,"href":"https:\/\/www.europesays.com\/fr\/wp-json\/wp\/v2\/users\/2"}],"replies":[{"embeddable":true,"href":"https:\/\/www.europesays.com\/fr\/wp-json\/wp\/v2\/comments?post=1151241"}],"version-history":[{"count":0,"href":"https:\/\/www.europesays.com\/fr\/wp-json\/wp\/v2\/posts\/1151241\/revisions"}],"wp:featuredmedia":[{"embeddable":true,"href":"https:\/\/www.europesays.com\/fr\/wp-json\/wp\/v2\/media\/1151242"}],"wp:attachment":[{"href":"https:\/\/www.europesays.com\/fr\/wp-json\/wp\/v2\/media?parent=1151241"}],"wp:term":[{"taxonomy":"category","embeddable":true,"href":"https:\/\/www.europesays.com\/fr\/wp-json\/wp\/v2\/categories?post=1151241"},{"taxonomy":"post_tag","embeddable":true,"href":"https:\/\/www.europesays.com\/fr\/wp-json\/wp\/v2\/tags?post=1151241"}],"curies":[{"name":"wp","href":"https:\/\/api.w.org\/{rel}","templated":true}]}}