{"id":1151265,"date":"2026-08-27T03:41:14","date_gmt":"2026-08-27T03:41:14","guid":{"rendered":"https:\/\/www.europesays.com\/fr\/1151265\/"},"modified":"2026-08-27T03:41:14","modified_gmt":"2026-08-27T03:41:14","slug":"etats-unis-un-traitement-prometteur-contre-le-cancer-du-pancreas-approuve","status":"publish","type":"post","link":"https:\/\/www.europesays.com\/fr\/1151265\/","title":{"rendered":"Etats-Unis\u00a0: Un traitement prometteur contre le cancer du pancr\u00e9as approuv\u00e9"},"content":{"rendered":"<p>Les Fran\u00e7ais devront encore \u00eatre patients mais les Am\u00e9ricains vont avoir acc\u00e8s \u00e0 un <a href=\"https:\/\/www.20minutes.fr\/sante\/4219793-20260422-cancer-pancreas-apres-40-ans-progres-enfin-avancees-augmenter-esperance-vie-patients\" class=\"c-link c-link--is-underlined\" rel=\"nofollow noopener\" target=\"_blank\">traitement prometteur contre le cancer du pancr\u00e9as<\/a>. La mol\u00e9cule vient d\u2019\u00eatre approuv\u00e9e par l\u2019Agence am\u00e9ricaine du m\u00e9dicament (FDA). Une mise sur le march\u00e9 qui ouvre une nouvelle \u00e8re dans la prise en charge d\u2019un des cancers les plus mortels.<\/p>\n<p>Bien qu\u2019il ne s\u2019agisse pas d\u2019un rem\u00e8de, ce traitement suscite <a href=\"https:\/\/www.20minutes.fr\/sante\/4226535-20260602-nouveau-medicament-contre-cancer-pancreas-donne-espoir-autres-cancers\" class=\"c-link c-link--is-underlined\" rel=\"nofollow noopener\" target=\"_blank\">un vif enthousiasme chez les canc\u00e9rologues<\/a> et associations de patients car il promet de rajouter de pr\u00e9cieux mois d\u2019existence aux malades souffrant de cette maladie, dont le diagnostic figure parmi les plus sombres.<\/p>\n<p>Un doublement de la dur\u00e9e de vie<\/p>\n<p>D\u00e9velopp\u00e9 par la start-up am\u00e9ricaine Revolution Medicines, ce m\u00e9dicament est nomm\u00e9 Rasonque et pourra \u00eatre pris sous la forme de comprim\u00e9s par des patients souffrant d\u2019une forme agressive mais courante de <a href=\"https:\/\/www.20minutes.fr\/sante\/4199562-20260204-cancer-chef-vrai-manque-empathie-difficile-gestion-maladie-travail\" class=\"c-link c-link--is-underlined\" rel=\"nofollow noopener\" target=\"_blank\">cancer<\/a> du pancr\u00e9as. Il faudra toutefois que ces derniers r\u00e9pondent \u00e0 plusieurs crit\u00e8res, comme avoir d\u00e9j\u00e0 re\u00e7u un traitement ant\u00e9rieur, pr\u00e9cise la FDA. \u00ab\u00a0L\u2019autorisation accord\u00e9e aujourd\u2019hui offre une nouvelle option essentielle aux patients confront\u00e9s \u00e0 un cancer extr\u00eamement grave et historiquement difficile \u00e0 traiter\u00a0\u00bb, a salu\u00e9 Kyle Diamantas, chef par int\u00e9rim de l\u2019agence dans un communiqu\u00e9.<\/p>\n<\/p>\n<p>Impliquant une nouvelle mol\u00e9cule nomm\u00e9e daraxonrasib, ce traitement s\u2019est montr\u00e9 bien plus efficace qu\u2019une chimioth\u00e9rapie classique lors de son essai clinique. La moiti\u00e9 des patients l\u2019ayant pris avaient surv\u00e9cu plus de 13 mois, soit une dur\u00e9e deux fois plus longue que pour le groupe sous chimioth\u00e9rapie.<\/p>\n<p>Ces r\u00e9sultats avaient \u00e9t\u00e9 largement acclam\u00e9s par la communaut\u00e9 m\u00e9dicale et constituaient la premi\u00e8re avanc\u00e9e notable contre ce cancer en plusieurs d\u00e9cennies. Ils nourrissent aussi l\u2019espoir de contribuer \u00e0 l\u2019\u00e9laboration de traitements pour d\u2019autres malades car la mol\u00e9cule \u00e9tudi\u00e9e agit contre une prot\u00e9ine impliqu\u00e9e dans plusieurs cancers et contre laquelle on ne parvenait pas \u00e0 agir jusqu\u2019\u00e0 tr\u00e8s r\u00e9cemment.<\/p>\n","protected":false},"excerpt":{"rendered":"Les Fran\u00e7ais devront encore \u00eatre patients mais les Am\u00e9ricains vont avoir acc\u00e8s \u00e0 un traitement prometteur contre le&hellip;\n","protected":false},"author":2,"featured_media":1151266,"comment_status":"","ping_status":"","sticky":false,"template":"","format":"standard","meta":{"footnotes":"","_share_on_mastodon":"0"},"categories":[10],"tags":[47,101,73,1011,27,72,224,71,227],"class_list":["post-1151265","post","type-post","status-publish","format-standard","has-post-thumbnail","category-sante","tag-actualite","tag-cancer","tag-etats-unis","tag-fr","tag-france","tag-health","tag-medecine","tag-sante","tag-traitement"],"share_on_mastodon":{"url":"https:\/\/pubeurope.com\/@fr\/117165404139461345","error":""},"_links":{"self":[{"href":"https:\/\/www.europesays.com\/fr\/wp-json\/wp\/v2\/posts\/1151265","targetHints":{"allow":["GET"]}}],"collection":[{"href":"https:\/\/www.europesays.com\/fr\/wp-json\/wp\/v2\/posts"}],"about":[{"href":"https:\/\/www.europesays.com\/fr\/wp-json\/wp\/v2\/types\/post"}],"author":[{"embeddable":true,"href":"https:\/\/www.europesays.com\/fr\/wp-json\/wp\/v2\/users\/2"}],"replies":[{"embeddable":true,"href":"https:\/\/www.europesays.com\/fr\/wp-json\/wp\/v2\/comments?post=1151265"}],"version-history":[{"count":0,"href":"https:\/\/www.europesays.com\/fr\/wp-json\/wp\/v2\/posts\/1151265\/revisions"}],"wp:featuredmedia":[{"embeddable":true,"href":"https:\/\/www.europesays.com\/fr\/wp-json\/wp\/v2\/media\/1151266"}],"wp:attachment":[{"href":"https:\/\/www.europesays.com\/fr\/wp-json\/wp\/v2\/media?parent=1151265"}],"wp:term":[{"taxonomy":"category","embeddable":true,"href":"https:\/\/www.europesays.com\/fr\/wp-json\/wp\/v2\/categories?post=1151265"},{"taxonomy":"post_tag","embeddable":true,"href":"https:\/\/www.europesays.com\/fr\/wp-json\/wp\/v2\/tags?post=1151265"}],"curies":[{"name":"wp","href":"https:\/\/api.w.org\/{rel}","templated":true}]}}