{"id":115131,"date":"2025-05-20T20:06:13","date_gmt":"2025-05-20T20:06:13","guid":{"rendered":"https:\/\/www.europesays.com\/fr\/115131\/"},"modified":"2025-05-20T20:06:13","modified_gmt":"2025-05-20T20:06:13","slug":"lunion-europeenne-met-la-pression-sur-netanyahou-liberation","status":"publish","type":"post","link":"https:\/\/www.europesays.com\/fr\/115131\/","title":{"rendered":"l\u2019Union europ\u00e9enne met la pression sur N\u00e9tanyahou \u2013 Lib\u00e9ration"},"content":{"rendered":"<p class=\"sc-ksZaOG ehjQrN text-element\">\u00abLa col\u00e8re, la g\u00eane, la naus\u00e9e, sont autant de sentiments qui montent dans l\u2019Union avec <a href=\"https:\/\/www.liberation.fr\/international\/moyen-orient\/gaza-israel-annonce-avoir-lance-une-nouvelle-campagne-pour-intensifier-son-offensive-20250517_YJQW24HIVVBBHFUVINWOZW6X5E\/\" target=\"_blank\" rel=\"noopener\" title=\"https:\/\/www.liberation.fr\/international\/moyen-orient\/gaza-israel-annonce-avoir-lance-une-nouvelle-campagne-pour-intensifier-son-offensive-20250517_YJQW24HIVVBBHFUVINWOZW6X5E\/\">la nouvelle offensive baptis\u00e9e \u201cChariots de G\u00e9d\u00e9on<\/a>\u201d lanc\u00e9e par le gouvernement de Benyamin N\u00e9tanyahou dans la bande de Gaza\u00bb, analysait un diplomate de haut niveau juste avant un Conseil des ministres des ministres des Affaires \u00e9trang\u00e8res ce mardi 20 mai \u00e0 Bruxelles. Mais il ne s\u2019attendait pas \u00e0 un tel ras-le-bol des capitales europ\u00e9ennes vis-\u00e0-vis d\u2019Isra\u00ebl: une majorit\u00e9 de 17 Etats membres (sur 27), dont la France, a demand\u00e9 \u00e0 la Commission d\u2019examiner si Tel-Aviv respectait les droits de l\u2019Homme \u00e0 Gaza, premi\u00e8re \u00e9tape vers une \u00e9ventuelle suspension de l\u2019accord d\u2019association liant Isra\u00ebl \u00e0 l\u2019Union. Kaja Kallas, la cheffe de la diplomatie europ\u00e9enne, a donc annonc\u00e9 qu\u2019elle allait se \u00ablancer dans cet exercice\u00bb. C\u2019est la premi\u00e8re fois qu\u2019autant de capitales europ\u00e9ennes tapent du poing sur la table contre un pays qui a toujours \u00e9t\u00e9 m\u00e9nag\u00e9 par l\u2019Union, les \u00abusual suspect anti-isra\u00e9liens\u00bb, selon l\u2019expression d\u2019un diplomate, n\u2019\u00e9tant habituellement que trois (Irlande, Espagn<\/p>\n","protected":false},"excerpt":{"rendered":"\u00abLa col\u00e8re, la g\u00eane, la naus\u00e9e, sont autant de sentiments qui montent dans l\u2019Union avec la nouvelle offensive&hellip;\n","protected":false},"author":2,"featured_media":115132,"comment_status":"","ping_status":"","sticky":false,"template":"","format":"standard","meta":{"footnotes":""},"categories":[1586],"tags":[11,952,1777,674,1779,1011,27,3517,664,261,12,934,25,1778,364],"class_list":{"0":"post-115131","1":"post","2":"type-post","3":"status-publish","4":"format-standard","5":"has-post-thumbnail","7":"category-europe","8":"tag-actualites","9":"tag-benyamin-netanyahou","10":"tag-eu","11":"tag-europe","12":"tag-european-union","13":"tag-fr","14":"tag-france","15":"tag-gaza-l-escalade","16":"tag-israel","17":"tag-ministere-des-affaires-etrangeres","18":"tag-news","19":"tag-pays-bas","20":"tag-republique-francaise","21":"tag-ue","22":"tag-union-europeenne"},"share_on_mastodon":{"url":"https:\/\/pubeurope.com\/@fr\/114541965076446980","error":""},"_links":{"self":[{"href":"https:\/\/www.europesays.com\/fr\/wp-json\/wp\/v2\/posts\/115131","targetHints":{"allow":["GET"]}}],"collection":[{"href":"https:\/\/www.europesays.com\/fr\/wp-json\/wp\/v2\/posts"}],"about":[{"href":"https:\/\/www.europesays.com\/fr\/wp-json\/wp\/v2\/types\/post"}],"author":[{"embeddable":true,"href":"https:\/\/www.europesays.com\/fr\/wp-json\/wp\/v2\/users\/2"}],"replies":[{"embeddable":true,"href":"https:\/\/www.europesays.com\/fr\/wp-json\/wp\/v2\/comments?post=115131"}],"version-history":[{"count":0,"href":"https:\/\/www.europesays.com\/fr\/wp-json\/wp\/v2\/posts\/115131\/revisions"}],"wp:featuredmedia":[{"embeddable":true,"href":"https:\/\/www.europesays.com\/fr\/wp-json\/wp\/v2\/media\/115132"}],"wp:attachment":[{"href":"https:\/\/www.europesays.com\/fr\/wp-json\/wp\/v2\/media?parent=115131"}],"wp:term":[{"taxonomy":"category","embeddable":true,"href":"https:\/\/www.europesays.com\/fr\/wp-json\/wp\/v2\/categories?post=115131"},{"taxonomy":"post_tag","embeddable":true,"href":"https:\/\/www.europesays.com\/fr\/wp-json\/wp\/v2\/tags?post=115131"}],"curies":[{"name":"wp","href":"https:\/\/api.w.org\/{rel}","templated":true}]}}