{"id":1151324,"date":"2026-08-27T04:27:24","date_gmt":"2026-08-27T04:27:24","guid":{"rendered":"https:\/\/www.europesays.com\/fr\/1151324\/"},"modified":"2026-08-27T04:27:24","modified_gmt":"2026-08-27T04:27:24","slug":"plus-de-2-300-enfants-a-la-rue-dans-le-pays-mais-combien-en-ile-de-france","status":"publish","type":"post","link":"https:\/\/www.europesays.com\/fr\/1151324\/","title":{"rendered":"Plus de 2.300 enfants \u00e0 la rue dans le pays, mais combien en \u00cele-de-France\u00a0?"},"content":{"rendered":"\n<p style=\"margin-bottom: 0cm;\">\u00c0 quelques jours de la rentr\u00e9e scolaire, au moins 1.043 enfants sont rest\u00e9s sans solution d\u2019h\u00e9bergement apr\u00e8s un appel au 115 en \u00cele-de-France, selon le nouveau barom\u00e8tre \u00ab Enfants \u00e0 la rue \u00bb publi\u00e9 par l\u2019UNICEF France et la F\u00e9d\u00e9ration des acteurs de la solidarit\u00e9. En France, ils sont 2.355. Les associations pr\u00e9cisent par ailleurs que ces chiffres restent sous-estim\u00e9s : ils ne prennent pas en compte les familles qui ne parviennent pas \u00e0 joindre le 115 ou renoncent \u00e0 appeler&#8230; ni les mineurs non accompagn\u00e9s et les familles vivant en squat ou en bidonville.<\/p>\n<p style=\"margin-bottom: 0cm;\">\u00a0<\/p>\n<p lang=\"fr-FR\" style=\"margin-bottom: 0cm;\">Nicolas Chacun<\/p>\n<p>!function(f,b,e,v,n,t,s){if(f.fbq)return;n=f.fbq=function(){n.callMethod?<br \/>\nn.callMethod.apply(n,arguments):n.queue.push(arguments)};if(!f._fbq)f._fbq=n;<br \/>\nn.push=n;n.loaded=!0;n.version=&rsquo;2.0&prime;;n.queue=[];t=b.createElement(e);t.async=!0;<br \/>\nt.src=v;s=b.getElementsByTagName(e)[0];s.parentNode.insertBefore(t,s)}(window,<br \/>\ndocument,&rsquo;script&rsquo;,&rsquo;https:\/\/connect.facebook.net\/en_US\/fbevents.js&rsquo;);<br \/>\nfbq(&lsquo;init&rsquo;, &lsquo;278974969201861&rsquo;); \/\/ Insert your pixel ID here.<br \/>\nfbq(&lsquo;track&rsquo;, &lsquo;PageView&rsquo;);<\/p>\n","protected":false},"excerpt":{"rendered":"\u00c0 quelques jours de la rentr\u00e9e scolaire, au moins 1.043 enfants sont rest\u00e9s sans solution d\u2019h\u00e9bergement apr\u00e8s un&hellip;\n","protected":false},"author":2,"featured_media":1151325,"comment_status":"","ping_status":"","sticky":false,"template":"","format":"standard","meta":{"footnotes":"","_share_on_mastodon":"0"},"categories":[1592],"tags":[1111,11,1933,1936,1777,1939,674,1011,27,662,1934,12,1940,626,1935,25,1937,1941,1938],"class_list":["post-1151324","post","type-post","status-publish","format-standard","has-post-thumbnail","category-ile-de-france","tag-actu","tag-actualites","tag-actualites-locales","tag-essonne","tag-eu","tag-eure-et-loir","tag-europe","tag-fr","tag-france","tag-ile-de-france","tag-infos-locales","tag-news","tag-oise","tag-paris","tag-pres-de-chez-vous","tag-republique-francaise","tag-seine-et-marne","tag-somme","tag-yvelines"],"share_on_mastodon":{"url":"https:\/\/pubeurope.com\/@fr\/117165585027827755","error":""},"_links":{"self":[{"href":"https:\/\/www.europesays.com\/fr\/wp-json\/wp\/v2\/posts\/1151324","targetHints":{"allow":["GET"]}}],"collection":[{"href":"https:\/\/www.europesays.com\/fr\/wp-json\/wp\/v2\/posts"}],"about":[{"href":"https:\/\/www.europesays.com\/fr\/wp-json\/wp\/v2\/types\/post"}],"author":[{"embeddable":true,"href":"https:\/\/www.europesays.com\/fr\/wp-json\/wp\/v2\/users\/2"}],"replies":[{"embeddable":true,"href":"https:\/\/www.europesays.com\/fr\/wp-json\/wp\/v2\/comments?post=1151324"}],"version-history":[{"count":0,"href":"https:\/\/www.europesays.com\/fr\/wp-json\/wp\/v2\/posts\/1151324\/revisions"}],"wp:featuredmedia":[{"embeddable":true,"href":"https:\/\/www.europesays.com\/fr\/wp-json\/wp\/v2\/media\/1151325"}],"wp:attachment":[{"href":"https:\/\/www.europesays.com\/fr\/wp-json\/wp\/v2\/media?parent=1151324"}],"wp:term":[{"taxonomy":"category","embeddable":true,"href":"https:\/\/www.europesays.com\/fr\/wp-json\/wp\/v2\/categories?post=1151324"},{"taxonomy":"post_tag","embeddable":true,"href":"https:\/\/www.europesays.com\/fr\/wp-json\/wp\/v2\/tags?post=1151324"}],"curies":[{"name":"wp","href":"https:\/\/api.w.org\/{rel}","templated":true}]}}