{"id":115139,"date":"2025-05-20T20:12:10","date_gmt":"2025-05-20T20:12:10","guid":{"rendered":"https:\/\/www.europesays.com\/fr\/115139\/"},"modified":"2025-05-20T20:12:10","modified_gmt":"2025-05-20T20:12:10","slug":"noah-nene-faconne-son-destin-par-un-choix-audacieux-tracant-sa-propre-route","status":"publish","type":"post","link":"https:\/\/www.europesays.com\/fr\/115139\/","title":{"rendered":"Noah Nene fa\u00e7onne son destin par un choix audacieux, tra\u00e7ant sa propre route"},"content":{"rendered":"<p>\t\t\t\t\t\t\t\t\t\t\t\t\t\tUne rumeur avait enflamm\u00e9 le monde du rugby fran\u00e7ais cette semaine. La p\u00e9pite Noah Nene, pr\u00eat\u00e9 cette saison \u00e0 Dax, aurait pu prendre la direction du Stade Rochelais plut\u00f4t que de revenir dans son club formateur. Mais le jeune centre a tranch\u00e9, et sa d\u00e9cision marque un tournant dans sa carri\u00e8re.<\/p>\n<p style=\"text-align: justify;\">Le Stade Fran\u00e7ais peut souffler. Alors que les sp\u00e9culations allaient bon train, le club parisien a officialis\u00e9 la prolongation de contrat de son jeune talent jusqu\u2019en 2027. Une nouvelle qui met fin \u00e0 un suspense qui pesait dans les couloirs du stade Jean-Bouin.<\/p>\n<p style=\"text-align: justify;\">Form\u00e9 au club de la capitale, Nene avait \u00e9t\u00e9 pr\u00eat\u00e9 \u00e0 Dax pour s\u2019aguerrir. Une exp\u00e9rience formatrice malgr\u00e9 une blessure \u00e0 l\u2019\u00e9paule survenue en f\u00e9vrier qui a n\u00e9cessit\u00e9 une op\u00e9ration. Cette prolongation n\u2019est pas une surprise pour ceux qui connaissent les aspirations du joueur. Il avait confi\u00e9 au Midi Olympique son souhait de faire \u00ab\u00a0toute sa carri\u00e8re \u00e0 Paris et percer en rentrant l\u00e0-bas\u00ab\u00a0. Un attachement rare dans le rugby moderne.<\/p>\n<p>Petit instant d\u00e9tente pour tout savoir sur Noah Nene<\/p>\n<p style=\"text-align: justify;\" data-start=\"245\" data-end=\"395\">Derri\u00e8re ce choix se cache une personnalit\u00e9 attachante et un parcours inspirant. Noah Nene repr\u00e9sente cette nouvelle g\u00e9n\u00e9ration de rugbymen fran\u00e7ais qui allie technique, puissance et intelligence de jeu. Mais que savez-vous vraiment du joueur Noah Nene ? Testez vos connaissances avec notre quiz rugby.<\/p>\n<p>\u00a0<\/p>\n<p style=\"margin-top: 10px; font-size: 1em; color: #333;\">Chargement du quiz sur le rugby\u2026<\/p>\n<p>  @keyframes spin {<br \/>0% { transform: rotate(0deg); }<br \/>100% { transform: rotate(360deg); }<br \/>}<\/p>\n<p>  #iframeContainer {<br \/>width: 100%;<br \/>max-width: 800px;<br \/>height: 560px;<br \/>max-height: 100vh;<br \/>box-sizing: border-box;<br \/>}<\/p>\n<p style=\"text-align: justify;\">Si ce quiz vous a plu, d\u00e9couvrez nos autres quiz captivants sur des sports tout aussi passionnants : <strong><a href=\"https:\/\/dicodusport.fr\/blog\/quiz\/\" target=\"_blank\" rel=\"noopener\">Voir tous nos quiz<\/a> <\/strong>!<\/p>\n<p>L\u2019avis de l\u2019expert : un pari gagnant pour le Stade Fran\u00e7ais<\/p>\n<p style=\"text-align: justify;\">Partira ? Partira pas ? Le suspense est d\u00e9sormais lev\u00e9 concernant Noah Nene. Le jeune centre (22 ans) est sous contrat jusqu\u2019en 2027 avec le Stade Fran\u00e7ais. Il vient de r\u00e9aliser une saison formatrice \u00e0 Dax, confirmant tout son potentiel.<\/p>\n<p>\n<a href=\"https:\/\/dicodusport.fr\/blog\/offres\/abonnements-sans-pub\/\" target=\"_blank\" rel=\"noopener\"><img loading=\"lazy\" decoding=\"async\" class=\"alignnone size-full wp-image-501284 perfmatters-lazy\" alt=\"\" width=\"1200\" height=\"200\" src=\"https:\/\/www.europesays.com\/fr\/wp-content\/uploads\/2025\/04\/Abonnements-sans-pubs-Dicodusport.png\"\/><\/a><\/p>\n<p style=\"text-align: justify;\">En coulisses, on ne tarit pas d\u2019\u00e9loges : \u00ab Noah Nene poss\u00e8de un potentiel \u00e9norme. Dans le jeu sans ballon, il montre encore des signes de jeunesse, mais avec le ballon, il est hors norme. Il a du gaz dans les jambes. \u00bb, confie Jeff Dubois dans les colonnes de Rugbyrama, entra\u00eeneur de l\u2019US Dax.<\/p>\n<p style=\"text-align: justify;\">Notre avis sur ce retour au Stade Fran\u00e7ais refl\u00e8te bien plus qu\u2019un simple renfort. C\u2019est l\u2019incarnation d\u2019une politique de formation qui porte ses fruits, un signal fort envoy\u00e9 aux jeunes talents. Reste \u00e0 voir comment Noah se remettra de sa blessure et s\u2019il s\u2019imposera dans une \u00e9quipe qui vise les phases finales chaque saison. Le pari est os\u00e9, mais le potentiel est immense.<\/p>\n","protected":false},"excerpt":{"rendered":"Une rumeur avait enflamm\u00e9 le monde du rugby fran\u00e7ais cette semaine. La p\u00e9pite Noah Nene, pr\u00eat\u00e9 cette saison&hellip;\n","protected":false},"author":2,"featured_media":115140,"comment_status":"","ping_status":"","sticky":false,"template":"","format":"standard","meta":{"footnotes":""},"categories":[1416],"tags":[2113,1011,27,21798,7767,17004,479,1468,60],"class_list":{"0":"post-115139","1":"post","2":"type-post","3":"status-publish","4":"format-standard","5":"has-post-thumbnail","7":"category-rugby","8":"tag-breve","9":"tag-fr","10":"tag-france","11":"tag-noah-nene","12":"tag-quiz","13":"tag-quiz-rugby","14":"tag-rugby","15":"tag-rugby-football","16":"tag-sports"},"share_on_mastodon":{"url":"https:\/\/pubeurope.com\/@fr\/114541988803133714","error":""},"_links":{"self":[{"href":"https:\/\/www.europesays.com\/fr\/wp-json\/wp\/v2\/posts\/115139","targetHints":{"allow":["GET"]}}],"collection":[{"href":"https:\/\/www.europesays.com\/fr\/wp-json\/wp\/v2\/posts"}],"about":[{"href":"https:\/\/www.europesays.com\/fr\/wp-json\/wp\/v2\/types\/post"}],"author":[{"embeddable":true,"href":"https:\/\/www.europesays.com\/fr\/wp-json\/wp\/v2\/users\/2"}],"replies":[{"embeddable":true,"href":"https:\/\/www.europesays.com\/fr\/wp-json\/wp\/v2\/comments?post=115139"}],"version-history":[{"count":0,"href":"https:\/\/www.europesays.com\/fr\/wp-json\/wp\/v2\/posts\/115139\/revisions"}],"wp:featuredmedia":[{"embeddable":true,"href":"https:\/\/www.europesays.com\/fr\/wp-json\/wp\/v2\/media\/115140"}],"wp:attachment":[{"href":"https:\/\/www.europesays.com\/fr\/wp-json\/wp\/v2\/media?parent=115139"}],"wp:term":[{"taxonomy":"category","embeddable":true,"href":"https:\/\/www.europesays.com\/fr\/wp-json\/wp\/v2\/categories?post=115139"},{"taxonomy":"post_tag","embeddable":true,"href":"https:\/\/www.europesays.com\/fr\/wp-json\/wp\/v2\/tags?post=115139"}],"curies":[{"name":"wp","href":"https:\/\/api.w.org\/{rel}","templated":true}]}}