{"id":11514,"date":"2025-04-09T01:20:11","date_gmt":"2025-04-09T01:20:11","guid":{"rendered":"https:\/\/www.europesays.com\/fr\/11514\/"},"modified":"2025-04-09T01:20:11","modified_gmt":"2025-04-09T01:20:11","slug":"cours-interrompu-a-luniversite-lyon-2-lunef-regrette-labsence-de-poursuites-contre-lenseignant-lyonmag-com","status":"publish","type":"post","link":"https:\/\/www.europesays.com\/fr\/11514\/","title":{"rendered":"Cours interrompu \u00e0 l\u2019universit\u00e9 Lyon 2 : l&#039;UNEF regrette l&#039;absence de poursuites&#8230; contre l&#039;enseignant &#8211; lyonmag.com"},"content":{"rendered":"<ol>\n<li><a href=\"https:\/\/news.google.com\/rss\/articles\/CBMi0wFBVV95cUxQakNNNklpVjMySmpMR25yMUpaZjh6TDMwUW5KeUs4d0ctSUxTa3ZQUzEtOFlRNGZUM2xBeUQ2eTctcHpiUHg5X2hCZE95RWtjSTBHMkVMZ0dXZmFrWFRmN1Q2NDg0ZU1sZ1d0aHpxRVFBcjZ1aUFfdkNlbDY0TDBfLWxkNEJGWjRvWUVHX1VEYXBjZEFtTklMa196X2ctTUpIdEJMR0tlUjhaeW9RclBZZlc1d2s1WHljSmluTUpQUWF0LTFuRmdxaFlBd050M3hkUXE0?oc=5\" target=\"_blank\" rel=\"nofollow noopener\">Cours interrompu \u00e0 l\u2019universit\u00e9 Lyon 2 : l&rsquo;UNEF regrette l&rsquo;absence de poursuites&#8230; contre l&rsquo;enseignant<\/a>&nbsp;&nbsp;lyonmag.com<\/li>\n<li><a href=\"https:\/\/news.google.com\/rss\/articles\/CBMiswFBVV95cUxPUjdmYjA3Yk43VUE1eFJlSHE1NWdnZ0EtWVNCUlVpWlhOc2hwaFRHeEhIek85RmltUVg4SUJWU2xYQmR4OG9qUXFWOTZhdlhrMExhZHdmb1dDNFU5YkNLSFpPSU5UT1VGZWdhMGNha1ljMjN6TlZFMzdYblV4ckhEMmdBcENIUTlZcFBxRUlOM2RYazY2WlpFSmVEdkZsdnpRZnozYnhaa3h3azVOR0hjcXZRSQ?oc=5\" target=\"_blank\" rel=\"nofollow noopener\">Intrusion \u00e0 Lyon-2: Fabrice Balanche refuse de c\u00e9der et de d\u00e9localiser son cours<\/a>&nbsp;&nbsp;l&rsquo;Opinion<\/li>\n<li><a href=\"https:\/\/news.google.com\/rss\/articles\/CBMimgNBVV95cUxONlQwazF2d2ZVSjRLQkxBdXRQd1hiTXYwd05YcTdqbzBiVzY1dTBHSWEwTmJPUDdxZWp4ajBQdFdpUVJOMk9KYk83eVZOZmRtUHM5U2dVdjVsZ3laa1NFTHpqX0d0WHNudzZJZmN4RG5PUEZpZlZGMTA0SjFFcEhPLTI1cVAyTnlCdW5Fbmlvay13ZEhPUWdYeHdoc2NObVNSb2duUGgyaVNJdlRwSl9QWFNLdlpCV1NwdW9vSUp1NFYzWXhucXJxMVhUVzdRaGpJenNOeG9CdGhLNnR4OTFhTU9hR0NDX2JPT2RGbTlGUFRnUnl6Ni1iLXJFdXVmb2xQbURGeFNWUUs1clJvTFByUE5IWnhNTy1yRTA4NFNIZFl5UVRjbEEtR0xfUmozY09wcFBYX3RPNFNqbzlJN0trM0F1N04wOGdBMWUteHliYXZEUzlVNXlNcWxLSGZzc2pXVWhYaUt3ckNVSkhkcUZyUWVvZnZjeWVwWlY5ZEN1eHJMeHBfYzN0UGF6Tm1uMm5saUpOLVQtWVJDZw?oc=5\" target=\"_blank\" rel=\"nofollow noopener\">Rupture du je\u00fbne dans le cours d&rsquo;un professeur d&rsquo;universit\u00e9: \u00ab\u00a0La France est un des derniers pays \u00e0 opposer \u00e0 cela une la\u00efcit\u00e9 dure et je crois qu&rsquo;on doit tenir cette position\u00a0\u00bb, d\u00e9clare l&rsquo;avocat Charles Consigny<\/a>&nbsp;&nbsp;RMC<\/li>\n<li><a href=\"https:\/\/news.google.com\/rss\/articles\/CBMi8gFBVV95cUxNRXMxaFhBa2p4M1YzdHdhUXB3RzlpejVlZV9aSmRLMk5PSXAyLTJMd0RFcjd2bW84azlxVTN2M3loSVhqdWp5d0lNT05qZG9fVm9PUDFSR1BoclZqOUotQ3BlZThJaDFscjg1Q3JLaUN5U2xlMXBCNm5ScWhiVEhkUVNVcTUtdHBETWlaVGdzZWJRN01sSUtwTDBDX215bTNPdGdYSlJidy14YVd5SXVURk9DN3NYLXd0M0dqQ0ZFdDN5dzIzUFZtakt6YWhVdmUzMDMzSXBqelMwNUl2VElnUzFWelA4TjdZVXhULWEtYUpnZw?oc=5\" target=\"_blank\" rel=\"nofollow noopener\">\u00abC\u2019est extr\u00eamement grave\u00bb: le ministre de l\u2019Enseignement sup\u00e9rieur r\u00e9agit \u00e0 l\u2019incident \u00e0 Lyon-2<\/a>&nbsp;&nbsp;Le Progr\u00e8s<\/li>\n<li><a href=\"https:\/\/news.google.com\/rss\/articles\/CBMivAFBVV95cUxQUWZZQ1FaSnhfWUpSVWpLRmlZR0VzN2dzenRNc1NvQWM0bEpDWmxaYlA0alNod2NRcHZmbmhTTTdnM3lhRWRRZ080V3MxUnY3NGFDYlA2YmZBd3pUc0VacllkeGE2dVpYUl9ZRnFiMURnMVNaeU5jNUY5LWFiZ1A5cTk5WVZ6QzBfVU5BaG9KZTNLR0laN3hOMDBKcFlBbUc0NG1jMXdYb09rY2l5ZGd4dDNzOXN0aUVQd1hYb9IBwgFBVV95cUxOYkxKaDM4bDVCSUpvVUpoYVczRE4weld2ckNGaHRfT0Y5bGdBN25Wa2lVVS1DdjNheml0NXpHX3V3UEtZY2Q3WGk4TkN4NW81a01RR1RDelNIM05halZjQzVhZ2o3ZUdGeTJJNE9qX2NyWUtjVHVkQWhCQU4yaWxxenFNZ3VhUllaY1FzZkpQMDloLVVtTWhmNXRvRWkySG96LW1jQVNTQlBhRDYyN2c3eGFTS0ZVMk1VQ1gzT3J5SVJyUQ?oc=5\" target=\"_blank\" rel=\"nofollow noopener\">\u00abCe n&rsquo;est pas un hasard si les universit\u00e9s et les \u00e9coles sont prises pour cible par l&rsquo;entrisme islamiste\u00bb, alerte Aurore Berg\u00e9<\/a>&nbsp;&nbsp;CNews<\/li>\n<\/ol>\n","protected":false},"excerpt":{"rendered":"Cours interrompu \u00e0 l\u2019universit\u00e9 Lyon 2 : l&rsquo;UNEF regrette l&rsquo;absence de poursuites&#8230; contre l&rsquo;enseignant&nbsp;&nbsp;lyonmag.com Intrusion \u00e0 Lyon-2: Fabrice&hellip;\n","protected":false},"author":2,"featured_media":11515,"comment_status":"","ping_status":"","sticky":false,"template":"","format":"standard","meta":{"footnotes":""},"categories":[4],"tags":[1111,11,2813,2190,1109,251,1112,2811,118,1011,27,1922,1110,1114,2428,2810,12,241,316,25,2812,517,800],"class_list":{"0":"post-11514","1":"post","2":"type-post","3":"status-publish","4":"format-standard","5":"has-post-thumbnail","7":"category-france","8":"tag-actu","9":"tag-actualites","10":"tag-article","11":"tag-asvel","12":"tag-breves","13":"tag-culture","14":"tag-depeches","15":"tag-economique","16":"tag-faits-divers","17":"tag-fr","18":"tag-france","19":"tag-info","20":"tag-informations","21":"tag-infos","22":"tag-lyon","23":"tag-lyonmag","24":"tag-news","25":"tag-ol","26":"tag-politique","27":"tag-republique-francaise","28":"tag-sociale","29":"tag-sport","30":"tag-transports"},"share_on_mastodon":{"url":"https:\/\/pubeurope.com\/@fr\/114305382700155919","error":""},"_links":{"self":[{"href":"https:\/\/www.europesays.com\/fr\/wp-json\/wp\/v2\/posts\/11514","targetHints":{"allow":["GET"]}}],"collection":[{"href":"https:\/\/www.europesays.com\/fr\/wp-json\/wp\/v2\/posts"}],"about":[{"href":"https:\/\/www.europesays.com\/fr\/wp-json\/wp\/v2\/types\/post"}],"author":[{"embeddable":true,"href":"https:\/\/www.europesays.com\/fr\/wp-json\/wp\/v2\/users\/2"}],"replies":[{"embeddable":true,"href":"https:\/\/www.europesays.com\/fr\/wp-json\/wp\/v2\/comments?post=11514"}],"version-history":[{"count":0,"href":"https:\/\/www.europesays.com\/fr\/wp-json\/wp\/v2\/posts\/11514\/revisions"}],"wp:featuredmedia":[{"embeddable":true,"href":"https:\/\/www.europesays.com\/fr\/wp-json\/wp\/v2\/media\/11515"}],"wp:attachment":[{"href":"https:\/\/www.europesays.com\/fr\/wp-json\/wp\/v2\/media?parent=11514"}],"wp:term":[{"taxonomy":"category","embeddable":true,"href":"https:\/\/www.europesays.com\/fr\/wp-json\/wp\/v2\/categories?post=11514"},{"taxonomy":"post_tag","embeddable":true,"href":"https:\/\/www.europesays.com\/fr\/wp-json\/wp\/v2\/tags?post=11514"}],"curies":[{"name":"wp","href":"https:\/\/api.w.org\/{rel}","templated":true}]}}