{"id":115144,"date":"2025-05-20T20:16:08","date_gmt":"2025-05-20T20:16:08","guid":{"rendered":"https:\/\/www.europesays.com\/fr\/115144\/"},"modified":"2025-05-20T20:16:08","modified_gmt":"2025-05-20T20:16:08","slug":"en-finale-de-la-coupe-de-france-reims-priorise-son-maintien-en-ligue-1","status":"publish","type":"post","link":"https:\/\/www.europesays.com\/fr\/115144\/","title":{"rendered":"en finale de la Coupe de France, Reims priorise son maintien en Ligue 1"},"content":{"rendered":"<p><strong>D\u00c9CRYPTAGE<\/strong> &#8211; Entre ses deux matchs face \u00e0 Metz pour \u00e9viter la rel\u00e9gation, le club r\u00e9mois d\u00e9fiera le PSG en finale de la Coupe de France. Son maintien en L1 sera sa priorit\u00e9.<\/p>\n<p class=\"fig-paragraph\">Neuf jours pour un \u00e9pilogue euphorique\u2026 ou dramatique. En terminant 16e de<a href=\"https:\/\/www.lefigaro.fr\/sports\/football\/ligue-1\/classement\" target=\"_blank\" rel=\"noopener\" data-gtm-custom-categorie=\"navigation\" data-gtm-custom-action=\"crossclick\" data-gtm-custom-label=\"Contextuel\" data-gtm-event=\"customEventSPE\">\u00a0Ligue 1<\/a>, le Stade de Reims s\u2019est condamn\u00e9 \u00e0 jouer un barrage aller-retour face au 3e de L2, Metz, pour sauver sa place dans l\u2019\u00e9lite. D\u00e9placement en Lorraine ce mercredi (20\u00a0heures, beIN Sports), r\u00e9ception dans la Marne jeudi prochain. Et au milieu, une finale de\u00a0<a href=\"https:\/\/www.lefigaro.fr\/sports\/football\/coupe-de-france\" target=\"_blank\" data-fig-type=\"Section\" rel=\"noopener\" data-gtm-custom-categorie=\"navigation\" data-gtm-custom-action=\"crossclick\" data-gtm-custom-label=\"Contextuel\" data-gtm-event=\"customEventSPE\" data-fig-domain=\"LEFIGARO\">Coupe de France<\/a>\u00a0face au\u00a0<a href=\"http:\/\/www.lefigaro.fr\/sports\/football\/ligue-1\/psg-pour-ecrire-de-l-histoire-on-doit-supporter-la-pression-lance-luis-enrique-plus-ambitieux-que-jamais-20250518\" target=\"_blank\" data-fig-type=\"NewsFlash\" rel=\"noopener\" data-gtm-custom-categorie=\"navigation\" data-gtm-custom-action=\"crossclick\" data-gtm-custom-label=\"Contextuel\" data-gtm-event=\"customEventSPE\" data-fig-domain=\"LEFIGARO\">Paris Saint-Germain<\/a>, ce samedi (21\u00a0heures) \u00e0 Saint-Denis. \u00ab\u00a0Elle passe au second plan. C\u2019est malheureux \u00e0 dire, mais on a un match \u00e0 disputer mercredi\u00a0\u00bb, a pr\u00e9venu l\u2019entra\u00eeneur r\u00e9mois\u00a0<a href=\"http:\/\/www.lefigaro.fr\/sports\/football\/ligue-1\/ligue-1-on-ne-va-pas-baisser-les-bras-annonce-l-entraineur-de-reims-samba-diawara-20250502\" target=\"_blank\" data-fig-type=\"NewsFlash\" rel=\"noopener\" data-gtm-custom-categorie=\"navigation\" data-gtm-custom-action=\"crossclick\" data-gtm-custom-label=\"Contextuel\" data-gtm-event=\"customEventSPE\" data-fig-domain=\"LEFIGARO\">Samba Diawara<\/a>\u00a0dans les minutes qui ont suivi la d\u00e9faite \u00e0 Lille le 17\u00a0mai (2-1) lors de la derni\u00e8re journ\u00e9e de championnat.<\/p>\n<p class=\"fig-paragraph\">La priorit\u00e9 ne fait aucun doute pour un club qui vient de boucler sa 7e\u00a0saison cons\u00e9cutive en L1, sa 11e sur les 13 derni\u00e8res. Jean-Pierre Caillot, pr\u00e9sident depuis 2003, avait annonc\u00e9, il y a un mois et demi, apr\u00e8s la qualification en finale de la coupe, faire le trajet de Reims au Stade de France \u00e0 v\u00e9lo.<a href=\"http:\/\/www.lefigaro.fr\/sports\/football\/foot-le-president-du-stade-de-reims-annule-son-periple-a-velo-jusqu-au-stade-de-france-20250518\" target=\"_blank\" data-fig-type=\"NewsFlash\" rel=\"noopener\" data-gtm-custom-categorie=\"navigation\" data-gtm-custom-action=\"crossclick\" data-gtm-custom-label=\"Contextuel\" data-gtm-event=\"customEventSPE\" data-fig-domain=\"LEFIGARO\">\u00a0Il a renonc\u00e9 dimanche<\/a><\/p>\n<p class=\"fig-premium-paywall__infos\">\n        Cet article est r\u00e9serv\u00e9 aux abonn\u00e9s.        Il vous reste 78% \u00e0 d\u00e9couvrir.\n    <\/p>\n<p>                <img  data- alt=\"Le Figaro\" class=\"fig-img--complete fig-img\"\/><\/p>\n<p class=\"fig-premium-paywall__title\">Vente Flash<\/p>\n<p class=\"fig-premium-paywall__subtitle\">4,99\u20ac par mois pendant 12 mois. Sans engagement.<\/p>\n<p class=\"fig-premium-paywall__connect\">\n                D\u00e9j\u00e0 abonn\u00e9\u00a0?                <a class=\"fig-premium-paywall__connect-link\" href=\"https:\/\/connect.lefigaro.fr\/login?client=horizon_web&amp;type=main&amp;redirect_uri=https%3A%2F%2Fwww.lefigaro.fr%2Fsports%2Ffootball%2Fligue-1%2Felle-passe-au-second-plan-en-finale-de-la-coupe-de-france-reims-priorise-son-maintien-en-ligue-1-20250520\" data-js-gtm=\"{&quot;customCategorie&quot;: &quot;conversion&quot;, &quot;customAction&quot;: &quot;before_Landing_Connexion_paywall_auto&quot;, &quot;customLabel&quot;: &quot;bGVmaWdhcm8uZnJfXzFmMDM1NWE4LTI2MTMtNjBhNi1hNGVkLTAxZTQ2MTQ0Y2UzNF9fQXJ0aWNsZQ==_\u00abElle passe au second plan\u00bb\u00a0: en finale de la Coupe de France, Reims priorise son maintien en Ligue 1_326&quot;, &quot;customIDSPE&quot;: &quot;bGVmaWdhcm8uZnJfXzFmMDM1NWE4LTI2MTMtNjBhNi1hNGVkLTAxZTQ2MTQ0Y2UzNF9fQXJ0aWNsZQ==&quot;, &quot;event&quot;: &quot;customEventSPE&quot;}\" target=\"_blank\" rel=\"noopener\"><br \/>\n                    Connectez-vous<br \/>\n                <\/a>\n            <\/p>\n","protected":false},"excerpt":{"rendered":"D\u00c9CRYPTAGE &#8211; Entre ses deux matchs face \u00e0 Metz pour \u00e9viter la rel\u00e9gation, le club r\u00e9mois d\u00e9fiera le&hellip;\n","protected":false},"author":2,"featured_media":115145,"comment_status":"","ping_status":"","sticky":false,"template":"","format":"standard","meta":{"footnotes":""},"categories":[1412],"tags":[525,1981,83,814,1451,2257,63,1452,1453,1454,1455,1011,27,3309,66,1307,955,1176,978,93,1980,60,464],"class_list":{"0":"post-115144","1":"post","2":"type-post","3":"status-publish","4":"format-standard","5":"has-post-thumbnail","7":"category-f1","8":"tag-calendrier","9":"tag-classement","10":"tag-coupe-de-france","11":"tag-direct","12":"tag-f1","13":"tag-foot","14":"tag-football","15":"tag-formula-1","16":"tag-formula1","17":"tag-formule-1","18":"tag-formule1","19":"tag-fr","20":"tag-france","21":"tag-l1","22":"tag-ligue-1","23":"tag-lille","24":"tag-match","25":"tag-olympique-de-marseille","26":"tag-olympique-lyonnais","27":"tag-psg","28":"tag-resultats","29":"tag-sports","30":"tag-stade-de-reims"},"share_on_mastodon":{"url":"https:\/\/pubeurope.com\/@fr\/114542004323377845","error":""},"_links":{"self":[{"href":"https:\/\/www.europesays.com\/fr\/wp-json\/wp\/v2\/posts\/115144","targetHints":{"allow":["GET"]}}],"collection":[{"href":"https:\/\/www.europesays.com\/fr\/wp-json\/wp\/v2\/posts"}],"about":[{"href":"https:\/\/www.europesays.com\/fr\/wp-json\/wp\/v2\/types\/post"}],"author":[{"embeddable":true,"href":"https:\/\/www.europesays.com\/fr\/wp-json\/wp\/v2\/users\/2"}],"replies":[{"embeddable":true,"href":"https:\/\/www.europesays.com\/fr\/wp-json\/wp\/v2\/comments?post=115144"}],"version-history":[{"count":0,"href":"https:\/\/www.europesays.com\/fr\/wp-json\/wp\/v2\/posts\/115144\/revisions"}],"wp:featuredmedia":[{"embeddable":true,"href":"https:\/\/www.europesays.com\/fr\/wp-json\/wp\/v2\/media\/115145"}],"wp:attachment":[{"href":"https:\/\/www.europesays.com\/fr\/wp-json\/wp\/v2\/media?parent=115144"}],"wp:term":[{"taxonomy":"category","embeddable":true,"href":"https:\/\/www.europesays.com\/fr\/wp-json\/wp\/v2\/categories?post=115144"},{"taxonomy":"post_tag","embeddable":true,"href":"https:\/\/www.europesays.com\/fr\/wp-json\/wp\/v2\/tags?post=115144"}],"curies":[{"name":"wp","href":"https:\/\/api.w.org\/{rel}","templated":true}]}}