{"id":115146,"date":"2025-05-20T20:17:09","date_gmt":"2025-05-20T20:17:09","guid":{"rendered":"https:\/\/www.europesays.com\/fr\/115146\/"},"modified":"2025-05-20T20:17:09","modified_gmt":"2025-05-20T20:17:09","slug":"jarno-widar-premier-test-en-montagne-actualite","status":"publish","type":"post","link":"https:\/\/www.europesays.com\/fr\/115146\/","title":{"rendered":"Jarno Widar, premier test en montagne &#8211; Actualit\u00e9"},"content":{"rendered":"<p style=\"text-align: justify;\">Il revient de dix jours d&rsquo;entra\u00eenement dans la Sierra Nevada, le signe que les grandes man\u0153uvres pour la montagne ont commenc\u00e9. Un camp en altitude, perch\u00e9 \u00e0 2300 m\u00e8tres, o\u00f9 il a fait des ascensions et quelques globules, accompagn\u00e9 de son co\u00e9quipier Niels Driesen. Lundi, Jarno Widar (Lotto Development) est descendu de la station espagnole.\u00a0<strong>\u00c0<\/strong> peine deux jours plus tard, il s&rsquo;appr\u00eate \u00e0 disputer la Ronde de l&rsquo;Isard, qui s&rsquo;\u00e9lance mercredi dans les Pyr\u00e9n\u00e9es. \u00ab\u00a0Sans pression\u00a0\u00bb, affirme son \u00e9quipe. Vraiment\u00a0?<\/p>\n<p>Jarno Widar est d&rsquo;ores et d\u00e9j\u00e0 donn\u00e9 vainqueur par les formations adverses.\u00a0Homme fort de la saison 2024 chez les Espoirs &#8211; victoires au Giro NextGen, au Tour du Val d&rsquo;Aoste-Mont Blanc et \u00e0 l&rsquo;Alpe Is\u00e8re Tour -, l&rsquo;athl\u00e8te de 19 ans avait termin\u00e9\u00a02e de la Ronde de l&rsquo;Isard l&rsquo;an pass\u00e9, derri\u00e8re Darren van Bekkum (Visma-Lease a Bike Development). Mais, dit-il sur le site de son \u00e9quipe, apr\u00e8s un stage en altitude, \u00ab\u00a0on ne sait pas toujours comment le corps r\u00e9cup\u00e8re. Je ne sais pas encore comment mon corps r\u00e9agira dans les premiers jours\u00a0\u00bb.<\/p>\n<p>Et, m\u00eame si le natif de Hasselt aura \u00e0 c\u0153ur de remporter une course qui manque \u00e0 son palmar\u00e8s, il n&rsquo;en fait pas myst\u00e8re\u00a0: son principal objectif est de remporter un deuxi\u00e8me Giro U23 d&rsquo;affil\u00e9e, entre le 15 et le 22 juin prochain, avant de viser le titre Mondial au Rwanda en fin de saison. La Ronde de l&rsquo;Isard constitue \u00ab\u00a0une pr\u00e9paration id\u00e9ale\u00a0\u00bb, dit-il.<\/p>\n<p><strong>\u00a0\u00ab JARNO EST HABITU\u00c9 \u00c0 VIVRE AVEC CE STATUT \u00bb<\/strong><\/p>\n<p>Sur les routes pyr\u00e9n\u00e9ennes, son \u00e9quipe portera lourdement sur ses \u00e9paules le fameux poids de la course. \u00ab\u00a0C&rsquo;est toujours dangereux d&rsquo;\u00eatre attendu et regard\u00e9 par les autres, convient Dirk Aernouts, directeur sportif de la Lotto U23, interrog\u00e9 par DirectVelo. Nous allons faire attention \u00e0 ne pas nous retrouver pi\u00e9g\u00e9s\u00a0\u00bb. Ce disant, il l\u00e8ve les yeux \u00e0 l&rsquo;horizon. \u00ab\u00a0Le probl\u00e8me, dans la r\u00e9gion, ce sont les orages. La m\u00e9t\u00e9o peut tout changer&#8230;\u00a0\u00bb.<\/p>\n<p>Plus qu&rsquo;attendue au tournant, l&rsquo;\u00e9quipe au maillot rouge et noir n&rsquo;entend pas se d\u00e9rober \u00e0 ses devoirs. \u00ab\u00a0Jarno est habitu\u00e9 \u00e0 vivre avec ce statut, poursuit son directeur sportif. Cette ann\u00e9e, il \u00e9tait tr\u00e8s surveill\u00e9 sur la Fl\u00e8che ardennaise et Li\u00e8ge-Bastogne-Li\u00e8ge Espoirs (qu&rsquo;il a remport\u00e9, NDLR). C&rsquo;est un v\u00e9ritable leader, il prendra ses responsabilit\u00e9s au moment voulu\u00a0\u00bb.<\/p>\n<p>Jarno Widar et ses \u00e9quipiers poursuivront donc trois objectifs au long des premiers cols de la saison Espoirs. La mise sur orbite pour le Giro NextGen, le maillot jaune comme leurs devanciers l&rsquo;avaient d\u00e9j\u00e0 d\u00e9croch\u00e9, le regrett\u00e9 Bjorg Lambrecht en 2016 et Xandres Vervloesem en 2020. Et enfin \u00ab\u00a0l&rsquo;apprentissage, car c&rsquo;est important d&rsquo;apprendre\u00a0\u00bb, souligne Dirk Aernouts. L&rsquo;\u00e9quipe va ainsi jeter dans ce bain bouillonnant Lucas Van Gils, 19 ans, vainqueur d&rsquo;\u00e9tape notamment de l&rsquo;Ain Bugey Valromey Tour l&rsquo;an pass\u00e9 (et sans lien de parent\u00e9 avec Maxim). \u00ab\u00a0C&rsquo;est une chance pour Lucas d&rsquo;apprendre aux c\u00f4t\u00e9s de Jarno\u00a0\u00bb, appuie le directeur sportif de la formation belge.<\/p>\n","protected":false},"excerpt":{"rendered":"Il revient de dix jours d&rsquo;entra\u00eenement dans la Sierra Nevada, le signe que les grandes man\u0153uvres pour la&hellip;\n","protected":false},"author":2,"featured_media":115147,"comment_status":"","ping_status":"","sticky":false,"template":"","format":"standard","meta":{"footnotes":""},"categories":[1411],"tags":[834,828,836,829,837,827,83,826,824,823,1154,207,814,817,815,816,822,821,832,211,839,1011,27,820,818,819,835,831,830,833,838,60,212,208,825],"class_list":{"0":"post-115146","1":"post","2":"type-post","3":"status-publish","4":"format-standard","5":"has-post-thumbnail","7":"category-cyclisme","8":"tag-attaque","9":"tag-belgique","10":"tag-braquet","11":"tag-bretagne","12":"tag-chute","13":"tag-competition","14":"tag-coupe-de-france","15":"tag-coureur","16":"tag-course-cyclisme","17":"tag-course-cycliste","18":"tag-cycling","19":"tag-cyclisme","20":"tag-direct","21":"tag-direct-velo","22":"tag-directvelo","23":"tag-directvelo-com","24":"tag-epreuve","25":"tag-epreuve-cycliste","26":"tag-federation-francaise-de-cyclisme","27":"tag-ffc","28":"tag-flandres","29":"tag-fr","30":"tag-france","31":"tag-live","32":"tag-live-course","33":"tag-live-epreuve","34":"tag-peloton","35":"tag-radio-peloton","36":"tag-radio-tour","37":"tag-ravitaillement","38":"tag-relance","39":"tag-sports","40":"tag-uci","41":"tag-velo","42":"tag-velos"},"share_on_mastodon":{"url":"https:\/\/pubeurope.com\/@fr\/114542008267089345","error":""},"_links":{"self":[{"href":"https:\/\/www.europesays.com\/fr\/wp-json\/wp\/v2\/posts\/115146","targetHints":{"allow":["GET"]}}],"collection":[{"href":"https:\/\/www.europesays.com\/fr\/wp-json\/wp\/v2\/posts"}],"about":[{"href":"https:\/\/www.europesays.com\/fr\/wp-json\/wp\/v2\/types\/post"}],"author":[{"embeddable":true,"href":"https:\/\/www.europesays.com\/fr\/wp-json\/wp\/v2\/users\/2"}],"replies":[{"embeddable":true,"href":"https:\/\/www.europesays.com\/fr\/wp-json\/wp\/v2\/comments?post=115146"}],"version-history":[{"count":0,"href":"https:\/\/www.europesays.com\/fr\/wp-json\/wp\/v2\/posts\/115146\/revisions"}],"wp:featuredmedia":[{"embeddable":true,"href":"https:\/\/www.europesays.com\/fr\/wp-json\/wp\/v2\/media\/115147"}],"wp:attachment":[{"href":"https:\/\/www.europesays.com\/fr\/wp-json\/wp\/v2\/media?parent=115146"}],"wp:term":[{"taxonomy":"category","embeddable":true,"href":"https:\/\/www.europesays.com\/fr\/wp-json\/wp\/v2\/categories?post=115146"},{"taxonomy":"post_tag","embeddable":true,"href":"https:\/\/www.europesays.com\/fr\/wp-json\/wp\/v2\/tags?post=115146"}],"curies":[{"name":"wp","href":"https:\/\/api.w.org\/{rel}","templated":true}]}}