{"id":1151470,"date":"2026-08-27T06:26:22","date_gmt":"2026-08-27T06:26:22","guid":{"rendered":"https:\/\/www.europesays.com\/fr\/1151470\/"},"modified":"2026-08-27T06:26:22","modified_gmt":"2026-08-27T06:26:22","slug":"fenerbahce-comment-lirresponsable-matteo-guendouzi-a-fait-peter-les-plombs-a-lentraineur-des-gardiens-lyonnais","status":"publish","type":"post","link":"https:\/\/www.europesays.com\/fr\/1151470\/","title":{"rendered":"Fenerbah\u00e7e\u00a0: Comment \u00ab\u00a0l\u2019irresponsable\u00a0\u00bb Matt\u00e9o Guendouzi a fait p\u00e9ter les plombs \u00e0 l\u2019entra\u00eeneur des gardiens lyonnais"},"content":{"rendered":"<p>Au Parc OL,<\/p>\n<p>La tradition des sales soir\u00e9es europ\u00e9ennes contre des clubs turcs, syst\u00e9matiquement conclues avec les yeux qui piquent en raison des gaz lacrymog\u00e8nes balanc\u00e9s par les CRS, s\u2019est confirm\u00e9e mercredi au Parc OL. Pour la troisi\u00e8me fois en neuf ans, apr\u00e8s le <a href=\"https:\/\/www.20minutes.fr\/lyon\/2049835-20170414-lyon-besiktas-rien-compris-invraisemblable-chaos-parc-ol-explique-tout\" class=\"c-link c-link--is-underlined\" rel=\"nofollow noopener\" target=\"_blank\">chaos originel v\u00e9cu contre Besiktas en\u00a02017<\/a>, avec un succ\u00e8s (2-1) passant au second plan, puis <a href=\"https:\/\/www.20minutes.fr\/sport\/football\/ligue_europa\/4117730-20241025-ol-besiktas-comment-nouveaux-debordements-pu-avoir-lieu-autour-parc-ol\" class=\"c-link c-link--is-underlined\" rel=\"nofollow noopener\" target=\"_blank\">la \u00ab\u00a0revanche\u00a0\u00bb plus calme<\/a> la saison pass\u00e9e, toujours en Ligue Europa (0-1), les Lyonnais ont cette fois v\u00e9cu une \u00e9norme d\u00e9sillusion contre une autre r\u00e9f\u00e9rence stambouliote, <a href=\"https:\/\/www.20minutes.fr\/dossier\/fenerbahce\" class=\"c-link c-link--is-underlined\" rel=\"nofollow noopener\" target=\"_blank\">Fenerbah\u00e7e<\/a>, en <a href=\"https:\/\/www.20minutes.fr\/sport\/football\/ligue_des_champions\/4240751-20260826-direct-ol-fenerbahce-lyon-portes-retour-tant-attendu-c1-pactole-crucial-suivez-barrage-retour\" class=\"c-link c-link--is-underlined\" rel=\"nofollow noopener\" target=\"_blank\">barrage de la Ligue des champions (1-2)<\/a>.<\/p>\n<p>Cette fois, outre le d\u00e9pit de vivre une 7e saison cons\u00e9cutive sans <a href=\"https:\/\/www.20minutes.fr\/sport\/ligue_des_champions\/\" class=\"c-link c-link--is-underlined\" rel=\"nofollow noopener\" target=\"_blank\">C1<\/a>, la plupart des 55.445 spectateurs avaient un point commun\u00a0: celui de vouloir en d\u00e9coudre avec <a href=\"https:\/\/www.20minutes.fr\/sport\/matteo-guendouzi\/\" class=\"c-link c-link--is-underlined\" rel=\"nofollow noopener\" target=\"_blank\">Matt\u00e9o Guendouzi<\/a>. Car les <a href=\"https:\/\/x.com\/CanalplusFoot\/status\/2092732122100277743\" target=\"_blank\" class=\"c-link c-link--is-underlined\" rel=\"nofollow\">multiples provocations<\/a> du milieu fran\u00e7ais du \u00ab\u00a0Fener\u00a0\u00bb \u00e0 l\u2019encontre du public de D\u00e9cines se sont r\u00e9v\u00e9l\u00e9es au moins aussi d\u00e9sagr\u00e9ables que les lacrymos. Pr\u00e9cieux par son activit\u00e9 dans l\u2019entrejeu, l\u2019ancien joueur de l\u2019<a href=\"https:\/\/www.20minutes.fr\/sport\/om\/\" class=\"c-link c-link--is-underlined\" rel=\"nofollow noopener\" target=\"_blank\">OM<\/a> (de\u00a02021 \u00e0\u00a02023) avait lanc\u00e9 ce match crucial en tenant \u00e0 <a href=\"https:\/\/x.com\/JS_Grond\/status\/2092681277958742137\" target=\"_blank\" class=\"c-link c-link--is-underlined\" rel=\"nofollow\">entrer le premier sur la pelouse<\/a> \u00e0 l\u2019\u00e9chauffement, comme pour se nourrir de la bronca qui l\u2019attendait.<\/p>\n<p><img decoding=\"async\" alt=\"Ne parlez surtout pas \u00e0 Matt\u00e9o Guendouzi de son bonheur d'avoir fait partie de l'aventure jusqu'en finale de la Coupe du monde 2022 avec les Bleus. Car oui, \u00e7a n'est rien \u00e0 c\u00f4t\u00e9 d'une \u00e9limination de l'OL en barrage de Ligue des champions. \" class=\"c-img\" loading=\"lazy\" fetchpriority=\"auto\" width=\"718\"  src=\"https:\/\/img.20mn.fr\/CvFcGqbYQq63_lE2M5SCryk\/718x0-0.1x3.6050156739811996-100\" \/>Ne parlez surtout pas \u00e0 Matt\u00e9o Guendouzi de son bonheur d&rsquo;avoir fait partie de l&rsquo;aventure jusqu&rsquo;en finale de la Coupe du monde 2022 avec les Bleus. Car oui, \u00e7a n&rsquo;est rien \u00e0 c\u00f4t\u00e9 d&rsquo;une \u00e9limination de l&rsquo;OL en barrage de Ligue des champions. \u2002-\u00a0A. Hudaverdi Yaman\/Anadolu\/AFPDoigt d\u2019honneur, r\u00e9f\u00e9rence \u00e0 Jul et \u00ab\u00a0Allez l\u2019OM\u00a0\u00bb<\/p>\n<p>D\u00e8s l\u2019\u00e9chauffement, celle-ci s\u2019est accompagn\u00e9e du c\u00f4t\u00e9 des virages du tristement c\u00e9l\u00e8bre chant \u00ab\u00a0Guendouzi, n\u2026. ta m\u00e8re\u00a0\u00bb, auquel ont <a href=\"https:\/\/www.20minutes.fr\/sport\/football\/coupe-de-france\/4090765-20240525-ol-psg-comment-bradley-barcola-pu-devenir-ennemi-public-numero-supporteurs-lyonnais\" class=\"c-link c-link--is-underlined\" rel=\"nofollow noopener\" target=\"_blank\">r\u00e9guli\u00e8rement droit Bradley Barcola<\/a> ainsi que des arbitres et gardiens de <a href=\"https:\/\/www.20minutes.fr\/sport\/ligue-1\/\" class=\"c-link c-link--is-underlined\" rel=\"nofollow noopener\" target=\"_blank\">Ligue 1<\/a>. \u00ab\u00a0Vous savez, quand vous avez 60.000 personnes qui insultent votre famille, votre m\u00e8re, vos enfants, m\u00eame avant le match puis pendant plus de 90 minutes, et que personne ne dit au stade de se taire, c\u2019est quelque chose qui touche et c\u2019\u00e9tait pour moi irrespectueux\u00a0\u00bb, <a href=\"https:\/\/x.com\/JS_Grond\/status\/2092745009925623847\" target=\"_blank\" class=\"c-link c-link--is-underlined\" rel=\"nofollow\">a pu regretter Matt\u00e9o Guendouzi<\/a> en zone d\u2019interview apr\u00e8s ce si \u00e9lectrique barrage retour.<\/p>\n<p>Certes, mais l\u2019international tricolore (14 s\u00e9lections sous Didier Deschamps) a sacr\u00e9ment envenim\u00e9 les choses d\u2019embl\u00e9e en adressant aux ultras de l\u2019OL <a href=\"https:\/\/x.com\/CanalplusFoot\/status\/2092681880353100006\" target=\"_blank\" class=\"c-link c-link--is-underlined\" rel=\"nofollow\">un doigt d\u2019honneur capt\u00e9 par Canal +<\/a>\u00a0avant le coup d\u2019envoi. Puis pour le package complet du comportement d\u00e9testable, \u00e0 moins d\u2019\u00eatre supporteur du \u00ab\u00a0Fener\u00a0\u00bb (ou de l\u2019OM), on notera son attitude sur le deuxi\u00e8me but d\u2019Archie Brown (0-2, 28e). On voit bien que le milieu form\u00e9 au PSG pense davantage \u00e0 venir chambrer le virage nord qu\u2019\u00e0 f\u00e9liciter son co\u00e9quipier.<\/p>\n<p>Fous de rage, certains membres des Bad Gones sont d\u2019ailleurs proches d\u2019envahir le terrain, comme leurs homologues du virage sud apr\u00e8s le coup de sifflet final. Car c\u2019est \u00e0 ce moment-l\u00e0 que Matt\u00e9o Guendouzi a \u00e9t\u00e9 incontr\u00f4lable, en transe. C\u00e9l\u00e9brer la premi\u00e8re qualification de son club en Ligue des champions depuis\u00a02008 n\u2019\u00e9tait alors clairement pas sa priorit\u00e9. Il a ainsi pr\u00e9f\u00e9r\u00e9 multiplier face aux spectateurs le signe de <a href=\"https:\/\/www.20minutes.fr\/dossier\/jul\" class=\"c-link c-link--is-underlined\" rel=\"nofollow noopener\" target=\"_blank\">Jul<\/a>, ic\u00f4ne du rap marseillais (tout comme ce cher Mason Greenwood), avant de hurler \u00ab\u00a0Allez l\u2019OM\u00a0\u00bb devant une cam\u00e9ra de Canal +. Ses exc\u00e8s se situent surtout dans ses invitations \u00e0 en d\u00e9coudre lanc\u00e9es \u00e0 des spectateurs, de m\u00eame qu\u2019\u00e0 ses gestes obsc\u00e8nes <a href=\"https:\/\/x.com\/Memphiste__\/status\/2092733301857329348\" target=\"_blank\" class=\"c-link c-link--is-underlined\" rel=\"nofollow\">en se touchant ses parties intimes<\/a>.<\/p>\n<p class=\"mb-xxl@xs color-ultramarine font-weight-semi-bold@xs font-source-serif-pro text-xxl@xs\">L\u2019acc\u00e8s \u00e0 ce contenu X (Twitter) a \u00e9t\u00e9 bloqu\u00e9 afin de respecter vos choix de consentement<\/p>\n<p class=\"mb-m@xs text-l@xs\">En cliquant sur \u00ab\u00a0Accepter les cookies\u00a0\u00bb, vous consentez au d\u00e9p\u00f4t de cookies par X (Twitter) et pourrez ainsi acc\u00e9der \u00e0 ce contenu interactif.<\/p>\n<p class=\"mb-m@xs text-l@xs\">Vous pouvez, \u00e0 tout moment, modifier vos choix cookies ou retirer votre consentement en bas de nos pages.<\/p>\n<p class=\"mb-xl@xs text-s@xs\">En savoir plus sur notre <a href=\"https:\/\/www.20minutes.fr\/gestion-cookies\" class=\"color-ultramarine\" rel=\"nofollow noopener\" target=\"_blank\">politique de cookies<\/a> et sur la <a href=\"https:\/\/privacy.x.com\/en\" class=\"color-ultramarine\" rel=\"nofollow noopener\" target=\"_blank\">politique de confidentialit\u00e9 de ce partenaire<\/a>.<\/p>\n<p>G\u00e9rer mes pr\u00e9f\u00e9rencesJ\u2019accepte les cookies<\/p>\n<p>Antonio Fereira dans la lumi\u00e8re de mani\u00e8re lunaire<\/p>\n<p>Ajoutez \u00e0 cela des bonds et des gestes exag\u00e9r\u00e9s pr\u00e8s de joueurs lyonnais abattus, et vous comprendrez ais\u00e9ment pourquoi Ruben Kluivert, Pavel Sulc, Zachary Athekame, Ka\u00efl Boudache et surtout Lo\u00efs Openda sont tous all\u00e9s se chauffer avec lui, ce qui a donn\u00e9 lieu \u00e0 de premi\u00e8res \u00e9chauffour\u00e9es post-match. Seul <a href=\"https:\/\/www.20minutes.fr\/sport\/corentin-tolisso\/\" class=\"c-link c-link--is-underlined\" rel=\"nofollow noopener\" target=\"_blank\">Corentin Tolisso<\/a> l\u2019a abord\u00e9 avec pour but de calmer le loustic. Mais c\u2019\u00e9tait peine perdue\u00a0: bien que raccompagn\u00e9s vers les vestiaires par ses co\u00e9quipiers Vedat Muriqi et Milan Skriniar, d\u00e9cid\u00e9s \u00e0 \u00e9viter davantage de d\u00e9bordements entre les deux \u00e9quipes, Matt\u00e9o Guendouzi a d\u00e9clench\u00e9 une \u00e9ni\u00e8me danse face \u00e0 la tribune ouest du Parc OL, tout pr\u00e8s du tunnel, ainsi que de nouveaux gestes obsc\u00e8nes.<\/p>\n<p>C\u2019est le moment o\u00f9 la situation a vir\u00e9 pour de bon au grand n\u2019importe quoi puisqu\u2019un adjoint de <a href=\"https:\/\/www.20minutes.fr\/sport\/football\/paulo-fonseca\/\" class=\"c-link c-link--is-underlined\" rel=\"nofollow noopener\" target=\"_blank\">Paulo Fonseca<\/a>, l\u2019entra\u00eeneur des gardiens Antonio Fereira, a jailli du bas de la tribune pour <a href=\"https:\/\/x.com\/edin9makina\/status\/2092719101248417960\" target=\"_blank\" class=\"c-link c-link--is-underlined\" rel=\"nofollow\">se jeter sur la pelouse en mode \u00ab\u00a0high kick\u00a0\u00bb<\/a> \u00e0 la Eric Cantona. Un p\u00e9tage de c\u00e2ble ahurissant pour un membre de staff, \u00e2g\u00e9 de 48 ans qui plus est. On voit sur des vid\u00e9os partag\u00e9es par des spectateurs sur les r\u00e9seaux sociaux qu\u2019<a href=\"https:\/\/x.com\/matthou07\/status\/2092723225998307527\" target=\"_blank\" class=\"c-link c-link--is-underlined\" rel=\"nofollow\">un membre de la s\u00e9curit\u00e9 du \u00ab\u00a0Fener\u00a0\u00bb s\u2019interpose<\/a> pour prot\u00e9ger Matt\u00e9o Guendouzi, juste avant que plusieurs joueurs turcs ne se ruent sur Antonio Fereira, coinc\u00e9 contre la porte de l\u2019entr\u00e9e du tunnel, et possiblement frapp\u00e9.<\/p>\n<p>\u00ab\u00a0L\u2019un des entra\u00eeneurs lyonnais a attaqu\u00e9 Guendouzi. En tant qu\u2019\u00e9quipe, on s\u2019est tous unis et on a voulu le prot\u00e9ger. Je suis fier de mes joueurs\u00a0\u00bb, a simplement gliss\u00e9 sur le sujet le coach de Fenerbah\u00e7e Ismail Kartal. Conscient des \u00e9normes sanctions de l\u2019<a href=\"https:\/\/www.20minutes.fr\/sport\/uefa\/\" class=\"c-link c-link--is-underlined\" rel=\"nofollow noopener\" target=\"_blank\">UEFA<\/a> qui planent au-dessus d\u2019Antonio Fereira, et \u00e0 un degr\u00e9 moindre des virages lyonnais pour leur tentative d\u2019intrusion sur le terrain, Matthieu Louis-Jean ne s\u2019est pas \u00e9tendu sur l\u2019\u00e9pisode du tunnel, peu montr\u00e9 par Canal +. <\/p>\n<p><img decoding=\"async\" alt=\"Cette image iconique est destin\u00e9e \u00e0 finir en poster g\u00e9ant chez les supporteurs de l'OM, qu'on se le dise. \" class=\"c-img\" loading=\"lazy\" fetchpriority=\"auto\" width=\"718\"  src=\"https:\/\/img.20mn.fr\/pso0rAfRSIqSX6_2EBmw1Sk\/718x0-0.1x3.90625-100\" \/>Cette image iconique est destin\u00e9e \u00e0 finir en poster g\u00e9ant chez les supporteurs de l&rsquo;OM, qu&rsquo;on se le dise. \u2002-\u00a0O. Chassignole \/ AFPTolisso lui demande de \u00ab\u00a0rester humble\u00a0\u00bb<\/p>\n<p>\u00ab\u00a0J\u2019ai vu \u00e7a un peu de loin donc on va prendre un peu de temps pour analyser tout \u00e7a, indique ainsi le directeur sportif de l\u2019OL. Mais c\u2019\u00e9tait tr\u00e8s violent sur la fin. J\u2019ai vu qu\u2019il y avait du chambrage sur le terrain. Apr\u00e8s \u00e7a a d\u00e9g\u00e9n\u00e9r\u00e9, il y avait \u00e9norm\u00e9ment de tension sur la fin.\u00a0\u00bb De son c\u00f4t\u00e9, l\u2019ancien d\u00e9fenseur de l\u2019OL <a href=\"https:\/\/www.20minutes.fr\/dossier\/samuel_umtiti\" class=\"c-link c-link--is-underlined\" rel=\"nofollow noopener\" target=\"_blank\">Samuel Umtiti<\/a> a point\u00e9 le comportement de l\u2019ex-Marseillais <a href=\"https:\/\/x.com\/AfterRMC\/status\/2092721827025957234\" target=\"_blank\" class=\"c-link c-link--is-underlined\" rel=\"nofollow\">sur RMC<\/a>\u00a0: \u00ab\u00a0Chambrer fait partie du football, mais au bout d\u2019un moment, stop\u00a0! Il sait que son comportement peut faire d\u00e9g\u00e9n\u00e9rer les choses et c\u2019est ce qu\u2019il s\u2019est pass\u00e9 ce soir\u00a0\u00bb.<\/p>\n<p>Aux commentaires sur Canal +, <a href=\"https:\/\/www.20minutes.fr\/sport\/sidney_govou\/\" class=\"c-link c-link--is-underlined\" rel=\"nofollow noopener\" target=\"_blank\">Sidney Govou<\/a>, un autre embl\u00e9matique ancien de la maison <a href=\"https:\/\/www.20minutes.fr\/sport\/ol\/\" class=\"c-link c-link--is-underlined\" rel=\"nofollow noopener\" target=\"_blank\">OL<\/a>, a qualifi\u00e9 l\u2019attitude de Matt\u00e9o Guendouzi de \u00ab\u00a0ridicule\u00a0\u00bb. Bien que sonn\u00e9 par le nouvel \u00e9chec de son club \u00e0 se hisser en Ligue des champions, Corentin Tolisso a parfaitement d\u00e9crypt\u00e9 la situation en zone d\u2019interview.<\/p>\n<blockquote class=\"mx-m@xs mx-xxl@md color-ultramarine c-citation\">\n<p class=\"font-weight-regular@xs text-italic font-source-serif-pro text-l@xs c-citation__content\">\u00ab\u00a0Je sais pourquoi il a fait tout \u00e7a : il s\u2019est fait insulter tout le match, \u00e0 l\u2019\u00e9chauffement aussi. Mais on est des professionnels et on se fait la plupart du temps insulter sur tous les terrains \u00e0 l\u2019ext\u00e9rieur. \u00c7a n\u2019est pas pour autant qu\u2019il y a des d\u00e9bordements comme celui-l\u00e0 \u00e0 chaque fin de match. Je lui ai juste dit de f\u00eater \u00e7a avec son \u00e9quipe et de rester humble dans la victoire. L\u00e0, le chambrage \u00e9tait assez mesquin. Laisse les supporteurs de l\u2019OL, ils sont d\u00e9j\u00e0 assez frustr\u00e9s comme \u00e7a\u2026\u00a0\u00bb<\/p>\n<\/blockquote>\n<p>\u00ab\u00a0Si on ne peut m\u00eame pas c\u00e9l\u00e9brer comme on en a envie\u2026\u00a0\u00bb<\/p>\n<p>Le capitaine lyonnais a ensuite ajout\u00e9 du contexte, l\u00e0 aussi avec clairvoyance\u00a0: \u00ab\u00a0Il y avait <a href=\"https:\/\/www.rhone.gouv.fr\/Actualites\/Match-de-football-OL-FENERBAHCE-SK-des-mesures-d-encadrement\" target=\"_blank\" class=\"c-link c-link--is-underlined\" rel=\"nofollow noopener\">beaucoup d\u2019arr\u00eat\u00e9s<\/a> autour de ce match, c\u2019\u00e9tait compliqu\u00e9. Je sais ce qu\u2019il s\u2019\u00e9tait pass\u00e9 lorsque <a href=\"https:\/\/www.20minutes.fr\/dossier\/besiktas\" class=\"c-link c-link--is-underlined\" rel=\"nofollow noopener\" target=\"_blank\">Besiktas<\/a> \u00e9tait venu ici en\u00a02017, donc il n\u2019y a pas besoin de faire ce genre de choses. Je pense que c\u2019est irresponsable. J\u2019esp\u00e8re qu\u2019il apprendra et que \u00e7a le fera grandir.\u00a0\u00bb<\/p>\n<p><a href=\"https:\/\/www.20minutes.fr\/sport\/ol\/\" class=\"c-link c-btn c-btn--primary\" rel=\"nofollow noopener\" target=\"_blank\">Notre dossier sur l&rsquo;OL<\/a><\/p>\n<p>On ne miserait pas trop l\u00e0-dessus, lorsqu\u2019on voit l\u2019ultime r\u00e9action du joueur de 27 ans au sujet de son match dans le match avec le Parc OL\u00a0: \u00ab\u00a0Si tu veux taquiner, \u00e7a taquine dans les deux sens. Et si apr\u00e8s on ne peut m\u00eame pas c\u00e9l\u00e9brer comme on a envie de le faire, je trouve \u00e7a dommage\u00a0\u00bb. On aurait presque h\u00e2te de voir un PSG-Fenerbah\u00e7e \u00eatre programm\u00e9 lors du tirage au sort de la Ligue des champions ce jeudi. Enfin, \u00e0 condition que Matt\u00e9o Guendouzi ne soit pas suspendu pour cette affiche, ce qui n\u2019est pas gagn\u00e9.<\/p>\n","protected":false},"excerpt":{"rendered":"Au Parc OL, La tradition des sales soir\u00e9es europ\u00e9ennes contre des clubs turcs, syst\u00e9matiquement conclues avec les yeux&hellip;\n","protected":false},"author":2,"featured_media":1151471,"comment_status":"","ping_status":"","sticky":false,"template":"","format":"standard","meta":{"footnotes":"","_share_on_mastodon":"0"},"categories":[1410],"tags":[2430,885,4680,117667,63,1011,27,447,2428,117666,2333,2853,883,882,2429,2431,517,60],"class_list":["post-1151470","post","type-post","status-publish","format-standard","has-post-thumbnail","category-football","tag-auvergne-rhone-alpes","tag-bouches-du-rhone","tag-corentin-tolisso","tag-fenerbahce-sk","tag-football","tag-fr","tag-france","tag-ligue-des-champions","tag-lyon","tag-matteo-guendouzi","tag-olympique-de-marseille-om","tag-olympique-lyonnais-ol","tag-paca","tag-provence-alpes-cote-dazur","tag-rhone","tag-rhone-alpes","tag-sport","tag-sports"],"share_on_mastodon":{"url":"https:\/\/pubeurope.com\/@fr\/117166059883810578","error":""},"_links":{"self":[{"href":"https:\/\/www.europesays.com\/fr\/wp-json\/wp\/v2\/posts\/1151470","targetHints":{"allow":["GET"]}}],"collection":[{"href":"https:\/\/www.europesays.com\/fr\/wp-json\/wp\/v2\/posts"}],"about":[{"href":"https:\/\/www.europesays.com\/fr\/wp-json\/wp\/v2\/types\/post"}],"author":[{"embeddable":true,"href":"https:\/\/www.europesays.com\/fr\/wp-json\/wp\/v2\/users\/2"}],"replies":[{"embeddable":true,"href":"https:\/\/www.europesays.com\/fr\/wp-json\/wp\/v2\/comments?post=1151470"}],"version-history":[{"count":0,"href":"https:\/\/www.europesays.com\/fr\/wp-json\/wp\/v2\/posts\/1151470\/revisions"}],"wp:featuredmedia":[{"embeddable":true,"href":"https:\/\/www.europesays.com\/fr\/wp-json\/wp\/v2\/media\/1151471"}],"wp:attachment":[{"href":"https:\/\/www.europesays.com\/fr\/wp-json\/wp\/v2\/media?parent=1151470"}],"wp:term":[{"taxonomy":"category","embeddable":true,"href":"https:\/\/www.europesays.com\/fr\/wp-json\/wp\/v2\/categories?post=1151470"},{"taxonomy":"post_tag","embeddable":true,"href":"https:\/\/www.europesays.com\/fr\/wp-json\/wp\/v2\/tags?post=1151470"}],"curies":[{"name":"wp","href":"https:\/\/api.w.org\/{rel}","templated":true}]}}