{"id":115150,"date":"2025-05-20T20:19:09","date_gmt":"2025-05-20T20:19:09","guid":{"rendered":"https:\/\/www.europesays.com\/fr\/115150\/"},"modified":"2025-05-20T20:19:09","modified_gmt":"2025-05-20T20:19:09","slug":"metoo-lacteur-kevin-spacey-content-de-travailler-de-nouveau-actualites","status":"publish","type":"post","link":"https:\/\/www.europesays.com\/fr\/115150\/","title":{"rendered":"#MeToo: l&rsquo;acteur Kevin Spacey \u00ab\u00a0content de travailler\u00a0\u00bb de nouveau : Actualit\u00e9s"},"content":{"rendered":"<p class=\"lead \">\u00ab\u00a0Je suis content de travailler\u00a0\u00bb de nouveau, a d\u00e9clar\u00e9 mardi \u00e0 Cannes l&rsquo;acteur am\u00e9ricain Kevin Spacey, acquitt\u00e9 en 2022 et 2023 d&rsquo;accusations d&rsquo;agressions sexuelles en Grande-Bretagne et aux Etats-Unis, lors d&rsquo;une remise de prix ind\u00e9pendante du festival de cin\u00e9ma.<\/p>\n<p class=\"lead \">\u00ab\u00a0C&rsquo;est tr\u00e8s agr\u00e9able d&rsquo;\u00eatre de retour\u00a0\u00bb, a ajout\u00e9 l&rsquo;acteur oscaris\u00e9 pour \u00ab\u00a0American Beauty\u00a0\u00bb et \u00ab\u00a0Usual Suspects\u00a0\u00bb, qui a \u00e9galement remerci\u00e9 la fondation Better World Fund, \u00e0 l&rsquo;origine de la r\u00e9compense qui lui \u00e9tait d\u00e9cern\u00e9e pour l&rsquo;ensemble de sa carri\u00e8re, de l&rsquo;avoir invit\u00e9 \u00e0 Cannes, o\u00f9 il n&rsquo;\u00e9tait plus venu depuis 2016.<\/p>\n<p class=\"lead \">\u00ab\u00a0Je me sens entour\u00e9 de tant d&rsquo;affection\u00a0\u00bb, \u00ab\u00a0d&rsquo;amour\u00a0\u00bb et \u00ab\u00a0de soutien\u00a0\u00bb, a poursuivi l&rsquo;acteur connu aussi pour la s\u00e9rie \u00ab\u00a0House of Cards\u00a0\u00bb, soulignant qu&rsquo;il \u00e9tait \u00ab\u00a0content de travailler\u00a0\u00bb \u00e0 nouveau.<\/p>\n<p class=\"lead \"> \u00ab\u00a0La pr\u00e9somption d&rsquo;innocence est une r\u00e8gle absolue. La fondation Better World Fund n&rsquo;est pas une cour de justice, nous r\u00e9compensons ici la carri\u00e8re artistique d&rsquo;un des plus grands acteurs au monde pour contribution au rayonnement du cin\u00e9ma am\u00e9ricain\u00a0\u00bb, a pr\u00e9cis\u00e9 son pr\u00e9sident dans un communiqu\u00e9.<\/p>\n<p class=\"lead \">Le Festival de Cannes, qui n&rsquo;a aucun lien avec cette fondation, n&rsquo;avait pas souhait\u00e9 lundi commenter l&rsquo;invitation de l&rsquo;acteur.<\/p>\n<p class=\"lead \">En juillet 2023, apr\u00e8s un mois d&rsquo;un proc\u00e8s tr\u00e8s m\u00e9diatique \u00e0 Londres, Kevin Spacey, 65 ans, a \u00e9t\u00e9 acquitt\u00e9 de neuf accusations d&rsquo;agressions sexuelles port\u00e9es contre lui par quatre hommes. L&rsquo;un de ces hommes poursuit aussi au civil l&rsquo;acteur, qui risque ainsi un nouveau proc\u00e8s. <\/p>\n<p class=\"lead \">\u00c9galement accus\u00e9 d&rsquo;agressions sexuelles aux Etats-Unis, le com\u00e9dien a \u00e9t\u00e9 jug\u00e9 non coupable par un tribunal civil new-yorkais en 2022. Et en 2019, les poursuites ont \u00e9t\u00e9 abandonn\u00e9es dans une autre affaire.<\/p>\n<p class=\"lead \">Cette ann\u00e9e, il a fait l&rsquo;objet d&rsquo;une nouvelle proc\u00e9dure pour agression sexuelle \u00e0 Londres, apr\u00e8s les accusations port\u00e9es par un ancien acteur, Ruari Cannon.<\/p>\n<p class=\"lead \">Dans un documentaire diffus\u00e9 en mai 2024 sur Channel 4 et baptis\u00e9 \u00ab\u00a0Spacey Unmasked\u00a0\u00bb, Ruari Cannon a accus\u00e9 Spacey de l&rsquo;avoir touch\u00e9 de mani\u00e8re inappropri\u00e9e en public en 2013 \u00e0 Londres, alors qu&rsquo;il avait 21 ans et l&rsquo;acteur am\u00e9ricain 53 ans.<\/p>\n<p class=\"lead \">Dans ce documentaire, neuf autres hommes mettent \u00e9galement en cause le com\u00e9dien, qui a rejet\u00e9 ces accusations.<\/p>\n<p class=\"small font-weight-bold text-gray3 \"> publi\u00e9 le 20 mai \u00e0 21h45, AFP<\/p>\n<p>                             Partager<\/p>\n","protected":false},"excerpt":{"rendered":"\u00ab\u00a0Je suis content de travailler\u00a0\u00bb de nouveau, a d\u00e9clar\u00e9 mardi \u00e0 Cannes l&rsquo;acteur am\u00e9ricain Kevin Spacey, acquitt\u00e9 en&hellip;\n","protected":false},"author":2,"featured_media":115151,"comment_status":"","ping_status":"","sticky":false,"template":"","format":"standard","meta":{"footnotes":""},"categories":[1359],"tags":[1120,1971,6406,1972,58,1769,59,849,1011,27,6228,973,4780,4279,308],"class_list":{"0":"post-115150","1":"post","2":"type-post","3":"status-publish","4":"format-standard","5":"has-post-thumbnail","7":"category-people","8":"tag-agression","9":"tag-clbrits","10":"tag-cannes2025","11":"tag-cinma","12":"tag-divertissement","13":"tag-enqute","14":"tag-entertainment","15":"tag-festival","16":"tag-fr","17":"tag-france","18":"tag-gb","19":"tag-people","20":"tag-procs","21":"tag-rcompense","22":"tag-usa"},"share_on_mastodon":{"url":"https:\/\/pubeurope.com\/@fr\/114542016197673923","error":""},"_links":{"self":[{"href":"https:\/\/www.europesays.com\/fr\/wp-json\/wp\/v2\/posts\/115150","targetHints":{"allow":["GET"]}}],"collection":[{"href":"https:\/\/www.europesays.com\/fr\/wp-json\/wp\/v2\/posts"}],"about":[{"href":"https:\/\/www.europesays.com\/fr\/wp-json\/wp\/v2\/types\/post"}],"author":[{"embeddable":true,"href":"https:\/\/www.europesays.com\/fr\/wp-json\/wp\/v2\/users\/2"}],"replies":[{"embeddable":true,"href":"https:\/\/www.europesays.com\/fr\/wp-json\/wp\/v2\/comments?post=115150"}],"version-history":[{"count":0,"href":"https:\/\/www.europesays.com\/fr\/wp-json\/wp\/v2\/posts\/115150\/revisions"}],"wp:featuredmedia":[{"embeddable":true,"href":"https:\/\/www.europesays.com\/fr\/wp-json\/wp\/v2\/media\/115151"}],"wp:attachment":[{"href":"https:\/\/www.europesays.com\/fr\/wp-json\/wp\/v2\/media?parent=115150"}],"wp:term":[{"taxonomy":"category","embeddable":true,"href":"https:\/\/www.europesays.com\/fr\/wp-json\/wp\/v2\/categories?post=115150"},{"taxonomy":"post_tag","embeddable":true,"href":"https:\/\/www.europesays.com\/fr\/wp-json\/wp\/v2\/tags?post=115150"}],"curies":[{"name":"wp","href":"https:\/\/api.w.org\/{rel}","templated":true}]}}