{"id":1151518,"date":"2026-08-27T07:05:11","date_gmt":"2026-08-27T07:05:11","guid":{"rendered":"https:\/\/www.europesays.com\/fr\/1151518\/"},"modified":"2026-08-27T07:05:11","modified_gmt":"2026-08-27T07:05:11","slug":"fc-grenoble-six-recrues-pour-lancer-la-saison-face-a-aurillac","status":"publish","type":"post","link":"https:\/\/www.europesays.com\/fr\/1151518\/","title":{"rendered":"FC Grenoble : six recrues pour lancer la saison face \u00e0 Aurillac"},"content":{"rendered":"<p itemprop=\"description\"><strong>Le FC Grenoble retrouve la Pro D2 ce jeudi soir face \u00e0 Aurillac au Stade des Alpes. Pour cette premi\u00e8re journ\u00e9e, Romain Fusier sera capitaine et six recrues figurent sur la feuille de match.<\/strong><\/p>\n<p>Le FCG va lancer sa saison avec plusieurs nouveaux visages. Pour la r\u00e9ception d\u2019Aurillac ce jeudi \u00e0 19h30 \u00e0 l&rsquo;occasion du coup d&rsquo;envoi de la saison de ProD2, J\u00e9r\u00f4me Villegas et David Irazoqui ont retenu trois recrues dans le XV de d\u00e9part et trois autres sur le banc.<\/p>\n<p>Le choix du capitaine constitue l\u2019une des principales nouveaut\u00e9s. Romain Fusier portera le brassard, un r\u00f4le que le centre a d\u00e9j\u00e0 occup\u00e9 ponctuellement par le pass\u00e9. Antonin Berruyer reste n\u00e9anmoins l\u2019un des cadres de l\u2019\u00e9quipe.<\/p>\n<p>Dans le XV titulaire, Manuel Leindekar d\u00e9butera en deuxi\u00e8me ligne, Baptiste Abescat Leroy en troisi\u00e8me ligne et Eddie Sawailau au centre aux c\u00f4t\u00e9s de Fusier. Julien H\u00e9riteau, touch\u00e9 aux ischio-jambiers durant la pr\u00e9paration, est m\u00e9nag\u00e9.<\/p>\n<p>Trois recrues \u00e9galement sur le banc<\/p>\n<p>Le staff s\u2019appuie malgr\u00e9 tout largement sur l\u2019effectif de la saison derni\u00e8re, avec douze joueurs d\u00e9j\u00e0 pr\u00e9sents au club parmi les titulaires. La premi\u00e8re ligne Gauthier-Soury-Pertaia et la charni\u00e8re Couilloud-Palmier conservent notamment leurs automatismes.<\/p>\n<p>Trois autres recrues commenceront sur le banc : Fergus Lee-Warner, Otunuku Pauta et Thomas Alary.<\/p>\n<p>Le FCG retrouve ainsi le Stade des Alpes plus de trois mois apr\u00e8s sa derni\u00e8re rencontre officielle, conclue par une lourde d\u00e9faite contre Colomiers (17-39).<\/p>\n","protected":false},"excerpt":{"rendered":"Le FC Grenoble retrouve la Pro D2 ce jeudi soir face \u00e0 Aurillac au Stade des Alpes. Pour&hellip;\n","protected":false},"author":2,"featured_media":1151519,"comment_status":"","ping_status":"","sticky":false,"template":"","format":"standard","meta":{"footnotes":"","_share_on_mastodon":"0"},"categories":[9566],"tags":[1111,11,2813,2430,1109,251,1112,2811,1777,674,118,1011,27,21780,2731,14004,1922,1110,1114,108,12,316,25,2812,517,800],"class_list":["post-1151518","post","type-post","status-publish","format-standard","has-post-thumbnail","category-grenoble","tag-actu","tag-actualites","tag-article","tag-auvergne-rhone-alpes","tag-breves","tag-culture","tag-depeches","tag-economique","tag-eu","tag-europe","tag-faits-divers","tag-fr","tag-france","tag-gf38","tag-grenoble","tag-grenoblemag","tag-info","tag-informations","tag-infos","tag-isere","tag-news","tag-politique","tag-republique-francaise","tag-sociale","tag-sport","tag-transports"],"share_on_mastodon":{"url":"https:\/\/pubeurope.com\/@fr\/117166206343748140","error":""},"_links":{"self":[{"href":"https:\/\/www.europesays.com\/fr\/wp-json\/wp\/v2\/posts\/1151518","targetHints":{"allow":["GET"]}}],"collection":[{"href":"https:\/\/www.europesays.com\/fr\/wp-json\/wp\/v2\/posts"}],"about":[{"href":"https:\/\/www.europesays.com\/fr\/wp-json\/wp\/v2\/types\/post"}],"author":[{"embeddable":true,"href":"https:\/\/www.europesays.com\/fr\/wp-json\/wp\/v2\/users\/2"}],"replies":[{"embeddable":true,"href":"https:\/\/www.europesays.com\/fr\/wp-json\/wp\/v2\/comments?post=1151518"}],"version-history":[{"count":0,"href":"https:\/\/www.europesays.com\/fr\/wp-json\/wp\/v2\/posts\/1151518\/revisions"}],"wp:featuredmedia":[{"embeddable":true,"href":"https:\/\/www.europesays.com\/fr\/wp-json\/wp\/v2\/media\/1151519"}],"wp:attachment":[{"href":"https:\/\/www.europesays.com\/fr\/wp-json\/wp\/v2\/media?parent=1151518"}],"wp:term":[{"taxonomy":"category","embeddable":true,"href":"https:\/\/www.europesays.com\/fr\/wp-json\/wp\/v2\/categories?post=1151518"},{"taxonomy":"post_tag","embeddable":true,"href":"https:\/\/www.europesays.com\/fr\/wp-json\/wp\/v2\/tags?post=1151518"}],"curies":[{"name":"wp","href":"https:\/\/api.w.org\/{rel}","templated":true}]}}