{"id":1151543,"date":"2026-08-27T07:23:21","date_gmt":"2026-08-27T07:23:21","guid":{"rendered":"https:\/\/www.europesays.com\/fr\/1151543\/"},"modified":"2026-08-27T07:23:21","modified_gmt":"2026-08-27T07:23:21","slug":"amateurs-de-brocante-des-hauts-de-france-des-billets-de-trains-a-partir-de-3e-pour-la-braderie-de-lille","status":"publish","type":"post","link":"https:\/\/www.europesays.com\/fr\/1151543\/","title":{"rendered":"Amateurs de brocante des Hauts-de-France : des billets de trains \u00e0 partir de 3\u20ac pour la Braderie de Lille"},"content":{"rendered":"\n<p style=\"margin-bottom: 0cm;\">\u00c0 l\u2019occasion de la Braderie de Lille, organis\u00e9e les 5 et 6 septembre 2026, TER Hauts-de-France propose 15.000 billets \u00e0 tarif r\u00e9duit pour rejoindre la capitale des Flandres. Les voyageurs pourront profiter de billets compris entre 3 et 22 euros, selon leur gare de d\u00e9part. L\u2019offre est valable les samedi 5 et dimanche 6 septembre depuis les gares des Hauts-de-France&#8230; \u00e0 l\u2019exception des trajets depuis ou vers Paris. Les quantit\u00e9s seront limit\u00e9es pour chaque tarif. Les billets sont disponibles sur le site TER Hauts-de-France, aux guichets de la r\u00e9gion et aupr\u00e8s des agences de voyages agr\u00e9\u00e9es.<\/p>\n<p style=\"margin-bottom: 0cm;\">\u00a0<\/p>\n<p lang=\"fr-FR\" style=\"margin-bottom: 0cm;\">Nicolas Chacun<\/p>\n<p>!function(f,b,e,v,n,t,s){if(f.fbq)return;n=f.fbq=function(){n.callMethod?<br \/>\nn.callMethod.apply(n,arguments):n.queue.push(arguments)};if(!f._fbq)f._fbq=n;<br \/>\nn.push=n;n.loaded=!0;n.version=&rsquo;2.0&prime;;n.queue=[];t=b.createElement(e);t.async=!0;<br \/>\nt.src=v;s=b.getElementsByTagName(e)[0];s.parentNode.insertBefore(t,s)}(window,<br \/>\ndocument,&rsquo;script&rsquo;,&rsquo;https:\/\/connect.facebook.net\/en_US\/fbevents.js&rsquo;);<br \/>\nfbq(&lsquo;init&rsquo;, &lsquo;278974969201861&rsquo;); \/\/ Insert your pixel ID here.<br \/>\nfbq(&lsquo;track&rsquo;, &lsquo;PageView&rsquo;);<\/p>\n","protected":false},"excerpt":{"rendered":"\u00c0 l\u2019occasion de la Braderie de Lille, organis\u00e9e les 5 et 6 septembre 2026, TER Hauts-de-France propose 15.000&hellip;\n","protected":false},"author":2,"featured_media":1151544,"comment_status":"","ping_status":"","sticky":false,"template":"","format":"standard","meta":{"footnotes":"","_share_on_mastodon":"0"},"categories":[2815],"tags":[1111,11,1933,1936,1777,1939,674,1011,27,811,1934,1307,12,1940,1935,25,1937,1941,1938],"class_list":["post-1151543","post","type-post","status-publish","format-standard","has-post-thumbnail","category-lille","tag-actu","tag-actualites","tag-actualites-locales","tag-essonne","tag-eu","tag-eure-et-loir","tag-europe","tag-fr","tag-france","tag-hauts-de-france","tag-infos-locales","tag-lille","tag-news","tag-oise","tag-pres-de-chez-vous","tag-republique-francaise","tag-seine-et-marne","tag-somme","tag-yvelines"],"share_on_mastodon":{"url":"https:\/\/pubeurope.com\/@fr\/117166276763629808","error":""},"_links":{"self":[{"href":"https:\/\/www.europesays.com\/fr\/wp-json\/wp\/v2\/posts\/1151543","targetHints":{"allow":["GET"]}}],"collection":[{"href":"https:\/\/www.europesays.com\/fr\/wp-json\/wp\/v2\/posts"}],"about":[{"href":"https:\/\/www.europesays.com\/fr\/wp-json\/wp\/v2\/types\/post"}],"author":[{"embeddable":true,"href":"https:\/\/www.europesays.com\/fr\/wp-json\/wp\/v2\/users\/2"}],"replies":[{"embeddable":true,"href":"https:\/\/www.europesays.com\/fr\/wp-json\/wp\/v2\/comments?post=1151543"}],"version-history":[{"count":0,"href":"https:\/\/www.europesays.com\/fr\/wp-json\/wp\/v2\/posts\/1151543\/revisions"}],"wp:featuredmedia":[{"embeddable":true,"href":"https:\/\/www.europesays.com\/fr\/wp-json\/wp\/v2\/media\/1151544"}],"wp:attachment":[{"href":"https:\/\/www.europesays.com\/fr\/wp-json\/wp\/v2\/media?parent=1151543"}],"wp:term":[{"taxonomy":"category","embeddable":true,"href":"https:\/\/www.europesays.com\/fr\/wp-json\/wp\/v2\/categories?post=1151543"},{"taxonomy":"post_tag","embeddable":true,"href":"https:\/\/www.europesays.com\/fr\/wp-json\/wp\/v2\/tags?post=1151543"}],"curies":[{"name":"wp","href":"https:\/\/api.w.org\/{rel}","templated":true}]}}