{"id":1151614,"date":"2026-08-27T08:22:25","date_gmt":"2026-08-27T08:22:25","guid":{"rendered":"https:\/\/www.europesays.com\/fr\/1151614\/"},"modified":"2026-08-27T08:22:25","modified_gmt":"2026-08-27T08:22:25","slug":"caen-un-homme-en-voiture-fonce-sur-un-groupe-de-personnes-le-bilan-salourdit-a-deux-morts","status":"publish","type":"post","link":"https:\/\/www.europesays.com\/fr\/1151614\/","title":{"rendered":"Caen : un homme en voiture fonce sur un groupe de personnes, le bilan s&rsquo;alourdit \u00e0 deux morts"},"content":{"rendered":"<ul class=\"jsx-25100651 ArticleChapo__List\">\n<li class=\"jsx-25100651 ArticleChapo__List_Item flex\">Un homme a fonc\u00e9 sur un groupe de personnes, mercredi 26 ao\u00fbt au soir, au niveau d&rsquo;un abribus, situ\u00e9 face \u00e0 la gare de Caen.<\/li>\n<li class=\"jsx-25100651 ArticleChapo__List_Item flex\">Le bilan provisoire est lourd : au moins deux morts et dix bless\u00e9s, dont six en urgence absolue.<\/li>\n<li class=\"jsx-25100651 ArticleChapo__List_Item flex\">Le chauffard, connu pour des d\u00e9lits routiers, a \u00e9t\u00e9 interpell\u00e9 \u00e0 Ouistreham et plac\u00e9 en garde \u00e0 vue.<\/li>\n<\/ul>\n<p><a href=\"https:\/\/www.google.com\/preferences\/source?q=tf1info.fr\" class=\"jsx-2150648137 jsx-976369737 ActionButton ActionButton--withBorder\" rel=\"nofollow noopener\" target=\"_blank\"><\/p>\n<p> Ajoutez TF1info \u00e0 vos sources sur Google <\/p>\n<p><\/a><\/p>\n<p id=\"body-_R_17t7pm_-block-5\" data-module=\"article-paragraph\" class=\"jsx-2921227388 Paragraph\">Une bagarre serait \u00e0 l&rsquo;origine du drame. Un homme en voiture a fonc\u00e9 sur un groupe de personnes \u00e2g\u00e9es de 17 \u00e0 36 ans, mercredi 26 ao\u00fbt, aux alentours de 22h10, au niveau d&rsquo;un abribus face \u00e0 la gare \u00e0 Caen, dans le Calvados, faisant au moins deux morts et dix bless\u00e9s, dont six en urgence absolue.<\/p>\n<p data-module=\"article-paragraph\" class=\"jsx-2921227388 Paragraph Paragraph__End\">Un homme, d&rsquo;une trentaine d&rsquo;ann\u00e9es, est d\u00e9c\u00e9d\u00e9 sur place. Une seconde victime, \u00e2g\u00e9e de 28 ans, est morte dans la nuit au CHU de Caen. \u00ab\u00a0Une dizaine d&rsquo;hommes ont \u00e9t\u00e9 bless\u00e9s, dont plusieurs souffrant de fractures des membres inf\u00e9rieurs\u00a0\u00bb, pr\u00e9cise dans un communiqu\u00e9 le procureur de la R\u00e9publique de Caen.<\/p>\n<p>Le chauffard interpell\u00e9 \u00e0 Ouistreham<\/p>\n<p id=\"body-_R_17t7pm_-block-8\" data-module=\"article-paragraph\" class=\"jsx-2921227388 Paragraph\">D&rsquo;apr\u00e8s nos informations, le conducteur du v\u00e9hicule est un ressortissant russe de 26 ans, d&rsquo;origine tch\u00e9tch\u00e8ne, demeurant depuis plusieurs ann\u00e9es en France et en situation r\u00e9guli\u00e8re. Apr\u00e8s avoir percut\u00e9 le groupe d&rsquo;individus, l&rsquo;homme connu pour des infractions routi\u00e8res a pris la fuite. L&rsquo;automobiliste, circulant \u00e0 bord d&rsquo;une Audi A4 noire, a \u00e9t\u00e9 interpell\u00e9 \u00e0 Ouistreham, situ\u00e9 \u00e0 une vingtaine de kilom\u00e8tres. Il a \u00e9t\u00e9 plac\u00e9 en garde \u00e0 vue.\u00a0<\/p>\n<p data-module=\"article-paragraph\" class=\"jsx-2921227388 Paragraph Paragraph__End\">\u00ab\u00a0Selon les premi\u00e8res d\u00e9clarations de cet homme, il aurait fait l&rsquo;objet d\u2019une agression face \u00e0 la gare de Caen plus t\u00f4t dans la soir\u00e9e\u00a0\u00bb, indique le magistrat. \u00ab\u00a0Il ressort des premiers \u00e9l\u00e9ments recueillis qu\u2019il aurait d\u00e9lib\u00e9r\u00e9ment percut\u00e9 le groupe des victimes.\u00a0\u00bb<\/p>\n<p><a href=\"https:\/\/www.tf1info.fr\/justice-faits-divers\/une-voiture-c-est-un-pistolet-qu-on-a-entre-les-mains-si-on-ne-l-utilise-pas-bien-a-saint-malo-un-chauffard-juge-pour-avoir-tue-2-pietons-en-3-mois-2449596.html\" rel=\"nofollow noopener\" class=\"jsx-958316424 Link flex\" target=\"_blank\"><img decoding=\"async\" src=\"https:\/\/www.europesays.com\/fr\/wp-content\/uploads\/2026\/08\/fg-vgn-2c6366-1@1x.jpeg\" alt=\"FG VGN\" loading=\"lazy\" importance=\"low\" fetchpriority=\"low\" class=\"\" copyright=\"TF1\" aria-hidden=\"true\"\/><\/p>\n<p class=\"jsx-4054529586 ReadMoreArticle__Title\">Lire aussi<\/p>\n<p class=\"jsx-4054529586\">\u00ab\u00a0Une voiture, c&rsquo;est un pistolet si on ne l&rsquo;utilise pas bien\u00a0\u00bb : \u00e0 Saint-Malo, un octog\u00e9naire jug\u00e9 pour avoir tu\u00e9 2 pi\u00e9tons en 3 mois<\/p>\n<p><\/a><\/p>\n<p id=\"body-_R_17t7pm_-block-12\" data-module=\"article-paragraph\" class=\"jsx-2921227388 Paragraph Paragraph__End\">Une enqu\u00eate, confi\u00e9e \u00e0 la division de la criminalit\u00e9 organis\u00e9e et sp\u00e9cialis\u00e9e du Calvados, a \u00e9t\u00e9 ouverte du chef d&rsquo;assassinat et de violence volontaire avec arme. \u00ab\u00a0Pour le moment nous ne sommes pas, a priori, dans le cadre d&rsquo;une motivation terroriste, mais les investigations ne font que commencer\u00a0\u00bb, a d\u00e9clar\u00e9 le procureur adjoint de Caen, pr\u00e9sent sur place.<\/p>\n<p>La r\u00e9daction de TF1info avec le service police-justice de TF1-LCI<\/p>\n","protected":false},"excerpt":{"rendered":"Un homme a fonc\u00e9 sur un groupe de personnes, mercredi 26 ao\u00fbt au soir, au niveau d&rsquo;un abribus,&hellip;\n","protected":false},"author":2,"featured_media":1151615,"comment_status":"","ping_status":"","sticky":false,"template":"","format":"standard","meta":{"footnotes":"","_share_on_mastodon":"0"},"categories":[2],"tags":[1111,11,1921,5492,6017,1011,27,1922,303,2954,12,5161,1072,133,2953],"class_list":["post-1151614","post","type-post","status-publish","format-standard","has-post-thumbnail","category-actualites","tag-actu","tag-actualites","tag-article-video","tag-caen","tag-fait-divers","tag-fr","tag-france","tag-info","tag-justice","tag-justice-et-faits-divers","tag-news","tag-normandie","tag-police","tag-video","tag-video-police"],"share_on_mastodon":{"url":"https:\/\/pubeurope.com\/@fr\/117166511382748140","error":""},"_links":{"self":[{"href":"https:\/\/www.europesays.com\/fr\/wp-json\/wp\/v2\/posts\/1151614","targetHints":{"allow":["GET"]}}],"collection":[{"href":"https:\/\/www.europesays.com\/fr\/wp-json\/wp\/v2\/posts"}],"about":[{"href":"https:\/\/www.europesays.com\/fr\/wp-json\/wp\/v2\/types\/post"}],"author":[{"embeddable":true,"href":"https:\/\/www.europesays.com\/fr\/wp-json\/wp\/v2\/users\/2"}],"replies":[{"embeddable":true,"href":"https:\/\/www.europesays.com\/fr\/wp-json\/wp\/v2\/comments?post=1151614"}],"version-history":[{"count":0,"href":"https:\/\/www.europesays.com\/fr\/wp-json\/wp\/v2\/posts\/1151614\/revisions"}],"wp:featuredmedia":[{"embeddable":true,"href":"https:\/\/www.europesays.com\/fr\/wp-json\/wp\/v2\/media\/1151615"}],"wp:attachment":[{"href":"https:\/\/www.europesays.com\/fr\/wp-json\/wp\/v2\/media?parent=1151614"}],"wp:term":[{"taxonomy":"category","embeddable":true,"href":"https:\/\/www.europesays.com\/fr\/wp-json\/wp\/v2\/categories?post=1151614"},{"taxonomy":"post_tag","embeddable":true,"href":"https:\/\/www.europesays.com\/fr\/wp-json\/wp\/v2\/tags?post=1151614"}],"curies":[{"name":"wp","href":"https:\/\/api.w.org\/{rel}","templated":true}]}}