{"id":1151616,"date":"2026-08-27T08:25:03","date_gmt":"2026-08-27T08:25:03","guid":{"rendered":"https:\/\/www.europesays.com\/fr\/1151616\/"},"modified":"2026-08-27T08:25:03","modified_gmt":"2026-08-27T08:25:03","slug":"football-asse-apres-une-saison-a-saint-etienne-ebenezer-annan-quitte-les-verts-en-pret","status":"publish","type":"post","link":"https:\/\/www.europesays.com\/fr\/1151616\/","title":{"rendered":"Football. ASSE\u00a0: apr\u00e8s une saison \u00e0 Saint-\u00c9tienne,\u00a0Ebenezer Annan quitte les Verts en pr\u00eat"},"content":{"rendered":"<p class=\"insetTitle\">D\u00e9j\u00e0 30\u00a0000 places vendues pour Montpellier<\/p>\n<p>Le retour des kops, pr\u00e9vu le 5\u00a0septembre, semble attirer les foules \u00e0 Geoffroy-Guichard. D\u00e9j\u00e0 30\u00a0000 billets ont \u00e9t\u00e9 vendus pour la r\u00e9ception de Montpellier (20 heures). Le Chaudron retrouvera sa configuration compl\u00e8te, une premi\u00e8re cette saison. Et verra m\u00eame les balcons des tribunes sup\u00e9rieures ouverts, au vu de la demande grandissante pour ce choc de Ligue 2.<\/p>\n","protected":false},"excerpt":{"rendered":"D\u00e9j\u00e0 30\u00a0000 places vendues pour Montpellier Le retour des kops, pr\u00e9vu le 5\u00a0septembre, semble attirer les foules \u00e0&hellip;\n","protected":false},"author":2,"featured_media":1151617,"comment_status":"","ping_status":"","sticky":false,"template":"","format":"standard","meta":{"footnotes":"","_share_on_mastodon":"0"},"categories":[9653],"tags":[1111,11,4000,2430,7539,1777,674,63,1011,27,4002,3367,12,25,4001,7538,517],"class_list":["post-1151616","post","type-post","status-publish","format-standard","has-post-thumbnail","category-saint-etienne","tag-actu","tag-actualites","tag-asse-as-saint-etienne-football","tag-auvergne-rhone-alpes","tag-edition-loire-sud","tag-eu","tag-europe","tag-football","tag-fr","tag-france","tag-haute-loire","tag-loire","tag-news","tag-republique-francaise","tag-saint-etienne","tag-saint-etienne-ville","tag-sport"],"share_on_mastodon":{"url":"https:\/\/pubeurope.com\/@fr\/117166521288454554","error":""},"_links":{"self":[{"href":"https:\/\/www.europesays.com\/fr\/wp-json\/wp\/v2\/posts\/1151616","targetHints":{"allow":["GET"]}}],"collection":[{"href":"https:\/\/www.europesays.com\/fr\/wp-json\/wp\/v2\/posts"}],"about":[{"href":"https:\/\/www.europesays.com\/fr\/wp-json\/wp\/v2\/types\/post"}],"author":[{"embeddable":true,"href":"https:\/\/www.europesays.com\/fr\/wp-json\/wp\/v2\/users\/2"}],"replies":[{"embeddable":true,"href":"https:\/\/www.europesays.com\/fr\/wp-json\/wp\/v2\/comments?post=1151616"}],"version-history":[{"count":0,"href":"https:\/\/www.europesays.com\/fr\/wp-json\/wp\/v2\/posts\/1151616\/revisions"}],"wp:featuredmedia":[{"embeddable":true,"href":"https:\/\/www.europesays.com\/fr\/wp-json\/wp\/v2\/media\/1151617"}],"wp:attachment":[{"href":"https:\/\/www.europesays.com\/fr\/wp-json\/wp\/v2\/media?parent=1151616"}],"wp:term":[{"taxonomy":"category","embeddable":true,"href":"https:\/\/www.europesays.com\/fr\/wp-json\/wp\/v2\/categories?post=1151616"},{"taxonomy":"post_tag","embeddable":true,"href":"https:\/\/www.europesays.com\/fr\/wp-json\/wp\/v2\/tags?post=1151616"}],"curies":[{"name":"wp","href":"https:\/\/api.w.org\/{rel}","templated":true}]}}