{"id":1151641,"date":"2026-08-27T08:44:19","date_gmt":"2026-08-27T08:44:19","guid":{"rendered":"https:\/\/www.europesays.com\/fr\/1151641\/"},"modified":"2026-08-27T08:44:19","modified_gmt":"2026-08-27T08:44:19","slug":"toute-lactu-top-music-la-foire-europeenne-de-strasbourg-revient-pour-une-94eme-edition","status":"publish","type":"post","link":"https:\/\/www.europesays.com\/fr\/1151641\/","title":{"rendered":"Toute l&rsquo;actu Top Music &#8211; La Foire Europ\u00e9enne de Strasbourg revient pour une 94\u00e8me \u00e9dition"},"content":{"rendered":"<p><img decoding=\"async\" class=\"\" style=\"width:100%\" src=\"https:\/\/www.europesays.com\/fr\/wp-content\/uploads\/2026\/08\/IMG_6139__2_1787755286591.jpeg\" alt=\"Bonnes affaires, bons plans... rendez-vous le 4 septembre pour la Foire Europ\u00e9enne de Strasbourg.\"\/><\/p>\n<p>Bonnes affaires, bons plans&#8230; rendez-vous le 4 septembre pour la Foire Europ\u00e9enne de Strasbourg.<\/p>\n<p>Cr\u00e9dit : Top Music &#8211; JC<\/p>\n<p style=\"text-align: justify;\">C\u2019est <strong>l\u2019\u00e9v\u00e9nement \u00e9conomique majeur<\/strong> de la rentr\u00e9e en Alsace. La Foire Europ\u00e9enne de Strasbourg est de retour \u00e0 partir du <strong>vendredi 4 septembre<\/strong>. \u00ab\u00a0On peut notamment y retrouver des bijoux, des sacs, des <strong>tatouages<\/strong>, des v\u00e9hicules neufs ou d\u2019occasions, des <strong>BD<\/strong>, des mangas, de la <strong>gastronomie<\/strong> avec du fromage, de la charcuterie, du chocolat, des artisans du monde\u2026\u00a0\u00bb, \u00e9voque Arnaud Gagnepain, directeur de la\u00a0Foire Europ\u00e9enne de Strasbourg.<\/p>\n<p><strong>Un voyage \u00e0 travers l\u2019Europe\u00a0<\/strong><\/p>\n<p>Chaque ann\u00e9e, la Foire Europ\u00e9enne de Strasbourg met \u00e0 l\u2019honneur une capitale ou un territoire europ\u00e9en. Vous allez\u00a0cette fois <strong>voyager<\/strong> avec une <strong>exposition immersive<\/strong> au c\u0153ur de <strong>trois p\u00e9ninsules d\u2019Europe du Sud<\/strong>, avec notamment la Gr\u00e8ce, l\u2019Espagne\u2026 Au programme\u00a0: un parcours sensoriel et visuel in\u00e9dit avec paysages, traditions, gastronomies et arts de vivre. \u00ab\u00a0On a aussi toujours la pr\u00e9sence d\u2019un gros <strong>village italien<\/strong> qui continue de s\u2019agrandir, la <strong>Polyn\u00e9sie<\/strong> est aussi toujours de la partie\u00a0\u00bb, lance Arnaud Gagnepain.<\/p>\n<p><strong>Beaucoup de divertissements<\/strong><\/p>\n<p>La Foire Europ\u00e9enne proposera aussi de nombreuses activit\u00e9s, avec notamment une nouveaut\u00e9\u00a0: <strong>Strasbourg Esport Days<\/strong>, un espace enti\u00e8rement consacr\u00e9 <strong>aux jeux vid\u00e9o.<\/strong> <strong>Esport Days<\/strong> s\u2019installe les 5 et 6 septembre au Palais de la Musique et des Congr\u00e8s. <strong>La Foireurop\u2019live <\/strong>revient avec une programmation \u00e9clectique comme Sound of Legend, Tom Mathis, Matis Jackson, Eklips, Lindy Hop\u2026 On retrouvera aussi un parcours <strong>Ninja Warrior <\/strong>pour enfants et adultes, un espace street art\u2026<\/p>\n<p>L\u2019entr\u00e9e de l\u2019\u00e9v\u00e9nement est \u00e0 <strong>5 euros <\/strong>et votre billet est <strong>valable tout au long de la foire.<\/strong> C\u2019est <strong>gratuit <\/strong>pour les moins de 12 ans. Le programme complet est \u00e0 retrouver sur <a href=\"https:\/\/www.foireurop.com\/\" rel=\"nofollow noopener\" target=\"_blank\">le site de la Foire Europ\u00e9enne de Strasbourg.<\/a><\/p>\n","protected":false},"excerpt":{"rendered":"Bonnes affaires, bons plans&#8230; rendez-vous le 4 septembre pour la Foire Europ\u00e9enne de Strasbourg. Cr\u00e9dit : Top Music&hellip;\n","protected":false},"author":2,"featured_media":1151642,"comment_status":"","ping_status":"","sticky":false,"template":"","format":"standard","meta":{"footnotes":"","_share_on_mastodon":"0"},"categories":[2820],"tags":[1111,11,2389,117684,2649,41191,1777,674,4434,49688,1011,27,775,12,25,640],"class_list":["post-1151641","post","type-post","status-publish","format-standard","has-post-thumbnail","category-strasbourg","tag-actu","tag-actualites","tag-alsace","tag-artisants","tag-bas-rhin","tag-bonnes-affaires","tag-eu","tag-europe","tag-foire","tag-foire-europeenne","tag-fr","tag-france","tag-grand-est","tag-news","tag-republique-francaise","tag-strasbourg"],"share_on_mastodon":{"url":"https:\/\/pubeurope.com\/@fr\/117166597550265439","error":""},"_links":{"self":[{"href":"https:\/\/www.europesays.com\/fr\/wp-json\/wp\/v2\/posts\/1151641","targetHints":{"allow":["GET"]}}],"collection":[{"href":"https:\/\/www.europesays.com\/fr\/wp-json\/wp\/v2\/posts"}],"about":[{"href":"https:\/\/www.europesays.com\/fr\/wp-json\/wp\/v2\/types\/post"}],"author":[{"embeddable":true,"href":"https:\/\/www.europesays.com\/fr\/wp-json\/wp\/v2\/users\/2"}],"replies":[{"embeddable":true,"href":"https:\/\/www.europesays.com\/fr\/wp-json\/wp\/v2\/comments?post=1151641"}],"version-history":[{"count":0,"href":"https:\/\/www.europesays.com\/fr\/wp-json\/wp\/v2\/posts\/1151641\/revisions"}],"wp:featuredmedia":[{"embeddable":true,"href":"https:\/\/www.europesays.com\/fr\/wp-json\/wp\/v2\/media\/1151642"}],"wp:attachment":[{"href":"https:\/\/www.europesays.com\/fr\/wp-json\/wp\/v2\/media?parent=1151641"}],"wp:term":[{"taxonomy":"category","embeddable":true,"href":"https:\/\/www.europesays.com\/fr\/wp-json\/wp\/v2\/categories?post=1151641"},{"taxonomy":"post_tag","embeddable":true,"href":"https:\/\/www.europesays.com\/fr\/wp-json\/wp\/v2\/tags?post=1151641"}],"curies":[{"name":"wp","href":"https:\/\/api.w.org\/{rel}","templated":true}]}}