{"id":1151715,"date":"2026-08-27T09:38:11","date_gmt":"2026-08-27T09:38:11","guid":{"rendered":"https:\/\/www.europesays.com\/fr\/1151715\/"},"modified":"2026-08-27T09:38:11","modified_gmt":"2026-08-27T09:38:11","slug":"inaki-lartigue-revient-sur-son-depart-de-plus-belle-la-vie-on-me-parle-tous-les-jours-de-samuel-gayet","status":"publish","type":"post","link":"https:\/\/www.europesays.com\/fr\/1151715\/","title":{"rendered":"I\u00f1aki Lartigue revient sur son d\u00e9part de Plus belle la vie : \u00ab\u00a0On me parle tous les jours de Samuel Gayet\u00a0\u00bb"},"content":{"rendered":"<p>Apr\u00e8s avoir quitt\u00e9<a href=\"https:\/\/www.programme-tv.net\/news\/series-tv\/382918-plus-belle-la-vie-ca-a-ete-une-decision-compliquee-inaki-lartigue-samuel-nous-devoile-les-raisons-de-son-depart-de-la-serie-de-tf1\/\" data-api-deeplink=\"teleloisirs:\/\/news\/382918\" rel=\"nofollow noopener\" target=\"_blank\"> Plus belle la vie, encore plus belle en juillet 2025<\/a>, <a href=\"https:\/\/www.programme-tv.net\/biographie\/556904-lartigue-inaki\/\" data-link-people=\"410aa68f-dcca-48d0-b739-54031700a82e\" rel=\"nofollow noopener\" target=\"_blank\">I\u00f1aki Lartigue<\/a> fait son retour sur TF1. Le com\u00e9dien est au casting d\u2019un nouvel \u00e9pisode de Camping Paradis dans lequel il<a href=\"https:\/\/www.programme-tv.net\/news\/series-tv\/399980-apres-monsieur-parizot-florence-coste-va-retrouver-patrick-paroux-pour-la-quatrieme-fois-dans-camping-paradis-en-2026\/\" data-api-deeplink=\"teleloisirs:\/\/news\/399980\" rel=\"nofollow noopener\" target=\"_blank\"> donne notamment la r\u00e9plique \u00e0 Florence Coste<\/a>.<\/p>\n<p>Avant la diffusion de sa participation dans la s\u00e9rie de TF1, ce lundi 31 ao\u00fbt 2026  Pour T\u00e9l\u00e9-Loisirs, le com\u00e9dien s&rsquo;est confi\u00e9 sur l\u2019attachement toujours tr\u00e8s fort du public \u00e0 Samuel Gayet, son personnage dans<b> <\/b><b>Plus belle la vie, encore plus belle.<\/b> <\/p>\n<p>Plus belle la vie : I\u00f1aki Lartigue n&rsquo;a \u00ab\u00a0aucune regret\u00a0\u00bb<\/p>\n<p><b>T\u00e9l\u00e9-Loisirs : Plus d\u2019un an apr\u00e8s votre d\u00e9part, vous parle-t-on encore beaucoup de Samuel Gayet ?<\/b><\/p>\n<p><b>I\u00f1aki Lartigue<\/b> : Oui, bien s\u00fbr. Tous les jours ! Quand les gens m\u2019abordent dans la rue, c\u2019est quasiment uniquement pour me parler de Samuel Gayet et de Plus belle la vie. Il n\u2019y a eu qu\u2019une exception assez dr\u00f4le. J\u2019allais d\u00eener avec un ami dans un restaurant \u00e0 Paris et une personne m\u2019a arr\u00eat\u00e9 en me disant : \u00ab\u00a0Tu es com\u00e9dien, je t\u2019ai d\u00e9j\u00e0 vu, mais je ne sais plus dans quelle s\u00e9rie.\u00a0\u00bb Je lui ai r\u00e9pondu : \u00ab\u00a0Dans Plus belle la vie ?\u00a0\u00bb et il m\u2019a dit que non. Il m\u2019a finalement cit\u00e9 une s\u00e9rie norv\u00e9gienne dans laquelle j\u2019avais eu un petit r\u00f4le en 2022 ! C\u2019est l\u2019exception qui confirme la r\u00e8gle. C\u2019est un grand plaisir d\u2019\u00e9changer avec les t\u00e9l\u00e9spectateurs et de recevoir toute leur bienveillance et tout l\u2019amour qu\u2019ils portent \u00e0 Samuel et \u00e0 la s\u00e9rie.<\/p>\n<p><b>Regrettez-vous aujourd\u2019hui que votre personnage soit mort ?<\/b><\/p>\n<p>Non, je n\u2019ai aucun regret. J\u2019estime que la vie nous m\u00e8ne l\u00e0 o\u00f9 elle doit nous mener. Je pense que les choses se passent comme elles doivent se passer. Je suis tr\u00e8s heureux d\u2019avoir v\u00e9cu cette exp\u00e9rience dans <b>Plus belle la vie<\/b>. Elle s\u2019est arr\u00eat\u00e9e, c\u2019est la vie.<\/p>\n<p>I\u00f1aki Lartigue va jouer dans la saison 2 de Haute saison<\/p>\n<p><b>Avez-vous vu que Jennifer a depuis refait sa vie avec un m\u00e9decin ?<\/b><\/p>\n<p>Oui, j\u2019ai vu \u00e7a ! D\u2019ailleurs, c\u2019est un com\u00e9dien avec qui j\u2019avais d\u00e9j\u00e0 tourn\u00e9 dans un unitaire qui s\u2019appelle <a href=\"https:\/\/www.programme-tv.net\/news\/series-tv\/330938-mortelles-calanques-philippe-bas-va-vous-donner-chaud-dans-ce-telefilm-policier-diffuse-ce-samedi-6-juillet-notre-avis\/\" data-api-deeplink=\"teleloisirs:\/\/news\/330938\" rel=\"nofollow noopener\" target=\"_blank\">Mortelles Calanques<\/a> et que j\u2019appr\u00e9cie beaucoup, <a href=\"https:\/\/www.programme-tv.net\/news\/series-tv\/401056-plus-belle-la-vie-jonathan-cardonnel-isaac-est-le-frere-d-un-ancien-gagnant-de-koh-lanta-comedien-dans-alter-ego\/\" data-api-deeplink=\"teleloisirs:\/\/news\/401056\" rel=\"nofollow noopener\" target=\"_blank\">Jonathan Cardonnel<\/a>. Nous avons \u00e9chang\u00e9 quelques messages lorsqu\u2019il tournait les \u00e9pisodes de sa rencontre avec Jennifer. C\u2019\u00e9tait assez dr\u00f4le. J\u2019\u00e9tais tr\u00e8s content que ce soit lui qui prenne la suite dans la relation avec Jennifer.<\/p>\n<p><b>\u00cates-vous rest\u00e9 en contact avec vos anciens partenaires ?<\/b><\/p>\n<p>Nous \u00e9changeons r\u00e9guli\u00e8rement avec Diane Dassigny. Je suis \u00e9galement rest\u00e9 en contact avec <a href=\"https:\/\/www.programme-tv.net\/news\/series-tv\/388700-plus-belle-la-vie-cette-etape-a-bouleverse-ma-vie-habib-gino-guabintani-idriss-revient-sur-sa-premiere-annee-dans-la-serie-de-tf1\/\" data-api-deeplink=\"teleloisirs:\/\/news\/388700\" rel=\"nofollow noopener\" target=\"_blank\">Habib Gino Guabintani<\/a>, qui joue Idriss. Nous avions beaucoup tourn\u00e9 ensemble durant mes derniers mois dans la s\u00e9rie. J\u2019ai toujours beaucoup de plaisir \u00e0 suivre les aventures du Mistral.<\/p>\n<p><b>Maintenant que la page <\/b><b>Plus belle la vie<\/b><b> est tourn\u00e9e, quels sont vos prochains projets ?<\/b><\/p>\n<p>On va me retrouver dans Camping Paradis, puis au printemps prochain dans <a href=\"https:\/\/www.programme-tv.net\/news\/series-tv\/403829-haute-saison-y-aura-t-il-une-saison-2-vinnie-dargaud-et-josephine-drai-repondent\/\" data-api-deeplink=\"teleloisirs:\/\/news\/403829\" rel=\"nofollow noopener\" target=\"_blank\">la saison 2 de Haute saison<\/a>, une s\u00e9rie polici\u00e8re tourn\u00e9e au Pays basque. J\u2019y suis guest dans l\u2019un des \u00e9pisodes. C\u2019\u00e9tait forc\u00e9ment un plaisir de tourner l\u00e0-bas.<\/p>\n","protected":false},"excerpt":{"rendered":"Apr\u00e8s avoir quitt\u00e9 Plus belle la vie, encore plus belle en juillet 2025, I\u00f1aki Lartigue fait son retour&hellip;\n","protected":false},"author":2,"featured_media":1151716,"comment_status":"","ping_status":"","sticky":false,"template":"","format":"standard","meta":{"footnotes":"","_share_on_mastodon":"0"},"categories":[1356],"tags":[244,58,1367,7313,7312,7314,7315,7316,59,1011,27,2173,1368,252,199,2175,1364],"class_list":["post-1151715","post","type-post","status-publish","format-standard","has-post-thumbnail","category-television","tag-commentaire","tag-divertissement","tag-encore-plus-belle","tag-encore-plus-belle-182024-0120-pm-plug-rtl","tag-encore-plus-belle-192024-1145-am-rts-un","tag-encore-plus-belle-saison-1-52152789","tag-encore-plus-belle-su00e9rie-52152788","tag-encore-plus-belle-le-doc-u00e9vu00e8nement-292024-0905-pm-tfx","tag-entertainment","tag-fr","tag-france","tag-interview","tag-plus-belle-la-vie","tag-television","tag-tf1","tag-tl-story","tag-tv"],"share_on_mastodon":{"url":"https:\/\/pubeurope.com\/@fr\/117166807798859820","error":""},"_links":{"self":[{"href":"https:\/\/www.europesays.com\/fr\/wp-json\/wp\/v2\/posts\/1151715","targetHints":{"allow":["GET"]}}],"collection":[{"href":"https:\/\/www.europesays.com\/fr\/wp-json\/wp\/v2\/posts"}],"about":[{"href":"https:\/\/www.europesays.com\/fr\/wp-json\/wp\/v2\/types\/post"}],"author":[{"embeddable":true,"href":"https:\/\/www.europesays.com\/fr\/wp-json\/wp\/v2\/users\/2"}],"replies":[{"embeddable":true,"href":"https:\/\/www.europesays.com\/fr\/wp-json\/wp\/v2\/comments?post=1151715"}],"version-history":[{"count":0,"href":"https:\/\/www.europesays.com\/fr\/wp-json\/wp\/v2\/posts\/1151715\/revisions"}],"wp:featuredmedia":[{"embeddable":true,"href":"https:\/\/www.europesays.com\/fr\/wp-json\/wp\/v2\/media\/1151716"}],"wp:attachment":[{"href":"https:\/\/www.europesays.com\/fr\/wp-json\/wp\/v2\/media?parent=1151715"}],"wp:term":[{"taxonomy":"category","embeddable":true,"href":"https:\/\/www.europesays.com\/fr\/wp-json\/wp\/v2\/categories?post=1151715"},{"taxonomy":"post_tag","embeddable":true,"href":"https:\/\/www.europesays.com\/fr\/wp-json\/wp\/v2\/tags?post=1151715"}],"curies":[{"name":"wp","href":"https:\/\/api.w.org\/{rel}","templated":true}]}}