{"id":115172,"date":"2025-05-20T20:30:09","date_gmt":"2025-05-20T20:30:09","guid":{"rendered":"https:\/\/www.europesays.com\/fr\/115172\/"},"modified":"2025-05-20T20:30:09","modified_gmt":"2025-05-20T20:30:09","slug":"un-petit-garcon-de-3-ans-retrouve-mort-dans-une-voiture-il-aurait-ete-oublie-dans-le-vehicule","status":"publish","type":"post","link":"https:\/\/www.europesays.com\/fr\/115172\/","title":{"rendered":"un petit gar\u00e7on de 3 ans retrouv\u00e9 mort dans une voiture, il aurait \u00e9t\u00e9 oubli\u00e9 dans le v\u00e9hicule"},"content":{"rendered":"<p>Selon la presse espagnole, le p\u00e8re d\u2019accueil aurait oubli\u00e9 le jeune gar\u00e7on dans le v\u00e9hicule apr\u00e8s l\u2019avoir conduit \u00e0 la garderie ce mardi. Une enqu\u00eate a \u00e9t\u00e9 lanc\u00e9e.<\/p>\n<p class=\"fig-paragraph\">Trag\u00e9die en\u00a0<a href=\"http:\/\/www.lefigaro.fr\/international\/inondations-en-espagne-des-zones-de-la-catalogne-et-de-l-andalousie-placees-en-alerte-rouge-des-ecoles-fermees-mercredi-20241113\" target=\"_blank\" data-fig-type=\"NewsFlash\" rel=\"noopener\" data-gtm-custom-categorie=\"navigation\" data-gtm-custom-action=\"crossclick\" data-gtm-custom-label=\"Contextuel\" data-gtm-event=\"customEventSPE\" data-fig-domain=\"LEFIGARO\">Andalousie<\/a>. Un jeune gar\u00e7on de 3 ans plac\u00e9 en famille d\u2019accueil a \u00e9t\u00e9 retrouv\u00e9 mort \u00e0 l\u2019int\u00e9rieur d\u2019un v\u00e9hicule gar\u00e9 dans une rue \u00e0 Linares, en Andalousie, ce mardi. Selon les premiers \u00e9l\u00e9ments de l\u2019enqu\u00eate, le p\u00e8re du jeune gar\u00e7on, \u00e2g\u00e9 de 70 ans, a emmen\u00e9 son fils \u00e0 la garderie ce matin avec sa voiture, rapporte Radio Linares. Mais pour des raisons encore inconnues \u00e0 ce stade, le mineur n\u2019a jamais rejoint l\u2019\u00e9tablissement.<\/p>\n<p class=\"fig-paragraph\">Aux alentours de la pause m\u00e9ridienne, la m\u00e8re s\u2019est rendue \u00e0 la cr\u00e8che pour r\u00e9cup\u00e9rer son enfant. Sans le trouver. Les services de secours ont finalement \u00e9t\u00e9 alert\u00e9s \u00e0 14h55 par un appel d\u2019un anonyme pour signaler la pr\u00e9sence d\u2019un mineur inconscient \u00e0 l\u2019int\u00e9rieur d\u2019un v\u00e9hicule stationn\u00e9 dans la rue Pintor el Greco, visible \u00e0 l\u2019\u0153il nu de l\u2019ext\u00e9rieur.<\/p>\n<p>Homicide involontaire<\/p>\n<p class=\"fig-paragraph\">D\u00e9p\u00each\u00e9s sur place, les secours ont tent\u00e9 en vain de r\u00e9animer l\u2019enfant, avant de le transporter \u00e0 l\u2019h\u00f4pital San Agust\u00edn de Linares de Linares. Sa mort a finalement \u00e9t\u00e9 constat\u00e9e par les m\u00e9decins. Ni les causes du d\u00e9c\u00e8s, ni l\u2019\u00e9tat du corps du jeune gar\u00e7on n\u2019ont encore \u00e9t\u00e9 communiqu\u00e9s. Ce dernier a \u00e9t\u00e9 transport\u00e9 \u00e0 l\u2019Institut de m\u00e9decine l\u00e9gale pour une autopsie, qui d\u00e9terminera l\u2019heure approximative du d\u00e9c\u00e8s et si celui-ci s\u2019est produit \u00e0 l\u2019int\u00e9rieur de la voiture. Le septuag\u00e9naire, lui, a \u00e9t\u00e9 arr\u00eat\u00e9 et est accus\u00e9 d\u2019homicide involontaire.<\/p>\n<p class=\"fig-paragraph\">Mais selon le quotidien ABC, les enqu\u00eateurs privil\u00e9gient la piste de l\u2019oubli tragique. De son c\u00f4t\u00e9, la cha\u00eene de t\u00e9l\u00e9vision espagnole La Sexta assure que l\u2019homme avait pour habitude d\u2019amener son fils dans sa poussette \u00e0 la garderie, pr\u00e9venant au pr\u00e9alable les employ\u00e9s de la cr\u00e8che via des messages WhatsApp afin qu\u2019ils puissent prendre en charge l\u2019enfant. Mais selon le site El Espanol, le p\u00e8re d\u2019accueil n\u2019a pas envoy\u00e9 de message ce mardi et est rentr\u00e9 \u00e0 son domicile, enfermant accidentellement son enfant dans le v\u00e9hicule pendant plusieurs heures jusqu\u2019\u00e0 midi, lorsque le thermom\u00e8tre d\u00e9passait les 30 degr\u00e9s.<\/p>\n<p class=\"fig-paragraph\">Un \u00e9v\u00e9nement similaire avait touch\u00e9 un p\u00e8re de famille \u00e0 Castellon, dans l\u2019est du pays, 2019. Sorti de son v\u00e9hicule pour aller travailler, il avait oubli\u00e9 sa fille de 2 ans dans la voiture en l\u2019emmenant \u00e0 la garderie.<\/p>\n","protected":false},"excerpt":{"rendered":"Selon la presse espagnole, le p\u00e8re d\u2019accueil aurait oubli\u00e9 le jeune gar\u00e7on dans le v\u00e9hicule apr\u00e8s l\u2019avoir conduit&hellip;\n","protected":false},"author":2,"featured_media":115173,"comment_status":"","ping_status":"","sticky":false,"template":"","format":"standard","meta":{"footnotes":""},"categories":[5],"tags":[259,11,260,847,1011,27,14,261,12,262,4752,28],"class_list":{"0":"post-115172","1":"post","2":"type-post","3":"status-publish","4":"format-standard","5":"has-post-thumbnail","7":"category-international","8":"tag-actualite-internationale","9":"tag-actualites","10":"tag-affaires-etrangeres","11":"tag-enfant","12":"tag-fr","13":"tag-france","14":"tag-international","15":"tag-ministere-des-affaires-etrangeres","16":"tag-news","17":"tag-politique-etrangere","18":"tag-voiture","19":"tag-world"},"share_on_mastodon":{"url":"https:\/\/pubeurope.com\/@fr\/114542059610849114","error":""},"_links":{"self":[{"href":"https:\/\/www.europesays.com\/fr\/wp-json\/wp\/v2\/posts\/115172","targetHints":{"allow":["GET"]}}],"collection":[{"href":"https:\/\/www.europesays.com\/fr\/wp-json\/wp\/v2\/posts"}],"about":[{"href":"https:\/\/www.europesays.com\/fr\/wp-json\/wp\/v2\/types\/post"}],"author":[{"embeddable":true,"href":"https:\/\/www.europesays.com\/fr\/wp-json\/wp\/v2\/users\/2"}],"replies":[{"embeddable":true,"href":"https:\/\/www.europesays.com\/fr\/wp-json\/wp\/v2\/comments?post=115172"}],"version-history":[{"count":0,"href":"https:\/\/www.europesays.com\/fr\/wp-json\/wp\/v2\/posts\/115172\/revisions"}],"wp:featuredmedia":[{"embeddable":true,"href":"https:\/\/www.europesays.com\/fr\/wp-json\/wp\/v2\/media\/115173"}],"wp:attachment":[{"href":"https:\/\/www.europesays.com\/fr\/wp-json\/wp\/v2\/media?parent=115172"}],"wp:term":[{"taxonomy":"category","embeddable":true,"href":"https:\/\/www.europesays.com\/fr\/wp-json\/wp\/v2\/categories?post=115172"},{"taxonomy":"post_tag","embeddable":true,"href":"https:\/\/www.europesays.com\/fr\/wp-json\/wp\/v2\/tags?post=115172"}],"curies":[{"name":"wp","href":"https:\/\/api.w.org\/{rel}","templated":true}]}}