{"id":115176,"date":"2025-05-20T20:32:10","date_gmt":"2025-05-20T20:32:10","guid":{"rendered":"https:\/\/www.europesays.com\/fr\/115176\/"},"modified":"2025-05-20T20:32:10","modified_gmt":"2025-05-20T20:32:10","slug":"psg-inter-milan-la-finale-de-la-ligue-des-champions-sera-bien-diffusee-au-parc-des-princes","status":"publish","type":"post","link":"https:\/\/www.europesays.com\/fr\/115176\/","title":{"rendered":"PSG-Inter Milan\u00a0: la finale de la Ligue des champions sera bien diffus\u00e9e au Parc des Princes"},"content":{"rendered":"<p class=\"paragraph text_align_left\">La finale de la Ligue des champions se jouera, aussi, au Parc des Princes. Si les joueurs de Luis Enrique seront \u00e0 Munich le 31 mai prochain pour disputer la rencontre la plus importante de leur histoire sur la pelouse de l\u2019Allianz Arena, face \u00e0 l\u2019Inter Milan, les fans du <a href=\"https:\/\/www.leparisien.fr\/sports\/football\/psg\/\" target=\"_blank\" rel=\"noreferrer nofollow noopener\">PSG <\/a>qui ne feront pas le voyage auront l\u2019occasion de la suivre depuis les tribunes de leur enceinte pr\u00e9f\u00e9r\u00e9e.<\/p>\n<p class=\"lp-f-ui-06 bet-widget_legal-notices lp-color-text-muted lp-mb-07\">LES JEUX D&rsquo;ARGENT ET DE HASARD PEUVENT \u00caTRE DANGEREUX : PERTES D&rsquo;ARGENT, CONFLITS FAMILIAUX, ADDICTION\u2026 RETROUVEZ NOS CONSEILS SUR <a href=\"https:\/\/joueurs-info-service.fr\/\" class=\"lp-color-text-muted\" rel=\"nofollow noopener\" target=\"_blank\">JOUEURS-INFO-SERVICE.FR<\/a> (09 74 75 13 13 &#8211; APPEL NON SURTAX\u00c9)<\/p>\n<p class=\"paragraph text_align_left\">Comme cela \u00e9tait attendu, les dirigeants du club de la capitale ont en effet d\u00e9cid\u00e9 d\u2019ouvrir les portes du Parc des Princes le soir de la finale pour permettre aux fans d\u2019assister \u00e0 la retransmission du match. Un joli lot de consolation pour les personnes n\u2019ayant pas pu avoir leur pr\u00e9cieux s\u00e9same pour Munich.<\/p>\n<p class=\"paragraph text_align_left\">Quatre \u00e9crans g\u00e9ants seront ainsi install\u00e9s au milieu de la pelouse pour offrir une exp\u00e9rience totale aux supporters. 38 000 places seront propos\u00e9es \u00e0 la vente. L\u2019achat se fera une nouvelle fois sous la forme de vagues : la premi\u00e8re, d\u00e8s ce mardi soir, sera \u00e0 destination des abonn\u00e9s du Parc des Princes avec un tarif pr\u00e9f\u00e9rentiel. Une deuxi\u00e8me vague sera ensuite propos\u00e9e aux adh\u00e9rents du programme de fid\u00e9lit\u00e9 \u00ab My Paris \u00bb. Une troisi\u00e8me vague sera mise \u00e0 disposition du grand public si des places sont encore disponibles.<\/p>\n<p class=\"paragraph text_align_left\">L\u2019entr\u00e9e sera payante, allant de 10 euros pour les moins ch\u00e8res et variant ensuite en fonction de la zone du stade.<\/p>\n<p class=\"paragraph text_align_left\">L\u2019enceinte des joueurs du PSG avait d\u00e9j\u00e0 accueilli des fans du club en 2020 lors de la pr\u00e9c\u00e9dente finale de Ligue des champions perdue contre le Bayern Munich. Mais Covid-19 oblige, seulement 5 000 personnes avaient pu prendre place dans les tribunes. Cette fois-ci, l\u2019ambiance promet d\u2019\u00eatre encore plus chaude\u2026<\/p>\n","protected":false},"excerpt":{"rendered":"La finale de la Ligue des champions se jouera, aussi, au Parc des Princes. Si les joueurs de&hellip;\n","protected":false},"author":2,"featured_media":115177,"comment_status":"","ping_status":"","sticky":false,"template":"","format":"standard","meta":{"footnotes":""},"categories":[2],"tags":[11,63,1011,27,447,12,60],"class_list":{"0":"post-115176","1":"post","2":"type-post","3":"status-publish","4":"format-standard","5":"has-post-thumbnail","7":"category-actualites","8":"tag-actualites","9":"tag-football","10":"tag-fr","11":"tag-france","12":"tag-ligue-des-champions","13":"tag-news","14":"tag-sports"},"share_on_mastodon":{"url":"https:\/\/pubeurope.com\/@fr\/114542067262875567","error":""},"_links":{"self":[{"href":"https:\/\/www.europesays.com\/fr\/wp-json\/wp\/v2\/posts\/115176","targetHints":{"allow":["GET"]}}],"collection":[{"href":"https:\/\/www.europesays.com\/fr\/wp-json\/wp\/v2\/posts"}],"about":[{"href":"https:\/\/www.europesays.com\/fr\/wp-json\/wp\/v2\/types\/post"}],"author":[{"embeddable":true,"href":"https:\/\/www.europesays.com\/fr\/wp-json\/wp\/v2\/users\/2"}],"replies":[{"embeddable":true,"href":"https:\/\/www.europesays.com\/fr\/wp-json\/wp\/v2\/comments?post=115176"}],"version-history":[{"count":0,"href":"https:\/\/www.europesays.com\/fr\/wp-json\/wp\/v2\/posts\/115176\/revisions"}],"wp:featuredmedia":[{"embeddable":true,"href":"https:\/\/www.europesays.com\/fr\/wp-json\/wp\/v2\/media\/115177"}],"wp:attachment":[{"href":"https:\/\/www.europesays.com\/fr\/wp-json\/wp\/v2\/media?parent=115176"}],"wp:term":[{"taxonomy":"category","embeddable":true,"href":"https:\/\/www.europesays.com\/fr\/wp-json\/wp\/v2\/categories?post=115176"},{"taxonomy":"post_tag","embeddable":true,"href":"https:\/\/www.europesays.com\/fr\/wp-json\/wp\/v2\/tags?post=115176"}],"curies":[{"name":"wp","href":"https:\/\/api.w.org\/{rel}","templated":true}]}}