{"id":115180,"date":"2025-05-20T20:34:17","date_gmt":"2025-05-20T20:34:17","guid":{"rendered":"https:\/\/www.europesays.com\/fr\/115180\/"},"modified":"2025-05-20T20:34:17","modified_gmt":"2025-05-20T20:34:17","slug":"loire-les-gendarmes-deploient-un-gros-dispositif-le-chauffard-en-audi-ny-echappe-pas","status":"publish","type":"post","link":"https:\/\/www.europesays.com\/fr\/115180\/","title":{"rendered":"Loire. Les gendarmes d\u00e9ploient un gros dispositif, le chauffard en Audi n&rsquo;y \u00e9chappe pas"},"content":{"rendered":"<p>            Par<br \/>\n        <strong><br \/>\n            <a href=\"https:\/\/actu.fr\/auteur\/julien-sournies\" title=\"Consulter tous les articles de Julien Sournies\" target=\"_blank\" rel=\"noopener\">Julien Sournies<\/a><br \/>\n        <\/strong><\/p>\n<p>        Publi\u00e9 le<\/p>\n<p>            20 mai 2025 \u00e0 11h50        <\/p>\n<p>Depuis plusieurs mois d\u00e9sormais, il est recommand\u00e9 de faire preuve de la plus grande prudence sur les routes. En effet, tous les week-ends, du vendredi au dimanche, les gendarmes de l\u2019Escadron d\u00e9partemental de s\u00e9curit\u00e9 routi\u00e8re de la <a href=\"https:\/\/actu.fr\/auvergne-rhone-alpes\/loire_42\" target=\"_blank\" rel=\"noopener\">Loire<\/a> s\u2019attellent \u00e0 <strong>d\u2019importants contr\u00f4les<\/strong> sur les routes lig\u00e9riennes.<\/p>\n<p class=\" wall-content\">Et ce week-end encore, les militaires ont fait <strong>pleuvoir les PV<\/strong>.<\/p>\n<p>133 contraventions pour diverses infractions<\/p>\n<p class=\" wall-content\">Pour cause, les forces de l\u2019ordre ont enregistr\u00e9 un total de <strong>133 contraventions<\/strong> pour diverses infractions, telles que l\u2019usage du t\u00e9l\u00e9phone au volant, le non-respect de la vitesse autoris\u00e9e et des d\u00e9fauts de r\u00e8gles administratives, annonce la pr\u00e9fecture de la Loire.<\/p>\n<p class=\" wall-content\">De surcro\u00eet, <strong>38 d\u00e9lits<\/strong> ont \u00e9t\u00e9 relev\u00e9s, incluant la conduite sous l\u2019influence de stup\u00e9fiants, l\u2019alcool\u00e9mie et le d\u00e9faut d\u2019assurance.<\/p>\n<p>Deux chauffards interpell\u00e9s sur une route \u00e0 90 km\/h<\/p>\n<p class=\" wall-content\">Parmi toutes les contraventions relev\u00e9es par les forces de l\u2019ordre au cours du week-end, deux automobilistes se sont particuli\u00e8rement d\u00e9marqu\u00e9s.<\/p>\n<p>Vid\u00e9os : en ce moment sur Actu<\/p>\n<p class=\" wall-content\">En effet, vendredi 16 mai, les gendarmes de la brigade motoris\u00e9e de Montbrison ont proc\u00e9d\u00e9 \u00e0 l\u2019interpellation de deux voitures circulant \u00e0 <strong>162\u00a0km\/h et 165\u00a0km\/h sur une portion pourtant limit\u00e9e \u00e0 90\u00a0km\/h<\/strong>, indiquent les militaires sur les r\u00e9seaux sociaux.<\/p>\n<p class=\" wall-content\">En cons\u00e9quence, les deux v\u00e9hicules, dont une Audi R8, ont \u00e9t\u00e9 imm\u00e9diatement envoy\u00e9s \u00e0 la <strong>fourri\u00e8re<\/strong>.<\/p>\n<p class=\" wall-content\">Devant ce nombre toujours aussi inqui\u00e9tant d\u2019infractions, les militaires rappellent que \u00ab\u2009la s\u00e9curit\u00e9 routi\u00e8re est l\u2019affaire de tous. Respectez les limitations de vitesse pour votre s\u00e9curit\u00e9 et celle des autres usagers\u2009\u00bb.<\/p>\n<p class=\" wall-content\">Suivez toute l\u2019actualit\u00e9 de vos villes et m\u00e9dias favoris en vous inscrivant \u00e0 <a href=\"https:\/\/moncompte.actu.fr\" title=\"D\u00e9couvez Mon Actu\" rel=\"nofollow noopener\" data-trk=\"{&quot;cta&quot;:{&quot;action&quot;:&quot;https:\\\/\\\/moncompte.actu.fr&quot;,&quot;category&quot;:&quot;mon compte&quot;,&quot;from&quot;:&quot;article footer&quot;,&quot;name&quot;:&quot;Mon actu&quot;,&quot;type&quot;:&quot;cta&quot;}}\" target=\"_blank\">Mon Actu<\/a>.<\/p>\n","protected":false},"excerpt":{"rendered":"Par Julien Sournies Publi\u00e9 le 20 mai 2025 \u00e0 11h50 Depuis plusieurs mois d\u00e9sormais, il est recommand\u00e9 de&hellip;\n","protected":false},"author":2,"featured_media":115181,"comment_status":"","ping_status":"","sticky":false,"template":"","format":"standard","meta":{"footnotes":""},"categories":[9653],"tags":[1111,11,2430,3542,1777,674,5915,118,1011,27,3381,12,25,4001],"class_list":{"0":"post-115180","1":"post","2":"type-post","3":"status-publish","4":"format-standard","5":"has-post-thumbnail","7":"category-saint-etienne","8":"tag-actu","9":"tag-actualites","10":"tag-auvergne-rhone-alpes","11":"tag-circulation","12":"tag-eu","13":"tag-europe","14":"tag-exces-de-vitesse","15":"tag-faits-divers","16":"tag-fr","17":"tag-france","18":"tag-gendarmerie","19":"tag-news","20":"tag-republique-francaise","21":"tag-saint-etienne"},"share_on_mastodon":{"url":"https:\/\/pubeurope.com\/@fr\/114542075660448873","error":""},"_links":{"self":[{"href":"https:\/\/www.europesays.com\/fr\/wp-json\/wp\/v2\/posts\/115180","targetHints":{"allow":["GET"]}}],"collection":[{"href":"https:\/\/www.europesays.com\/fr\/wp-json\/wp\/v2\/posts"}],"about":[{"href":"https:\/\/www.europesays.com\/fr\/wp-json\/wp\/v2\/types\/post"}],"author":[{"embeddable":true,"href":"https:\/\/www.europesays.com\/fr\/wp-json\/wp\/v2\/users\/2"}],"replies":[{"embeddable":true,"href":"https:\/\/www.europesays.com\/fr\/wp-json\/wp\/v2\/comments?post=115180"}],"version-history":[{"count":0,"href":"https:\/\/www.europesays.com\/fr\/wp-json\/wp\/v2\/posts\/115180\/revisions"}],"wp:featuredmedia":[{"embeddable":true,"href":"https:\/\/www.europesays.com\/fr\/wp-json\/wp\/v2\/media\/115181"}],"wp:attachment":[{"href":"https:\/\/www.europesays.com\/fr\/wp-json\/wp\/v2\/media?parent=115180"}],"wp:term":[{"taxonomy":"category","embeddable":true,"href":"https:\/\/www.europesays.com\/fr\/wp-json\/wp\/v2\/categories?post=115180"},{"taxonomy":"post_tag","embeddable":true,"href":"https:\/\/www.europesays.com\/fr\/wp-json\/wp\/v2\/tags?post=115180"}],"curies":[{"name":"wp","href":"https:\/\/api.w.org\/{rel}","templated":true}]}}