{"id":1151815,"date":"2026-08-27T10:52:20","date_gmt":"2026-08-27T10:52:20","guid":{"rendered":"https:\/\/www.europesays.com\/fr\/1151815\/"},"modified":"2026-08-27T10:52:20","modified_gmt":"2026-08-27T10:52:20","slug":"de-nombreuses-activites-estivales-ont-eu-un-impact-positif-et-ont-diffuse-une-influence-positive","status":"publish","type":"post","link":"https:\/\/www.europesays.com\/fr\/1151815\/","title":{"rendered":"De nombreuses activit\u00e9s estivales ont eu un impact positif et ont diffus\u00e9 une influence positive."},"content":{"rendered":"<tr>\n<td style=\"text-align:center;\"><img decoding=\"async\" style=\"cursor:pointer\" alt=\"\" class=\"imgtelerik\" loading=\"lazy\" src=\"https:\/\/www.europesays.com\/fr\/wp-content\/uploads\/2026\/08\/1787825763687_doan2.jpeg\"\/><\/td>\n<\/tr>\n<tr class=\"alt_imgEditor\">\n<td> Remise de certificats de f\u00e9licitations \u00e0 des collectifs et \u00e0 des individus.<\/td>\n<\/tr>\n<p> L&rsquo; \u00e9t\u00e9 dernier , le Comit\u00e9 de pilotage des activit\u00e9s estivales du quartier de Thuan Hoa a mis en \u0153uvre de nombreuses activit\u00e9s, fid\u00e8les au plan initial. Ces activit\u00e9s, vari\u00e9es et pratiques, \u00e9taient fortement ancr\u00e9es dans la communaut\u00e9. Les programmes portaient sur la garde d&rsquo;enfants et l&rsquo;\u00e9ducation\u00a0; la sensibilisation et la diffusion <a class=\"data-link\" data-org-href=\"https:\/\/www.vietnam.vn\/fr\/tag\/phap-luat\" href=\"https:\/\/www.vietnam.vn\/fr\/tag\/phap-luat\" title=\"loi\" target=\"_blank\" rel=\"nofollow noopener\">des droits<\/a>\u00a0; l&rsquo;expression de la gratitude\u00a0; la protection de l&rsquo;environnement\u00a0; la transformation num\u00e9rique\u00a0; le b\u00e9n\u00e9volat\u00a0; et la culture, les arts, l&rsquo;\u00e9ducation physique et le sport.<\/p>\n<p style=\"text-align: justify;\"> De nombreuses activit\u00e9s ont eu un impact positif et se sont largement diffus\u00e9es aupr\u00e8s des membres du syndicat, des jeunes et de la communaut\u00e9. Notamment, le programme \u00ab\u00a0\u00c9t\u00e9 num\u00e9rique\u00a0\u00bb a attir\u00e9 plus de 500 membres du syndicat et jeunes. Des actions de protection de l&rsquo;environnement et de plantation d&rsquo;arbres ont \u00e9t\u00e9 men\u00e9es avec succ\u00e8s\u00a0; une attention particuli\u00e8re a \u00e9t\u00e9 port\u00e9e aux enfants d\u00e9favoris\u00e9s, notamment \u00e0 travers le projet \u00ab\u00a0Maison \u00e0 l&rsquo;\u00e9charpe rouge\u00a0\u00bb.<\/p>\n<p style=\"text-align: justify;\"> Par ailleurs, des activit\u00e9s comm\u00e9moratives ont \u00e9t\u00e9 organis\u00e9es pour marquer le 79e anniversaire de la Journ\u00e9e des invalides et des martyrs de guerre\u00a0; la campagne humanitaire de don de sang a permis d\u2019atteindre 174 objectifs. Des activit\u00e9s culturelles, artistiques et <a class=\"data-link\" data-org-href=\"https:\/\/www.vietnam.vn\/fr\/category\/the-thao\" href=\"https:\/\/www.vietnam.vn\/fr\/category\/the-thao\" title=\"sport\" target=\"_blank\" rel=\"nofollow noopener\">sportives<\/a> ont \u00e9galement attir\u00e9 de nombreux enfants, contribuant ainsi \u00e0 cr\u00e9er un espace de loisirs sain et agr\u00e9able durant l\u2019\u00e9t\u00e9.<\/p>\n<p style=\"text-align: justify;\"> \u00c0 cette occasion, 5 groupes et 25 personnes s&rsquo;\u00e9tant particuli\u00e8rement distingu\u00e9s lors des activit\u00e9s d&rsquo;\u00e9t\u00e9 2026 ont \u00e9t\u00e9 f\u00e9licit\u00e9s et r\u00e9compens\u00e9s par le pr\u00e9sident du Comit\u00e9 populaire du quartier de Thuan Hoa. Le Comit\u00e9 ex\u00e9cutif de l&rsquo;Union des jeunes du quartier a \u00e9galement remis des certificats aux membres les plus m\u00e9ritants de ces m\u00eames activit\u00e9s.<\/p>\n<p> ONGOC KHANH<\/p>\n<p class=\"mb-0\"> Source : https:\/\/huengaynay.vn\/chinh-polit-xa-hoi\/thanh-nien\/nhieu-hoat-dong-he-tao-dau-an-va-lan-toa-tich-cuc-169177.html<\/p>\n","protected":false},"excerpt":{"rendered":"Remise de certificats de f\u00e9licitations \u00e0 des collectifs et \u00e0 des individus. L&rsquo; \u00e9t\u00e9 dernier , le Comit\u00e9&hellip;\n","protected":false},"author":2,"featured_media":1151816,"comment_status":"","ping_status":"","sticky":false,"template":"","format":"standard","meta":{"footnotes":"","_share_on_mastodon":"0"},"categories":[1586],"tags":[11,2883,1777,674,1779,1011,27,2705,9111,12,25,1778,364],"class_list":["post-1151815","post","type-post","status-publish","format-standard","has-post-thumbnail","category-europe","tag-actualites","tag-ete","tag-eu","tag-europe","tag-european-union","tag-fr","tag-france","tag-groupe","tag-naturalisation","tag-news","tag-republique-francaise","tag-ue","tag-union-europeenne"],"share_on_mastodon":{"url":"https:\/\/pubeurope.com\/@fr\/117167100975504568","error":""},"_links":{"self":[{"href":"https:\/\/www.europesays.com\/fr\/wp-json\/wp\/v2\/posts\/1151815","targetHints":{"allow":["GET"]}}],"collection":[{"href":"https:\/\/www.europesays.com\/fr\/wp-json\/wp\/v2\/posts"}],"about":[{"href":"https:\/\/www.europesays.com\/fr\/wp-json\/wp\/v2\/types\/post"}],"author":[{"embeddable":true,"href":"https:\/\/www.europesays.com\/fr\/wp-json\/wp\/v2\/users\/2"}],"replies":[{"embeddable":true,"href":"https:\/\/www.europesays.com\/fr\/wp-json\/wp\/v2\/comments?post=1151815"}],"version-history":[{"count":0,"href":"https:\/\/www.europesays.com\/fr\/wp-json\/wp\/v2\/posts\/1151815\/revisions"}],"wp:featuredmedia":[{"embeddable":true,"href":"https:\/\/www.europesays.com\/fr\/wp-json\/wp\/v2\/media\/1151816"}],"wp:attachment":[{"href":"https:\/\/www.europesays.com\/fr\/wp-json\/wp\/v2\/media?parent=1151815"}],"wp:term":[{"taxonomy":"category","embeddable":true,"href":"https:\/\/www.europesays.com\/fr\/wp-json\/wp\/v2\/categories?post=1151815"},{"taxonomy":"post_tag","embeddable":true,"href":"https:\/\/www.europesays.com\/fr\/wp-json\/wp\/v2\/tags?post=1151815"}],"curies":[{"name":"wp","href":"https:\/\/api.w.org\/{rel}","templated":true}]}}