{"id":1151833,"date":"2026-08-27T11:08:17","date_gmt":"2026-08-27T11:08:17","guid":{"rendered":"https:\/\/www.europesays.com\/fr\/1151833\/"},"modified":"2026-08-27T11:08:17","modified_gmt":"2026-08-27T11:08:17","slug":"selena-gomez-passe-a-lattaque-contre-une-plainte-pour-fraude-deposee-contre-elle-et-son-entreprise","status":"publish","type":"post","link":"https:\/\/www.europesays.com\/fr\/1151833\/","title":{"rendered":"Selena Gomez passe \u00e0 l\u2019attaque contre une plainte pour fraude d\u00e9pos\u00e9e contre elle et son entreprise"},"content":{"rendered":"<p>Selena Gomez est au c\u0153ur d\u2019une pol\u00e9mique judiciaire. Des investisseurs de <a href=\"https:\/\/www.20minutes.fr\/arts-stars\/people\/4239543-20260817-selena-gomez-repond-accusations-fraude-liees-start-up-dediee-sante-mentale\" rel=\"nofollow noopener\" target=\"_blank\" class=\"c-link c-link--is-underlined\">Wondermind<\/a>, l\u2019entreprise d\u00e9di\u00e9e \u00e0 la sant\u00e9 mentale qu\u2019elle a cofond\u00e9e avec sa m\u00e8re Mandy Teefey et l\u2019entrepreneuse Daniella Pierson, l\u2019accusent de fausses d\u00e9clarations sur les ressources et la direction de la startup. Selon <a href=\"https:\/\/people.com\/selena-gomez-slams-meritless-lawsuit-will-take-legal-action-to-dismiss-claims-exclusive-12060756\" rel=\"nofollow noopener\" target=\"_blank\" class=\"c-link c-link--is-underlined\">People<\/a>, les plaignants affirment avoir inject\u00e9 pr\u00e8s de 1,2\u00a0million de dollars dans l\u2019entreprise, avant de d\u00e9couvrir son effondrement progressif, r\u00e9v\u00e9l\u00e9 par un article de The Cut en\u00a02025.<\/p>\n<p>Par la voix de son avocat, Mathew S. Rosengart, la chanteuse et actrice a d\u00e9pos\u00e9 le 26\u00a0ao\u00fbt une requ\u00eate demandant le rejet de la plainte d\u00e9pos\u00e9e mi-ao\u00fbt par cinq <a href=\"https:\/\/www.20minutes.fr\/arts-stars\/people\/4239248-20260814-selena-gomez-accusee-fraude-investisseurs-start-up-dediee-sante-mentale\" rel=\"nofollow noopener\" target=\"_blank\" class=\"c-link c-link--is-underlined\">investisseurs de la soci\u00e9t\u00e9<\/a>, selon des documents judiciaires obtenus par People.<\/p>\n<p>Accusations \u00ab\u00a0totalement infond\u00e9es\u00a0\u00bb<\/p>\n<p>La chanteuse nie les accusations des plaignants, qui lui reprochent d\u2019avoir donn\u00e9 une fausse image de l\u2019infrastructure, de la direction et des ressources de Wondermind. \u00ab\u00a0Les all\u00e9gations selon lesquelles <a href=\"https:\/\/www.20minutes.fr\/arts-stars\/people\/4235932-20260723-apres-annees-depression-selena-gomez-sent-plus-heureuse-monde-34-ans\" rel=\"nofollow noopener\" target=\"_blank\" class=\"c-link c-link--is-underlined\">Selena Gomez<\/a> aurait \u00e9t\u00e9 impliqu\u00e9e de quelque mani\u00e8re que ce soit dans une pr\u00e9tendue \u00ab\u00a0fraude\u00a0\u00bb ou tout autre acte r\u00e9pr\u00e9hensible sont totalement infond\u00e9es, tant sur le plan factuel que juridique\u00a0\u00bb, peut-on lire. \u00ab\u00a0Nous nous d\u00e9fendrons vigoureusement contre ces fausses all\u00e9gations et nous d\u00e9posons d\u2019ailleurs une requ\u00eate visant \u00e0 faire rejeter les accusations sans fondement port\u00e9es \u00e0 son encontre.\u00a0\u00bb<\/p>\n<p>Les documents rappellent que m\u00eame si \u00ab\u00a0Mme Gomez a accept\u00e9 de soutenir sa m\u00e8re, Mandy Teefey, qui a cofond\u00e9 Wondermind\u00a0\u00bb, \u00ab\u00a0et qu\u2019elle a investi dans la soci\u00e9t\u00e9 et y d\u00e9tient une participation minoritaire\u00a0\u00bb, l\u2019actrice et chanteuse \u00ab\u00a0n\u2019a jamais accept\u00e9 d\u2019en assurer la direction et ne l\u2019a pas dirig\u00e9e\u00a0\u00bb. Les avocats assurent que \u00ab\u00a0la direction \u00e9tait confi\u00e9e \u00e0 la m\u00e8re de Selena Gomez, Mandy Teefey, et \u00e0 Mme Pierson, qui dirigeaient la soci\u00e9t\u00e9 en tant que co-PDG et membres du conseil d\u2019administration\u00a0\u00bb. Selena Gomez occupait, au sein de l\u2019entreprise, le poste de \u00ab\u00a0Chief Impact Officer\u00a0\u00bb, soit \u00ab\u00a0consultante\u00a0\u00bb.<\/p>\n<p>Accumulation de probl\u00e8mes<\/p>\n<p>Selon une source proche cit\u00e9e par la publication, la star d\u2019Only Murders in the Building aurait r\u00e9investi des millions dans Wondermind pour soutenir sa m\u00e8re et leur projet commun lorsque certains employ\u00e9s ont \u00e9t\u00e9 pay\u00e9s en retard. \u00ab\u00a0Elle a imm\u00e9diatement investi davantage lorsqu\u2019elle a \u00e9t\u00e9 inform\u00e9e des revers financiers, bien qu\u2019elle ne soit pas impliqu\u00e9e dans la gestion quotidienne\u00a0\u00bb, pr\u00e9cise-t-on.<\/p>\n<p>Les tensions au sein de Wondermind ne datent pas d\u2019hier. En septembre\u00a02025, Mandy Teefey avait d\u00e9j\u00e0 d\u00fb d\u00e9mentir des rumeurs sur son comportement au bureau, rappelle People, apr\u00e8s des all\u00e9gations d\u2019anciens employ\u00e9s sous couvert d\u2019anonymat. \u00ab\u00a0J\u2019ai cr\u00e9\u00e9 Wondermind pour aider les personnes souffrant de troubles mentaux. Il est regrettable que quelques employ\u00e9s m\u00e9contents puissent propager des mensonges \u00e0 mon sujet et d\u00e9former la v\u00e9rit\u00e9\u00a0\u00bb, avait-elle r\u00e9agi.<\/p>\n","protected":false},"excerpt":{"rendered":"Selena Gomez est au c\u0153ur d\u2019une pol\u00e9mique judiciaire. Des investisseurs de Wondermind, l\u2019entreprise d\u00e9di\u00e9e \u00e0 la sant\u00e9 mentale&hellip;\n","protected":false},"author":2,"featured_media":1151834,"comment_status":"","ping_status":"","sticky":false,"template":"","format":"standard","meta":{"footnotes":"","_share_on_mastodon":"0"},"categories":[1359],"tags":[2594,3514,2704,58,59,73,1011,27,303,973,2072,8831],"class_list":["post-1151833","post","type-post","status-publish","format-standard","has-post-thumbnail","category-people","tag-actrice","tag-arnaque","tag-chanteuse","tag-divertissement","tag-entertainment","tag-etats-unis","tag-fr","tag-france","tag-justice","tag-people","tag-sante-mentale","tag-selena-gomez"],"share_on_mastodon":{"url":"https:\/\/pubeurope.com\/@fr\/117167161628229983","error":""},"_links":{"self":[{"href":"https:\/\/www.europesays.com\/fr\/wp-json\/wp\/v2\/posts\/1151833","targetHints":{"allow":["GET"]}}],"collection":[{"href":"https:\/\/www.europesays.com\/fr\/wp-json\/wp\/v2\/posts"}],"about":[{"href":"https:\/\/www.europesays.com\/fr\/wp-json\/wp\/v2\/types\/post"}],"author":[{"embeddable":true,"href":"https:\/\/www.europesays.com\/fr\/wp-json\/wp\/v2\/users\/2"}],"replies":[{"embeddable":true,"href":"https:\/\/www.europesays.com\/fr\/wp-json\/wp\/v2\/comments?post=1151833"}],"version-history":[{"count":0,"href":"https:\/\/www.europesays.com\/fr\/wp-json\/wp\/v2\/posts\/1151833\/revisions"}],"wp:featuredmedia":[{"embeddable":true,"href":"https:\/\/www.europesays.com\/fr\/wp-json\/wp\/v2\/media\/1151834"}],"wp:attachment":[{"href":"https:\/\/www.europesays.com\/fr\/wp-json\/wp\/v2\/media?parent=1151833"}],"wp:term":[{"taxonomy":"category","embeddable":true,"href":"https:\/\/www.europesays.com\/fr\/wp-json\/wp\/v2\/categories?post=1151833"},{"taxonomy":"post_tag","embeddable":true,"href":"https:\/\/www.europesays.com\/fr\/wp-json\/wp\/v2\/tags?post=1151833"}],"curies":[{"name":"wp","href":"https:\/\/api.w.org\/{rel}","templated":true}]}}