{"id":115184,"date":"2025-05-20T20:36:30","date_gmt":"2025-05-20T20:36:30","guid":{"rendered":"https:\/\/www.europesays.com\/fr\/115184\/"},"modified":"2025-05-20T20:36:30","modified_gmt":"2025-05-20T20:36:30","slug":"ball-ligue-b-brett-wildman-et-luis-paolinetti-quittent-le-grand-nancy","status":"publish","type":"post","link":"https:\/\/www.europesays.com\/fr\/115184\/","title":{"rendered":"ball &#8211; Ligue B. Brett Wildman et Luis Paolinetti quittent le Grand Nancy"},"content":{"rendered":"<p>Les choses s\u2019acc\u00e9l\u00e8rent du c\u00f4t\u00e9 du Grand Nancy VB. <a href=\"https:\/\/www.estrepublicain.fr\/sport\/2025\/05\/12\/le-grand-nancy-vb-ne-conservera-pas-son-capitaine-eldin-demirovic\" target=\"_blank\" rel=\"noopener\">Apr\u00e8s le d\u00e9part de son capitaine Eldin D\u00e9mirovic<\/a> , le GNVB vient d\u2019annoncer que Brett Wildman et Luis Paolinetti ne porteront plus les couleurs du club la saison prochaine. Nikola Borcic aurait pourtant bien aim\u00e9 les conserver dans son effectif. Il faut dire que le passage de l\u2019international am\u00e9ricain Brett Wildman dans les rangs du Grand Nancy Volley-ball n\u2019est pas pass\u00e9 inaper\u00e7u.\u00a0L\u2019attaquant\/r\u00e9ceptionneur a crev\u00e9 l\u2019\u00e9cran tout au long du championnat (291pts en 86 sets) et a fini par forcer la curiosit\u00e9 d\u2019un grand nombre de clubs de Ligue A. D\u00e9sireux d\u2019\u00e9voluer au plus haut niveau professionnel, Brett Wildman a finalement \u00e9t\u00e9 s\u00e9duit par le projet pr\u00e9sent\u00e9 par les dirigeants du Plessis-Robinson.<\/p>\n<p>Luis Paolinetti, quant \u00e0 lui, n\u2019a pas annonc\u00e9 son futur club. Arriv\u00e9 de Nice l\u2019\u00e9t\u00e9 dernier, le pointu br\u00e9silien a rapidement trouv\u00e9 ses marques en Ligue B. En quelques matches il est m\u00eame devenu l\u2019arme absolue du GNVB et surtout le meilleur marqueur du championnat. Une pole position qu\u2019il a conserv\u00e9e jusqu\u2019au bout (524pts en 84 sets). Mais avec des pr\u00e9tentions salariales revues \u00e0 la hausse, Luis Paolinetti ne rentrait plus dans le budget du GNVB.<\/p>\n","protected":false},"excerpt":{"rendered":"Les choses s\u2019acc\u00e9l\u00e8rent du c\u00f4t\u00e9 du Grand Nancy VB. Apr\u00e8s le d\u00e9part de son capitaine Eldin D\u00e9mirovic ,&hellip;\n","protected":false},"author":2,"featured_media":115185,"comment_status":"","ping_status":"","sticky":false,"template":"","format":"standard","meta":{"footnotes":""},"categories":[9635],"tags":[1111,11,1704,1777,674,107,1701,1011,27,775,1702,1703,12,25,517,1700,1632],"class_list":{"0":"post-115184","1":"post","2":"type-post","3":"status-publish","4":"format-standard","5":"has-post-thumbnail","7":"category-nancy","8":"tag-actu","9":"tag-actualites","10":"tag-edition-nancy-et-agglomeration","11":"tag-eu","12":"tag-europe","13":"tag-fil-info","14":"tag-fil-info-sport","15":"tag-fr","16":"tag-france","17":"tag-grand-est","18":"tag-nancy","19":"tag-nancy-ville-54b","20":"tag-news","21":"tag-republique-francaise","22":"tag-sport","23":"tag-sport-lorrain","24":"tag-volley-ball"},"share_on_mastodon":{"url":"https:\/\/pubeurope.com\/@fr\/114542083045593206","error":""},"_links":{"self":[{"href":"https:\/\/www.europesays.com\/fr\/wp-json\/wp\/v2\/posts\/115184","targetHints":{"allow":["GET"]}}],"collection":[{"href":"https:\/\/www.europesays.com\/fr\/wp-json\/wp\/v2\/posts"}],"about":[{"href":"https:\/\/www.europesays.com\/fr\/wp-json\/wp\/v2\/types\/post"}],"author":[{"embeddable":true,"href":"https:\/\/www.europesays.com\/fr\/wp-json\/wp\/v2\/users\/2"}],"replies":[{"embeddable":true,"href":"https:\/\/www.europesays.com\/fr\/wp-json\/wp\/v2\/comments?post=115184"}],"version-history":[{"count":0,"href":"https:\/\/www.europesays.com\/fr\/wp-json\/wp\/v2\/posts\/115184\/revisions"}],"wp:featuredmedia":[{"embeddable":true,"href":"https:\/\/www.europesays.com\/fr\/wp-json\/wp\/v2\/media\/115185"}],"wp:attachment":[{"href":"https:\/\/www.europesays.com\/fr\/wp-json\/wp\/v2\/media?parent=115184"}],"wp:term":[{"taxonomy":"category","embeddable":true,"href":"https:\/\/www.europesays.com\/fr\/wp-json\/wp\/v2\/categories?post=115184"},{"taxonomy":"post_tag","embeddable":true,"href":"https:\/\/www.europesays.com\/fr\/wp-json\/wp\/v2\/tags?post=115184"}],"curies":[{"name":"wp","href":"https:\/\/api.w.org\/{rel}","templated":true}]}}