{"id":1151850,"date":"2026-08-27T11:22:37","date_gmt":"2026-08-27T11:22:37","guid":{"rendered":"https:\/\/www.europesays.com\/fr\/1151850\/"},"modified":"2026-08-27T11:22:37","modified_gmt":"2026-08-27T11:22:37","slug":"le-gouvernement-renonce-a-exclure-les-etf-swapes-des-pea","status":"publish","type":"post","link":"https:\/\/www.europesays.com\/fr\/1151850\/","title":{"rendered":"Le gouvernement renonce \u00e0 exclure les ETF swap\u00e9s des PEA"},"content":{"rendered":"<p>\n        Sur le r\u00e9seau social X, le ministre des Comptes publics, David Amiel, a assur\u00e9 que les Fran\u00e7ais \u00abpeuvent continuer \u00e0 investir, comme aujourd\u2019hui, dans les indices les plus diversifi\u00e9s\u00bb.\n    <\/p>\n<p>Publi\u00e9 le 27 ao\u00fbt 2026 \u00e0 07:21 &#8211; Maj 27 ao\u00fbt 2026 \u00e0 11:08<\/p>\n<ul class=\"ActionBar-items\">\n<li class=\"ActionBar-items-item\">\n<\/li>\n<li class=\"ActionBar-items-item\">\n<\/li>\n<li class=\"ActionBar-items-item\">\n<p>Ajouter \u00e0 vos sources pr\u00e9f\u00e9r\u00e9es<\/p>\n<p>Ajouter en favori<\/p>\n<\/li>\n<li class=\"ActionBar-items-item\">\n<\/li>\n<\/ul>\n<p>    <img decoding=\"async\" class=\"Image\" alt=\"bercy-nuit-credit-inconnu.jpg\"   width=\"840\" height=\"438\" fetchpriority=\"high\" src=\"https:\/\/www.europesays.com\/fr\/wp-content\/uploads\/2026\/08\/1787829757_216_.jpeg\"\/><\/p>\n<p>Un \u00e9v\u00e8nement L\u2019AGEFI<\/p>\n<p>FORUM CHIEF COMPLIANCE OFFICERS<\/p>\n<p>                Plus d&rsquo;articles du m\u00eame th\u00e8me<\/p>\n","protected":false},"excerpt":{"rendered":"Sur le r\u00e9seau social X, le ministre des Comptes publics, David Amiel, a assur\u00e9 que les Fran\u00e7ais \u00abpeuvent&hellip;\n","protected":false},"author":2,"featured_media":1151851,"comment_status":"","ping_status":"","sticky":false,"template":"","format":"standard","meta":{"footnotes":"","_share_on_mastodon":"0"},"categories":[6],"tags":[35,33,34,2302,1011,27,8088],"class_list":["post-1151850","post","type-post","status-publish","format-standard","has-post-thumbnail","category-economie","tag-business","tag-economie","tag-economy","tag-etf","tag-fr","tag-france","tag-reglementation"],"share_on_mastodon":{"url":"https:\/\/pubeurope.com\/@fr\/117167219038100809","error":""},"_links":{"self":[{"href":"https:\/\/www.europesays.com\/fr\/wp-json\/wp\/v2\/posts\/1151850","targetHints":{"allow":["GET"]}}],"collection":[{"href":"https:\/\/www.europesays.com\/fr\/wp-json\/wp\/v2\/posts"}],"about":[{"href":"https:\/\/www.europesays.com\/fr\/wp-json\/wp\/v2\/types\/post"}],"author":[{"embeddable":true,"href":"https:\/\/www.europesays.com\/fr\/wp-json\/wp\/v2\/users\/2"}],"replies":[{"embeddable":true,"href":"https:\/\/www.europesays.com\/fr\/wp-json\/wp\/v2\/comments?post=1151850"}],"version-history":[{"count":0,"href":"https:\/\/www.europesays.com\/fr\/wp-json\/wp\/v2\/posts\/1151850\/revisions"}],"wp:featuredmedia":[{"embeddable":true,"href":"https:\/\/www.europesays.com\/fr\/wp-json\/wp\/v2\/media\/1151851"}],"wp:attachment":[{"href":"https:\/\/www.europesays.com\/fr\/wp-json\/wp\/v2\/media?parent=1151850"}],"wp:term":[{"taxonomy":"category","embeddable":true,"href":"https:\/\/www.europesays.com\/fr\/wp-json\/wp\/v2\/categories?post=1151850"},{"taxonomy":"post_tag","embeddable":true,"href":"https:\/\/www.europesays.com\/fr\/wp-json\/wp\/v2\/tags?post=1151850"}],"curies":[{"name":"wp","href":"https:\/\/api.w.org\/{rel}","templated":true}]}}