{"id":1151852,"date":"2026-08-27T11:24:38","date_gmt":"2026-08-27T11:24:38","guid":{"rendered":"https:\/\/www.europesays.com\/fr\/1151852\/"},"modified":"2026-08-27T11:24:38","modified_gmt":"2026-08-27T11:24:38","slug":"mexique-le-suspect-du-meurtre-dun-influenceur-tue-en-plein-direct-arrete","status":"publish","type":"post","link":"https:\/\/www.europesays.com\/fr\/1151852\/","title":{"rendered":"Mexique\u00a0: Le suspect du meurtre d\u2019un influenceur tu\u00e9 en plein direct arr\u00eat\u00e9"},"content":{"rendered":"<p>Voici trois semaines que la police mexicaine tentait d\u2019interpeller un homme, suspect\u00e9 <a href=\"https:\/\/www.20minutes.fr\/monde\/4237898-20260805-mexique-influenceur-abattu-balle-tete-plein-live-tiktok\" target=\"_blank\" class=\"c-link c-link--is-underlined\" rel=\"nofollow noopener\">d\u2019avoir abattu un influenceur, C\u00e9sar Gastelum,<\/a> devant un restaurant o\u00f9 il r\u00e9alisait un direct sur <a href=\"https:\/\/www.20minutes.fr\/high-tech\/tiktok\/\" class=\"c-link c-link--is-underlined\" rel=\"nofollow noopener\" target=\"_blank\">TikTok<\/a>. C\u2019est \u00e0 pr\u00e9sent chose faite, mais pas sans mal, selon des sources officielles.<\/p>\n<p>Le meurtrier pr\u00e9sum\u00e9 a en effet \u00e9t\u00e9 localis\u00e9 dans l\u2019Etat de Puebla, au centre du Mexique, mais lors de l\u2019op\u00e9ration visant \u00e0 l\u2019arr\u00eater, les agents charg\u00e9s de l\u2019enqu\u00eate \u00ab\u00a0<a href=\"https:\/\/www.20minutes.fr\/monde\/4170953-20250903-mexique-corps-influenceuse-32-ans-mari-deux-enfants-retrouves-sacs-plastiques\" class=\"c-link c-link--is-underlined\" rel=\"nofollow noopener\" target=\"_blank\">ont \u00e9t\u00e9 attaqu\u00e9s<\/a> par trois hommes arm\u00e9s\u00a0\u00bb, a d\u00e9clar\u00e9 le ministre \u00e0 la S\u00e9curit\u00e9, Omar Garcia Harfuch, dans un communiqu\u00e9 diffus\u00e9 sur X. <a href=\"https:\/\/www.20minutes.fr\/monde\/etats-unis\/4226880-20260603-etats-unis-vaste-souterrain-dedie-narcotrafic-decouvert-entre-californie-mexique\" target=\"_blank\" class=\"c-link c-link--is-underlined\" rel=\"nofollow noopener\">Les policiers ont ripost\u00e9 et abattu<\/a> l\u2019un d\u2019entre eux, tandis que le suspect de l\u2019assassinat de C\u00e9sar Gastelum a \u00e9t\u00e9 arr\u00eat\u00e9 en m\u00eame temps qu\u2019une autre personne.<\/p>\n<\/p>\n<p>Des allusions \u00e0 une faction d\u2019un groupe criminel<\/p>\n<p>Le meurtre de l\u2019influenceur s\u2019\u00e9tait produit <a href=\"https:\/\/www.20minutes.fr\/monde\/4202818-20260222-mexique-baron-drogue-nemesio-oseguera-el-mencho-tue-lors-operation-militaire\" class=\"c-link c-link--is-underlined\" rel=\"nofollow noopener\" target=\"_blank\">dans le nord-ouest du Mexique<\/a> le 4\u00a0ao\u00fbt dernier et avait choqu\u00e9 ses 500.000 abonn\u00e9s. C\u00e9sar Gastelum avait \u00e9t\u00e9 tu\u00e9 alors qu\u2019il diffusait des images en direct dans la ville de Culiac\u00e1n, <a href=\"https:\/\/www.20minutes.fr\/monde\/4162940-20250710-mexique-effroi-lors-decouverte-42-sacs-remplis-restes-humains\" class=\"c-link c-link--is-underlined\" rel=\"nofollow noopener\" target=\"_blank\">\u00e9picentre de la guerre qui oppose deux factions<\/a> du puissant cartel de Sinaloa.<\/p>\n<p>Au moment du drame, il r\u00e9alisait son direct aux c\u00f4t\u00e9s de deux amis, d\u00e9guis\u00e9s en livreurs de repas dans le cadre d\u2019un d\u00e9fi, quand deux individus \u00e0 moto se sont arr\u00eat\u00e9s \u00e0 leur hauteur, lui tirant une balle en pleine t\u00eate avant de repartir. La diffusion des images sur le<a href=\"https:\/\/www.20minutes.fr\/dossier\/reseaux_sociaux\" class=\"c-link c-link--is-underlined\" rel=\"nofollow noopener\" target=\"_blank\"> r\u00e9seau social<\/a> avait aussit\u00f4t \u00e9t\u00e9 interrompue, avant leur retrait de la plateforme. Mais certains sites d\u2019information avaient conserv\u00e9 une partie de la vid\u00e9o et diffus\u00e9 les images de l\u2019attaque. Selon les premiers \u00e9l\u00e9ments de l\u2019enqu\u00eate, le meurtre de l\u2019influenceur est li\u00e9 \u00e0 ses publications sur les r\u00e9seaux sociaux faisant \u00ab\u00a0allusion \u00e0 une faction <a href=\"https:\/\/www.20minutes.fr\/faits_divers\/faits-divers-marseille\/4185679-20251114-mort-frere-amine-kessaci-derriere-piste-assassinat-avertissement-codes-cartels-mexicains\" class=\"c-link c-link--is-underlined\" rel=\"nofollow noopener\" target=\"_blank\">d\u2019un groupe criminel<\/a>\u00a0\u00bb, a indiqu\u00e9 le minist\u00e8re de la S\u00e9curit\u00e9.<\/p>\n<p><a href=\"https:\/\/www.20minutes.fr\/dossier\/cartel\" class=\"c-link c-btn c-btn--primary\" rel=\"nofollow noopener\" target=\"_blank\">Lire nos articles Cartel<\/a><\/p>\n<p>Depuis\u00a02024, deux cellules du cartel de Sinaloa se disputent le contr\u00f4le de l\u2019organisation dans une guerre qui a fait plus de 2.000 morts. L\u2019une est dirig\u00e9e par les h\u00e9ritiers de Joaquin \u00ab\u00a0<a href=\"https:\/\/www.20minutes.fr\/monde\/el-chapo\/\" class=\"c-link c-link--is-underlined\" rel=\"nofollow noopener\" target=\"_blank\">El Chapo<\/a>\u00a0\u00bb Guzm\u00e1n et l\u2019autre par les associ\u00e9s d\u2019Ismael \u00ab\u00a0El Mayo\u00a0\u00bb Zambada. Les deux barons de la drogue purgent une peine de prison \u00e0 perp\u00e9tuit\u00e9 aux Etats-Unis.<\/p>\n","protected":false},"excerpt":{"rendered":"Voici trois semaines que la police mexicaine tentait d\u2019interpeller un homme, suspect\u00e9 d\u2019avoir abattu un influenceur, C\u00e9sar Gastelum,&hellip;\n","protected":false},"author":2,"featured_media":1151853,"comment_status":"","ping_status":"","sticky":false,"template":"","format":"standard","meta":{"footnotes":"","_share_on_mastodon":"0"},"categories":[5],"tags":[47,11,6376,47978,814,111452,118,1011,27,2438,14,5697,74,12,938,2439,887,809,28],"class_list":["post-1151852","post","type-post","status-publish","format-standard","has-post-thumbnail","category-international","tag-actualite","tag-actualites","tag-armes","tag-cartel","tag-direct","tag-el-chapo","tag-faits-divers","tag-fr","tag-france","tag-influenceur","tag-international","tag-mexique","tag-monde","tag-news","tag-reseaux-sociaux","tag-tiktok","tag-trafic-de-drogue","tag-violence","tag-world"],"share_on_mastodon":{"url":"","error":""},"_links":{"self":[{"href":"https:\/\/www.europesays.com\/fr\/wp-json\/wp\/v2\/posts\/1151852","targetHints":{"allow":["GET"]}}],"collection":[{"href":"https:\/\/www.europesays.com\/fr\/wp-json\/wp\/v2\/posts"}],"about":[{"href":"https:\/\/www.europesays.com\/fr\/wp-json\/wp\/v2\/types\/post"}],"author":[{"embeddable":true,"href":"https:\/\/www.europesays.com\/fr\/wp-json\/wp\/v2\/users\/2"}],"replies":[{"embeddable":true,"href":"https:\/\/www.europesays.com\/fr\/wp-json\/wp\/v2\/comments?post=1151852"}],"version-history":[{"count":0,"href":"https:\/\/www.europesays.com\/fr\/wp-json\/wp\/v2\/posts\/1151852\/revisions"}],"wp:featuredmedia":[{"embeddable":true,"href":"https:\/\/www.europesays.com\/fr\/wp-json\/wp\/v2\/media\/1151853"}],"wp:attachment":[{"href":"https:\/\/www.europesays.com\/fr\/wp-json\/wp\/v2\/media?parent=1151852"}],"wp:term":[{"taxonomy":"category","embeddable":true,"href":"https:\/\/www.europesays.com\/fr\/wp-json\/wp\/v2\/categories?post=1151852"},{"taxonomy":"post_tag","embeddable":true,"href":"https:\/\/www.europesays.com\/fr\/wp-json\/wp\/v2\/tags?post=1151852"}],"curies":[{"name":"wp","href":"https:\/\/api.w.org\/{rel}","templated":true}]}}