{"id":115186,"date":"2025-05-20T20:37:13","date_gmt":"2025-05-20T20:37:13","guid":{"rendered":"https:\/\/www.europesays.com\/fr\/115186\/"},"modified":"2025-05-20T20:37:13","modified_gmt":"2025-05-20T20:37:13","slug":"la-legion-saute-sur-carqueiranne","status":"publish","type":"post","link":"https:\/\/www.europesays.com\/fr\/115186\/","title":{"rendered":"La L\u00e9gion saute sur Carqueiranne"},"content":{"rendered":"<p>La place de la R\u00e9publique portait particuli\u00e8rement bien son nom ce mardi matin. A l\u2019invitation de la mairie, la 4e section de la premi\u00e8re compagnie du 4e r\u00e9giment \u00e9tranger de la L\u00e9gion \u00e9trang\u00e8re y avait align\u00e9 ses nouvelles recrues pour la symbolique remise des k\u00e9pis blancs.<\/p>\n<p>Un moment solennel dans la vie d\u2019un l\u00e9gionnaire puisqu\u2019il souligne l\u2019entr\u00e9e dans la communaut\u00e9 et vient cl\u00f4turer le premier mois d\u2019instruction.<\/p>\n<p>Bas\u00e9s \u00e0 Castelnaudary (Aude) et originaires de 16 pays diff\u00e9rents, 52 jeunes l\u00e9gionnaires, ont ainsi coiff\u00e9 pour la premi\u00e8re fois leur k\u00e9pi blanc et scand\u00e9 leur d\u00e9vouement \u00e0 l\u2019unit\u00e9.<\/p>\n<p>Ils ont ensuite \u00e9t\u00e9 salu\u00e9s par les anciens de la L\u00e9gion, arborant fi\u00e8rement leur b\u00e9ret vert. La L\u00e9gion explique d\u00e9localiser ses c\u00e9r\u00e9monies dans les communes qui le souhaitent pour renforcer le lien Arm\u00e9e-nation.<\/p>\n<p>\u00ab C\u2019est un moment magnifique qui repr\u00e9sente \u00e9norm\u00e9ment, savoure Arnaud Latil, le maire de Carqueiranne en avouant que l\u2019ensemble de la matin\u00e9e, de la messe \u00e0 la remise de k\u00e9pis, en passant par l\u2019hommage devant le monument aux morts, est un des moments les plus forts de son mandat. Il explique que l\u2019id\u00e9e d\u2019inviter la L\u00e9gion pour l\u2019anniversaire de la bataille de Kolwezi, lui a \u00e9t\u00e9 souffl\u00e9e par d\u2019anciens l\u00e9gionnaires ayant particip\u00e9 \u00e0 l\u2019op\u00e9ration et habitant la commune. \u00ab On est tr\u00e8s honor\u00e9s d\u2019avoir \u00e9t\u00e9 ensuite choisi, savoure-t-il.<\/p>\n<p>              <img ci-src=\"https:\/\/www.varmatin.com\/defense\/protec\/DATA_ART_15558048-oDmDda76.jpg?vh=914e75&amp;ci_seal=1ed8ab1995\" alt=\"\"\/><\/p>\n","protected":false},"excerpt":{"rendered":"La place de la R\u00e9publique portait particuli\u00e8rement bien son nom ce mardi matin. A l\u2019invitation de la mairie,&hellip;\n","protected":false},"author":2,"featured_media":115187,"comment_status":"","ping_status":"","sticky":false,"template":"","format":"standard","meta":{"footnotes":""},"categories":[9619],"tags":[1111,11,554,1777,674,1011,27,12,882,25,2310,3366],"class_list":{"0":"post-115186","1":"post","2":"type-post","3":"status-publish","4":"format-standard","5":"has-post-thumbnail","7":"category-toulon","8":"tag-actu","9":"tag-actualites","10":"tag-defense","11":"tag-eu","12":"tag-europe","13":"tag-fr","14":"tag-france","15":"tag-news","16":"tag-provence-alpes-cote-dazur","17":"tag-republique-francaise","18":"tag-toulon","19":"tag-vie-locale"},"share_on_mastodon":{"url":"https:\/\/pubeurope.com\/@fr\/114542086929077407","error":""},"_links":{"self":[{"href":"https:\/\/www.europesays.com\/fr\/wp-json\/wp\/v2\/posts\/115186","targetHints":{"allow":["GET"]}}],"collection":[{"href":"https:\/\/www.europesays.com\/fr\/wp-json\/wp\/v2\/posts"}],"about":[{"href":"https:\/\/www.europesays.com\/fr\/wp-json\/wp\/v2\/types\/post"}],"author":[{"embeddable":true,"href":"https:\/\/www.europesays.com\/fr\/wp-json\/wp\/v2\/users\/2"}],"replies":[{"embeddable":true,"href":"https:\/\/www.europesays.com\/fr\/wp-json\/wp\/v2\/comments?post=115186"}],"version-history":[{"count":0,"href":"https:\/\/www.europesays.com\/fr\/wp-json\/wp\/v2\/posts\/115186\/revisions"}],"wp:featuredmedia":[{"embeddable":true,"href":"https:\/\/www.europesays.com\/fr\/wp-json\/wp\/v2\/media\/115187"}],"wp:attachment":[{"href":"https:\/\/www.europesays.com\/fr\/wp-json\/wp\/v2\/media?parent=115186"}],"wp:term":[{"taxonomy":"category","embeddable":true,"href":"https:\/\/www.europesays.com\/fr\/wp-json\/wp\/v2\/categories?post=115186"},{"taxonomy":"post_tag","embeddable":true,"href":"https:\/\/www.europesays.com\/fr\/wp-json\/wp\/v2\/tags?post=115186"}],"curies":[{"name":"wp","href":"https:\/\/api.w.org\/{rel}","templated":true}]}}