{"id":115192,"date":"2025-05-20T20:40:09","date_gmt":"2025-05-20T20:40:09","guid":{"rendered":"https:\/\/www.europesays.com\/fr\/115192\/"},"modified":"2025-05-20T20:40:09","modified_gmt":"2025-05-20T20:40:09","slug":"quatre-avions-incendies-dix-autres-abimes-la-piste-criminelle-privilegiee","status":"publish","type":"post","link":"https:\/\/www.europesays.com\/fr\/115192\/","title":{"rendered":"Quatre avions incendi\u00e9s, dix autres ab\u00eem\u00e9s, la piste criminelle privil\u00e9gi\u00e9e"},"content":{"rendered":"<p><strong>ENQU\u00caTE &#8211; Un acte de sabotage a vis\u00e9 l\u2019\u00e9cole sup\u00e9rieure des m\u00e9tiers de l\u2019a\u00e9ronautique (ESMA) \u00e0 P\u00e9rols, pr\u00e8s de Montpellier, dans la nuit de lundi \u00e0 mardi. Quatre avions bimoteurs ont \u00e9t\u00e9 incendi\u00e9s et dix autres vandalis\u00e9s<\/strong><\/p>\n<p>L\u2019\u00e9cole sup\u00e9rieure des m\u00e9tiers de l\u2019a\u00e9ronautique (ESMA), situ\u00e9e \u00e0 P\u00e9rols, pr\u00e8s de <a href=\"https:\/\/www.20minutes.fr\/montpellier\/?at_medium=RSS%20feed&amp;at_campaign=ynews&amp;utm_source=yahoo&amp;utm_medium=rss&amp;utm_campaign=news_feed&amp;utm_content=in_article_link\" rel=\"nofollow noopener\" target=\"_blank\" data-ylk=\"slk:Montpellier;elm:context_link;itc:0;sec:content-canvas\" class=\"link \">Montpellier<\/a>, a \u00e9t\u00e9 la cible d\u2019un acte criminel dans la nuit de lundi \u00e0 mardi. Quatre <a href=\"https:\/\/www.20minutes.fr\/dossier\/avion?at_medium=RSS%20feed&amp;at_campaign=ynews&amp;utm_source=yahoo&amp;utm_medium=rss&amp;utm_campaign=news_feed&amp;utm_content=in_article_link\" rel=\"nofollow noopener\" target=\"_blank\" data-ylk=\"slk:avions bimoteurs;elm:context_link;itc:0;sec:content-canvas\" class=\"link \">avions bimoteurs<\/a> ont \u00e9t\u00e9 <a href=\"https:\/\/www.20minutes.fr\/dossier\/incendie_criminel?at_medium=RSS%20feed&amp;at_campaign=ynews&amp;utm_source=yahoo&amp;utm_medium=rss&amp;utm_campaign=news_feed&amp;utm_content=in_article_link\" rel=\"nofollow noopener\" target=\"_blank\" data-ylk=\"slk:incendi\u00e9s;elm:context_link;itc:0;sec:content-canvas\" class=\"link \">incendi\u00e9s<\/a> et dix autres volontairement d\u00e9grad\u00e9s, selon les informations du site <a href=\"https:\/\/actu.fr\/occitanie\/perols_34198\/pres-de-montpellier-perols-acte-criminel-a-l-esma-quatre-avions-incendies-dix-autres-vandalises_62664416.html?at_medium=RSS%20feed&amp;at_campaign=ynews&amp;utm_source=yahoo&amp;utm_medium=rss&amp;utm_campaign=news_feed&amp;utm_content=in_article_link\" rel=\"nofollow noopener\" target=\"_blank\" data-ylk=\"slk:Actu.fr;elm:context_link;itc:0;sec:content-canvas\" class=\"link \">Actu.fr<\/a>. Le sinistre s\u2019est produit devant les hangars de l\u2019ESMA, sur le site de Fr\u00e9jorgues, \u00e0 proximit\u00e9 de l\u2019a\u00e9roport Montpellier M\u00e9diterran\u00e9e et de l\u2019a\u00e9roclub.<\/p>\n<p>\u00ab C\u2019est un acte criminel \u00bb, ont confirm\u00e9 les autorit\u00e9s d\u00e8s les premi\u00e8res heures de l\u2019enqu\u00eate. Trois avions ont \u00e9t\u00e9 enti\u00e8rement calcin\u00e9s, un quatri\u00e8me s\u00e9rieusement endommag\u00e9 par les flammes. Les gendarmes ont d\u00e9couvert dans plusieurs carlingues des <a href=\"https:\/\/www.20minutes.fr\/dossier\/cocktail_molotov?at_medium=RSS%20feed&amp;at_campaign=ynews&amp;utm_source=yahoo&amp;utm_medium=rss&amp;utm_campaign=news_feed&amp;utm_content=in_article_link\" rel=\"nofollow noopener\" target=\"_blank\" data-ylk=\"slk:cocktails Molotov;elm:context_link;itc:0;sec:content-canvas\" class=\"link \">cocktails Molotov<\/a> artisanaux, confirmant la pr\u00e9m\u00e9ditation de cet incendie.<\/p>\n<p>De gros moyens mobilis\u00e9s dans la nuit<\/p>\n<p>L\u2019alerte a \u00e9t\u00e9 donn\u00e9e vers 4h30 du matin par des t\u00e9moins ayant aper\u00e7u d\u2019importantes flammes. Les sapeurs-pompiers de l\u2019<a href=\"https:\/\/www.20minutes.fr\/societe\/herault\/?at_medium=RSS%20feed&amp;at_campaign=ynews&amp;utm_source=yahoo&amp;utm_medium=rss&amp;utm_campaign=news_feed&amp;utm_content=in_article_link\" rel=\"nofollow noopener\" target=\"_blank\" data-ylk=\"slk:H\u00e9rault;elm:context_link;itc:0;sec:content-canvas\" class=\"link \">H\u00e9rault<\/a> et ceux de l\u2019a\u00e9roport sont intervenus rapidement pour contenir l\u2019incendie sur cette zone de 55.500 m2, mais les d\u00e9g\u00e2ts sont consid\u00e9rables.<\/p>\n<p>D\u00e8s mardi matin, de gros moyens ont \u00e9t\u00e9 mobilis\u00e9s : les <a href=\"https:\/\/www.20minutes.fr\/societe\/gendarme\/?at_medium=RSS%20feed&amp;at_campaign=ynews&amp;utm_source=yahoo&amp;utm_medium=rss&amp;utm_campaign=news_feed&amp;utm_content=in_article_link\" rel=\"nofollow noopener\" target=\"_blank\" data-ylk=\"slk:gendarmes;elm:context_link;itc:0;sec:content-canvas\" class=\"link \">gendarmes<\/a> des Transports a\u00e9riens de Montpellier, renforc\u00e9s par la section de recherches, ont \u00e9t\u00e9 charg\u00e9s de l\u2019enqu\u00eate par le parquet. Sur place, ils ont constat\u00e9 que dix autres appareils de la flotte avaient \u00e9t\u00e9 vandalis\u00e9s, sans doute avec la m\u00eame intention criminelle.<\/p>\n<p>Le p\u00e9rim\u00e8tre du sinistre est pass\u00e9 au peigne fin<\/p>\n<p>Les techniciens en identification criminelle de la gendarmerie de(&#8230;)<\/p>\n<p><a href=\"https:\/\/www.20minutes.fr\/faits_divers\/4154576-20250520-montpellier-quatre-incendies-dix-autres-abimes-piste-criminelle-privilegiee?at_medium=RSS%20feed&amp;at_campaign=ynews&amp;utm_source=yahoo&amp;utm_medium=rss&amp;utm_campaign=news_feed&amp;utm_content=read_more_link\" rel=\"nofollow noopener\" target=\"_blank\" data-ylk=\"slk:Lire la suite sur 20minutes;elm:context_link;itc:0;sec:content-canvas\" class=\"link \">Lire la suite sur 20minutes<\/a><\/p>\n<p>\u00c0 lire aussi :<br \/><a href=\"https:\/\/www.20minutes.fr\/faits_divers\/4150889-20250429-corse-cinq-bateaux-touches-flammes-piste-criminelle-privilegiee?at_medium=RSS%20feed&amp;at_campaign=ynews&amp;utm_source=yahoo&amp;utm_medium=rss&amp;utm_campaign=news_feed&amp;utm_content=related_content_link\" rel=\"nofollow noopener\" target=\"_blank\" data-ylk=\"slk:Corse : Cinq bateaux touch\u00e9s par les flammes, la piste criminelle privil\u00e9gi\u00e9e;elm:context_link;itc:0;sec:content-canvas\" class=\"link \">Corse : Cinq bateaux touch\u00e9s par les flammes, la piste criminelle privil\u00e9gi\u00e9e<\/a><br \/><a href=\"https:\/\/www.20minutes.fr\/societe\/4154366-20250519-aeroport-paris-orly-panne-geante-enfin-reparee-reprise-normale-vols-mardi?at_medium=RSS%20feed&amp;at_campaign=ynews&amp;utm_source=yahoo&amp;utm_medium=rss&amp;utm_campaign=news_feed&amp;utm_content=related_content_link\" rel=\"nofollow noopener\" target=\"_blank\" data-ylk=\"slk:A\u00e9roport de Paris Orly : La panne g\u00e9ante est enfin r\u00e9par\u00e9e, les vols reprennent ce mardi;elm:context_link;itc:0;sec:content-canvas\" class=\"link \">A\u00e9roport de Paris Orly : La panne g\u00e9ante est enfin r\u00e9par\u00e9e, les vols reprennent ce mardi<\/a><\/p>\n","protected":false},"excerpt":{"rendered":"ENQU\u00caTE &#8211; Un acte de sabotage a vis\u00e9 l\u2019\u00e9cole sup\u00e9rieure des m\u00e9tiers de l\u2019a\u00e9ronautique (ESMA) \u00e0 P\u00e9rols, pr\u00e8s&hellip;\n","protected":false},"author":2,"featured_media":115193,"comment_status":"","ping_status":"","sticky":false,"template":"","format":"standard","meta":{"footnotes":""},"categories":[9599],"tags":[1111,11,13796,1777,674,1011,27,23536,2208,12,2680,23537,25],"class_list":{"0":"post-115192","1":"post","2":"type-post","3":"status-publish","4":"format-standard","5":"has-post-thumbnail","7":"category-montpellier","8":"tag-actu","9":"tag-actualites","10":"tag-avions","11":"tag-eu","12":"tag-europe","13":"tag-fr","14":"tag-france","15":"tag-metiers-de-laeronautique","16":"tag-montpellier","17":"tag-news","18":"tag-occitanie","19":"tag-perols","20":"tag-republique-francaise"},"share_on_mastodon":{"url":"https:\/\/pubeurope.com\/@fr\/114542098760173011","error":""},"_links":{"self":[{"href":"https:\/\/www.europesays.com\/fr\/wp-json\/wp\/v2\/posts\/115192","targetHints":{"allow":["GET"]}}],"collection":[{"href":"https:\/\/www.europesays.com\/fr\/wp-json\/wp\/v2\/posts"}],"about":[{"href":"https:\/\/www.europesays.com\/fr\/wp-json\/wp\/v2\/types\/post"}],"author":[{"embeddable":true,"href":"https:\/\/www.europesays.com\/fr\/wp-json\/wp\/v2\/users\/2"}],"replies":[{"embeddable":true,"href":"https:\/\/www.europesays.com\/fr\/wp-json\/wp\/v2\/comments?post=115192"}],"version-history":[{"count":0,"href":"https:\/\/www.europesays.com\/fr\/wp-json\/wp\/v2\/posts\/115192\/revisions"}],"wp:featuredmedia":[{"embeddable":true,"href":"https:\/\/www.europesays.com\/fr\/wp-json\/wp\/v2\/media\/115193"}],"wp:attachment":[{"href":"https:\/\/www.europesays.com\/fr\/wp-json\/wp\/v2\/media?parent=115192"}],"wp:term":[{"taxonomy":"category","embeddable":true,"href":"https:\/\/www.europesays.com\/fr\/wp-json\/wp\/v2\/categories?post=115192"},{"taxonomy":"post_tag","embeddable":true,"href":"https:\/\/www.europesays.com\/fr\/wp-json\/wp\/v2\/tags?post=115192"}],"curies":[{"name":"wp","href":"https:\/\/api.w.org\/{rel}","templated":true}]}}