{"id":1151933,"date":"2026-08-27T12:30:32","date_gmt":"2026-08-27T12:30:32","guid":{"rendered":"https:\/\/www.europesays.com\/fr\/1151933\/"},"modified":"2026-08-27T12:30:32","modified_gmt":"2026-08-27T12:30:32","slug":"apres-laccord-aux-etats-unis-meta-doit-aussi-proteger-les-enfants-en-europe","status":"publish","type":"post","link":"https:\/\/www.europesays.com\/fr\/1151933\/","title":{"rendered":"Apr\u00e8s l\u2019accord aux \u00c9tats-Unis, Meta doit aussi prot\u00e9ger les enfants en Europe"},"content":{"rendered":"<p class=\"c-paragraph\"><b>Apr\u00e8s l\u2019accord conclu aux \u00c9tats-Unis, visant \u00e0 r\u00e9duire l\u2019impact d\u2019Instagram ou de Facebook sur les adolescents, Meta doit \u00abaussi prot\u00e9ger nos enfants\u00bb, a affirm\u00e9 jeudi un porte-parole de l\u2019Union europ\u00e9enne, o\u00f9 le groupe am\u00e9ricain est \u00e9galement l\u2019objet d\u2019enqu\u00eates.<\/b><\/p>\n<p class=\"c-paragraph\">\u00abNous attendons une gestion ad\u00e9quate du temps pass\u00e9 devant les \u00e9crans, un contr\u00f4le parental appropri\u00e9 sur ces plateformes (\u2026) Il appartient d\u00e9sormais \u00e0 l\u2019entreprise de proposer ces engagements au sein de l\u2019Union europ\u00e9enne afin de prot\u00e9ger aussi nos enfants ici\u00bb, a affirm\u00e9 devant la presse Thomas Regnier, un des porte-paroles de la Commission europ\u00e9enne.<\/p>\n<p class=\"c-paragraph\">Meta a accept\u00e9 mercredi de payer jusqu\u2019\u00e0 17 milliards de dollars et de brider Instagram et Facebook pour les adolescents d\u2019une cinquantaine d\u2019\u00c9tats et territoires am\u00e9ricains, en concluant un accord avec leurs procureurs g\u00e9n\u00e9raux.<\/p>\n<p class=\"c-paragraph\">Dans l\u2019UE, le g\u00e9ant am\u00e9ricain de la tech est \u00e9galement l\u2019objet d\u2019enqu\u00eates de la Commission europ\u00e9enne pour des raisons similaires.<\/p>\n<p class=\"c-paragraph\">Le 10 juillet, l\u2019ex\u00e9cutif europ\u00e9en avait somm\u00e9 Meta de modifier les interfaces de Facebook et Instagram jug\u00e9es beaucoup trop \u00abaddictives\u00bb, sous peine d\u2019une tr\u00e8s lourde amende.<\/p>\n<p class=\"c-paragraph\">Bruxelles reproche au groupe de Mark Zuckerberg de ne pas avoir \u00e9valu\u00e9 correctement et limit\u00e9 les risques que les utilisateurs des deux plateformes d\u00e9veloppent des d\u00e9pendances, en particulier les mineurs et les adultes vuln\u00e9rables, en raison de fonctions visant \u00e0 retenir leur attention le plus longtemps possible.<\/p>\n<p>Interdiction des r\u00e9seaux sociaux pour les jeunes de moins de 16 ans: entrevue avec la Dre M\u00e9lissa G\u00e9n\u00e9reux La nouvelle loi sur la s\u00e9curit\u00e9 en ligne du gouvernement lib\u00e9ral obligerait les plateformes de r\u00e9seaux sociaux \u00e0 bloquer l\u2019acc\u00e8s aux enfants de moins de 16 ans. Pour la Dre M\u00e9lissa G\u00e9n\u00e9reux, une telle loi ne serait pas exag\u00e9r\u00e9e.  <\/p>\n<p class=\"c-paragraph\">\u00abLa balle est dans le camp de Meta\u00bb et le groupe \u00absait ce que nous attendons d\u2019eux\u00bb, a rappel\u00e9 jeudi M. Regnier. \u00abNous avons eu des \u00e9changes avec Meta depuis que cet accord a \u00e9t\u00e9 annonc\u00e9 de l\u2019autre c\u00f4t\u00e9 de l\u2019Atlantique\u00bb, a-t-il pr\u00e9cis\u00e9.<\/p>\n<p class=\"c-paragraph\">\u00abC\u2019est un dialogue continu que nous menons afin d\u2019offrir \u00e0 nos enfants, ici dans l\u2019Union europ\u00e9enne, une protection au moins aussi bonne\u00bb, a rappel\u00e9 ce porte-parole.<\/p>\n<p class=\"c-paragraph\">Bruxelles n\u2019est pas satisfait des contr\u00f4les parentaux int\u00e9gr\u00e9s \u00e0 Facebook et Instagram, qui seraient trop compliqu\u00e9s \u00e0 g\u00e9rer, ni des r\u00e9glages pour limiter le temps d\u2019\u00e9cran des ados.<\/p>\n<p class=\"c-paragraph\">Meta avait contest\u00e9 les conclusions pr\u00e9liminaires de Bruxelles, tout en s\u2019engageant \u00e0 travailler avec la Commission afin \u00abd\u2019offrir un environnement en ligne s\u00fbr et positif\u00bb.<\/p>\n<p class=\"c-paragraph\">La Commission europ\u00e9enne a \u00e9mis ces injonctions pr\u00e9liminaires dans le cadre d\u2019une enqu\u00eate lanc\u00e9e en mai 2024 contre le groupe de Mark Zuckerberg, soup\u00e7onn\u00e9 de ne pas en faire assez pour prot\u00e9ger les mineurs en ligne.<\/p>\n<p class=\"c-paragraph\">Cette proc\u00e9dure est men\u00e9e au titre du r\u00e8glement europ\u00e9en sur les services num\u00e9riques (le DSA), au nom duquel Bruxelles a adress\u00e9 en d\u00e9but d\u2019ann\u00e9e une demande similaire \u00e0 TikTok.<\/p>\n","protected":false},"excerpt":{"rendered":"Apr\u00e8s l\u2019accord conclu aux \u00c9tats-Unis, visant \u00e0 r\u00e9duire l\u2019impact d\u2019Instagram ou de Facebook sur les adolescents, Meta doit&hellip;\n","protected":false},"author":2,"featured_media":1151934,"comment_status":"","ping_status":"","sticky":false,"template":"","format":"standard","meta":{"footnotes":"","_share_on_mastodon":"0"},"categories":[1586],"tags":[11,117704,1777,674,1011,27,2940,1227,12,25,2803,78193],"class_list":["post-1151933","post","type-post","status-publish","format-standard","has-post-thumbnail","category-europe","tag-actualites","tag-daily-life","tag-eu","tag-europe","tag-fr","tag-france","tag-gaming","tag-horizontal","tag-news","tag-republique-francaise","tag-transport","tag-youth"],"share_on_mastodon":{"url":"https:\/\/pubeurope.com\/@fr\/117167483867457371","error":""},"_links":{"self":[{"href":"https:\/\/www.europesays.com\/fr\/wp-json\/wp\/v2\/posts\/1151933","targetHints":{"allow":["GET"]}}],"collection":[{"href":"https:\/\/www.europesays.com\/fr\/wp-json\/wp\/v2\/posts"}],"about":[{"href":"https:\/\/www.europesays.com\/fr\/wp-json\/wp\/v2\/types\/post"}],"author":[{"embeddable":true,"href":"https:\/\/www.europesays.com\/fr\/wp-json\/wp\/v2\/users\/2"}],"replies":[{"embeddable":true,"href":"https:\/\/www.europesays.com\/fr\/wp-json\/wp\/v2\/comments?post=1151933"}],"version-history":[{"count":0,"href":"https:\/\/www.europesays.com\/fr\/wp-json\/wp\/v2\/posts\/1151933\/revisions"}],"wp:featuredmedia":[{"embeddable":true,"href":"https:\/\/www.europesays.com\/fr\/wp-json\/wp\/v2\/media\/1151934"}],"wp:attachment":[{"href":"https:\/\/www.europesays.com\/fr\/wp-json\/wp\/v2\/media?parent=1151933"}],"wp:term":[{"taxonomy":"category","embeddable":true,"href":"https:\/\/www.europesays.com\/fr\/wp-json\/wp\/v2\/categories?post=1151933"},{"taxonomy":"post_tag","embeddable":true,"href":"https:\/\/www.europesays.com\/fr\/wp-json\/wp\/v2\/tags?post=1151933"}],"curies":[{"name":"wp","href":"https:\/\/api.w.org\/{rel}","templated":true}]}}