{"id":115194,"date":"2025-05-20T20:41:10","date_gmt":"2025-05-20T20:41:10","guid":{"rendered":"https:\/\/www.europesays.com\/fr\/115194\/"},"modified":"2025-05-20T20:41:10","modified_gmt":"2025-05-20T20:41:10","slug":"une-unite-kangourou-a-lhopital-pour-accueillir-les-nouveau-nes-malades-et-leurs-familles","status":"publish","type":"post","link":"https:\/\/www.europesays.com\/fr\/115194\/","title":{"rendered":"une \u00ab\u00a0unit\u00e9 Kangourou\u00a0\u00bb \u00e0 l&rsquo;h\u00f4pital pour accueillir les nouveau-n\u00e9s malades et leurs familles"},"content":{"rendered":"<p>            Par<br \/>\n        <strong><br \/>\n            <a href=\"https:\/\/actu.fr\/auteur\/le-journal-delbeuf\" title=\"Consulter tous les articles de R\u00e9daction Elbeuf\" rel=\"nofollow noopener\" target=\"_blank\">R\u00e9daction Elbeuf<\/a><br \/>\n        <\/strong><\/p>\n<p>        Publi\u00e9 le<\/p>\n<p>            20 mai 2025 \u00e0 21h44        <\/p>\n<p>C\u2019est une nouvelle \u00e9tape de franchie, dans l\u2019accompagnement des <b>nouveau-n\u00e9s<\/b> et de leurs <b>parents<\/b>. Apr\u00e8s trois ans de gestation, l\u2019<b>unit\u00e9 Kangourou<\/b> du <a href=\"https:\/\/actu.fr\/tag\/chi-elbeuf-louviers\" rel=\"nofollow noopener\" target=\"_blank\">CHI Elbeuf \u2013 Louviers \u2013 Val-de-Reuil<\/a> a enfin ouvert ses portes, en avril 2025, sur le site des Feugrais, \u00e0 <a href=\"https:\/\/actu.fr\/normandie\/saint-aubin-les-elbeuf_76561\" rel=\"nofollow noopener\" target=\"_blank\">Saint-Aubin-l\u00e8s-Elbeuf (Seine-Maritime)<\/a>.<\/p>\n<p class=\" wall-content\">Ce projet pluridisciplinaire, qui a r\u00e9uni les \u00e9quipes de <b>maternit\u00e9<\/b>, d\u2019<b>obst\u00e9trique<\/b> et de <b>p\u00e9diatrie<\/b>, a pour objectif de favoriser la cr\u00e9ation du lien unissant le nouveau-n\u00e9 qui a besoin de soins \u00e0 ses parents.<\/p>\n<p class=\" wall-content\">Comment ? En \u00e9vitant toute s\u00e9paration pr\u00e9coce, avec une prise en charge optimale dans un environnement rassurant, tout en impliquant les parents dans les soins.<\/p>\n<p>Des premiers pas r\u00e9ussis<\/p>\n<p class=\" wall-content\">L\u2019unit\u00e9 Kangourou a donc \u00e9t\u00e9 pens\u00e9e pour maintenir une <b>proximit\u00e9 entre le nourrisson hospitalis\u00e9 et ses parents<\/b>, en respectant ses besoins sp\u00e9cifiques comme une naissance pr\u00e9matur\u00e9e, son poids ou encore une pathologie.<\/p>\n<p>    <img   decoding=\"async\" loading=\"lazy\" class=\"size-large\" src=\"https:\/\/www.europesays.com\/fr\/wp-content\/uploads\/2025\/05\/a46b4adf97286986b4adf97287c6b4v-960x640.jpg\" alt=\"Apr\u00e8s trois ans d'efforts, l'unit\u00e9 kangourou est d\u00e9sormais en \u00e9tat de marche.\" width=\"960\" height=\"640\"\/><br \/>\n    Apr\u00e8s trois ans d\u2019efforts, l\u2019unit\u00e9 Kangourou est d\u00e9sormais en \u00e9tat de marche. \u00a9Le Journal d\u2019ElbeufVid\u00e9os : en ce moment sur Actu<\/p>\n<p class=\" wall-content\">Pour Marie Grout, coordinatrice des \u00e9quipes sages femmes, qui a pu le voir \u00e0 l\u2019\u0153uvre depuis quelques semaines, le dispositif fait ses preuves : \u00ab L\u2019existence d\u2019une unit\u00e9 Kangourou sur notre territoire avait toute sa place dans une <b>offre de soins<\/b>, en compl\u00e9mentarit\u00e9 de l\u2019unit\u00e9 de n\u00e9onatalogie, qui a toujours ses indications d\u2019hospitalisation. Et ses trois premi\u00e8res semaines de fonctionnement nous montrent bien son utilit\u00e9. \u00bb<\/p>\n<p>Un environnement s\u00fbr<\/p>\n<p class=\" wall-content\">Chaque ann\u00e9e, pr\u00e8s de <b>1 600 nouveau-n\u00e9s<\/b> voient le jour \u00e0 la maternit\u00e9 des Feugrais. Mobilis\u00e9s 24\u00a0heures sur 24, tant pour ces petits patients que pour les couples, tous les corps de m\u00e9tier se d\u00e9m\u00e8nent pour que la prise en charge soit \u00e0 la hauteur.<\/p>\n<p class=\" wall-content\">Cela passe par la qualit\u00e9 des soins, un accompagnement empathique, bienveillant et bientraitant, prenant en compte leur projet de naissance et de parentalit\u00e9. <\/p>\n<p class=\" wall-content\">\u00ab Cette unit\u00e9 accueille des pr\u00e9matur\u00e9s \u00e0 partir de 35 semaines ou des nouveau-n\u00e9s dont l\u2019\u00e9tat de sant\u00e9 justifie une surveillance rapproch\u00e9e ou des soins m\u00e9dicaux particuliers. Trois ans plus tard, on est content d\u2019en voir l\u2019aboutissement. \u00bb, saluent les soignants.<\/p>\n<p class=\" wall-content\">Suivez toute l\u2019actualit\u00e9 de vos villes et m\u00e9dias favoris en vous inscrivant \u00e0 <a href=\"https:\/\/moncompte.actu.fr\" title=\"D\u00e9couvez Mon Actu\" rel=\"nofollow noopener\" data-trk=\"{&quot;cta&quot;:{&quot;action&quot;:&quot;https:\\\/\\\/moncompte.actu.fr&quot;,&quot;category&quot;:&quot;mon compte&quot;,&quot;from&quot;:&quot;article footer&quot;,&quot;name&quot;:&quot;Mon actu&quot;,&quot;type&quot;:&quot;cta&quot;}}\" target=\"_blank\">Mon Actu<\/a>.<\/p>\n","protected":false},"excerpt":{"rendered":"Par R\u00e9daction Elbeuf Publi\u00e9 le 20 mai 2025 \u00e0 21h44 C\u2019est une nouvelle \u00e9tape de franchie, dans l\u2019accompagnement&hellip;\n","protected":false},"author":2,"featured_media":115195,"comment_status":"","ping_status":"","sticky":false,"template":"","format":"standard","meta":{"footnotes":""},"categories":[9587],"tags":[1111,11,1719,1777,674,1011,27,15761,12,5161,25,9590,71,104],"class_list":{"0":"post-115194","1":"post","2":"type-post","3":"status-publish","4":"format-standard","5":"has-post-thumbnail","7":"category-rouen","8":"tag-actu","9":"tag-actualites","10":"tag-enfants","11":"tag-eu","12":"tag-europe","13":"tag-fr","14":"tag-france","15":"tag-maternite","16":"tag-news","17":"tag-normandie","18":"tag-republique-francaise","19":"tag-rouen","20":"tag-sante","21":"tag-societe"},"share_on_mastodon":{"url":"https:\/\/pubeurope.com\/@fr\/114542102759611128","error":""},"_links":{"self":[{"href":"https:\/\/www.europesays.com\/fr\/wp-json\/wp\/v2\/posts\/115194","targetHints":{"allow":["GET"]}}],"collection":[{"href":"https:\/\/www.europesays.com\/fr\/wp-json\/wp\/v2\/posts"}],"about":[{"href":"https:\/\/www.europesays.com\/fr\/wp-json\/wp\/v2\/types\/post"}],"author":[{"embeddable":true,"href":"https:\/\/www.europesays.com\/fr\/wp-json\/wp\/v2\/users\/2"}],"replies":[{"embeddable":true,"href":"https:\/\/www.europesays.com\/fr\/wp-json\/wp\/v2\/comments?post=115194"}],"version-history":[{"count":0,"href":"https:\/\/www.europesays.com\/fr\/wp-json\/wp\/v2\/posts\/115194\/revisions"}],"wp:featuredmedia":[{"embeddable":true,"href":"https:\/\/www.europesays.com\/fr\/wp-json\/wp\/v2\/media\/115195"}],"wp:attachment":[{"href":"https:\/\/www.europesays.com\/fr\/wp-json\/wp\/v2\/media?parent=115194"}],"wp:term":[{"taxonomy":"category","embeddable":true,"href":"https:\/\/www.europesays.com\/fr\/wp-json\/wp\/v2\/categories?post=115194"},{"taxonomy":"post_tag","embeddable":true,"href":"https:\/\/www.europesays.com\/fr\/wp-json\/wp\/v2\/tags?post=115194"}],"curies":[{"name":"wp","href":"https:\/\/api.w.org\/{rel}","templated":true}]}}