{"id":115196,"date":"2025-05-20T20:42:11","date_gmt":"2025-05-20T20:42:11","guid":{"rendered":"https:\/\/www.europesays.com\/fr\/115196\/"},"modified":"2025-05-20T20:42:11","modified_gmt":"2025-05-20T20:42:11","slug":"le-projet-de-thomas-jolly-a-rouen-prend-leau","status":"publish","type":"post","link":"https:\/\/www.europesays.com\/fr\/115196\/","title":{"rendered":"le projet de Thomas Jolly \u00e0 Rouen prend l&rsquo;eau"},"content":{"rendered":"<p class=\"articleHead-lead\">\n            Alors qu\u2019il devait mettre en sc\u00e8ne un spectacle \u00e0 Rouen (Seine-Maritime) le 14-Juillet, Thomas Jolly a annonc\u00e9 qu\u2019il n\u2019aurait finalement pas lieu, faute de financements priv\u00e9s r\u00e9unis \u00e0 temps.\n        <\/p>\n<p>            <img decoding=\"async\"  src=\"https:\/\/www.europesays.com\/fr\/wp-content\/uploads\/2025\/05\/1747773731_136_picture.jpg\"  class=\"apply-ratio\" alt=\"Thomas Jolly ne mettra pas en sc\u00e8ne le spectacle du 14-Juillet \u00e0 Rouen.\"\/><\/p>\n<p>\n                                            \u00a9 Antoine Flament\/Getty Images<\/p>\n<p>                                             &#8211; Thomas Jolly ne mettra pas en sc\u00e8ne le spectacle du 14-Juillet \u00e0 Rouen.\n                                    <\/p>\n<ul class=\"articleMainFollow-list\">\n<li class=\"articleMainFollow-item\">\n<p>                        Sauvegarder<\/p>\n<p>                        Sauvegard\u00e9<\/p>\n<\/li>\n<li class=\"articleMainFollow-item\">\n<\/li>\n<\/ul>\n<p>\n                    Recevoir les alertes Spectacle\n                <\/p>\n<p>Il n\u2019y aura finalement pas de c\u00e9l\u00e9brations <a href=\"https:\/\/www.capital.fr\/votre-carriere\/pourquoi-le-14-juillet-est-un-jour-ferie-1499241\" rel=\"nofollow noopener\" target=\"_blank\">du 14-Juillet<\/a> \u00e0 Rouen cette ann\u00e9e, du moins pas avec le projet que portait Thomas Jolly, directeur artistique des <a href=\"https:\/\/www.capital.fr\/economie-politique\/ceremonie-de-cloture-dans-les-secrets-du-personnage-du-golden-voyageur-1500859\" rel=\"nofollow noopener\" target=\"_blank\">c\u00e9r\u00e9monies d&rsquo;ouverture<\/a> et de cl\u00f4ture des Jeux olympiques et paralympiques 2024, et Thierry Reboul, directeur des m\u00eames c\u00e9r\u00e9monies. Thomas Jolly a en effet indiqu\u00e9 \u00e0 <a href=\"https:\/\/www.franceinfo.fr\/culture\/spectacles\/thomas-jolly\/thomas-jolly-annonce-que-son-projet-de-spectacle-a-rouen-pour-le-14-juillet-n-aboutira-pas_7261749.html\" target=\"_blank\" rel=\"nofollow noopener\">Franceinfo<\/a> que le projet \u00abn\u2019aboutira pas\u00bb. Il faut dire qu\u2019<strong>il avait fait pol\u00e9mique<\/strong>. Malgr\u00e9 les vell\u00e9it\u00e9s du maire Nicolas Mayer-Rossignol, confiant le projet au directeur artistique des JO, son co\u00fbt avait indign\u00e9 l\u2019opposition.<\/p>\n<p>D\u00e9plorant le budget \u00abcolossal\u00bb de l\u2019\u00e9v\u00e9nement, les groupes \u00e9cologistes de la ville et de la M\u00e9tropole avaient annonc\u00e9 ce mardi 20 mai qu\u2019ils voteraient contre, explique le site Tendance Ouest. Ils sont pourtant alli\u00e9s de l\u2019\u00e9dile socialiste de la ville. Mais le co\u00fbt de cette c\u00e9r\u00e9monie, qui devait \u00eatre diffus\u00e9e sur TF1, \u00e0 savoir <strong>onze millions d\u2019euros<\/strong>, \u00e9tait jug\u00e9 exorbitant. Si six millions devaient provenir de fonds priv\u00e9s, les cinq autres \u00e9taient publics : trois millions \u00e9manant de la <strong>ville de Rouen<\/strong> et deux millions de la <strong>M\u00e9tropole Rouen Normandie<\/strong> (MRN).<\/p>\n<p>        \u00c0 lire aussi :<br \/>\n        <a class=\"articleToRead-link\" href=\"https:\/\/www.capital.fr\/economie-politique\/combien-coute-le-14-juillet-aux-francais-1344725\" data-wide=\"\" rel=\"nofollow noopener\" target=\"_blank\"><br \/>\n            Combien co\u00fbte le 14-Juillet aux Fran\u00e7ais ?<br \/>\n        <\/a><\/p>\n<p>Thomas Jolly de nouveau vis\u00e9<\/p>\n<p>Les \u00e9lus avaient d\u00e9nonc\u00e9 le timing, puisque l\u2019annonce n\u2019a \u00e9t\u00e9 faite que le 12 mai alors que le projet <strong>se pr\u00e9pare depuis le mois de d\u00e9cembre<\/strong>. Quoi qu\u2019il en soit, dans leur communiqu\u00e9 publi\u00e9 dans la soir\u00e9e, Thomas Jolly et Thierry Reboul expliquent que \u00abla part d&rsquo;argent priv\u00e9 n\u00e9cessaire \u00e0 la tenue du projet n&rsquo;est pas atteinte\u00bb et que \u00abpar cons\u00e9quent, la part d&rsquo;argent public envisag\u00e9e pour ce projet n&rsquo;est pas sollicit\u00e9e\u00bb.<\/p>\n<p>Au-del\u00e0 du spectacle qui ne se r\u00e9alisera pas, les deux hommes jugent \u00abregrettable qu\u2019une partie de la presse, ainsi que certains \u00e9lus politiques [aient] choisi de divulguer et de commenter ce projet avant m\u00eame que sa faisabilit\u00e9 ne soit assur\u00e9e\u00bb. Ils <strong>fustigent ces critiques<\/strong> qui ont eu des cons\u00e9quences et \u00abau discr\u00e9dit du financement public de la culture, \u00e0 la dissension et d\u00e9fiance populaire, plut\u00f4t qu&rsquo;\u00e0 son unit\u00e9\u00bb. Elles ont \u00e9galement \u00abraviv\u00e9, \u00e0 l&rsquo;\u00e9gard de Thomas Jolly, un discours de haine, bien loin de toute consid\u00e9ration budg\u00e9taire\u00bb, laisse entendre le communiqu\u00e9.<\/p>\n<p>        \u00c0 lire aussi :<br \/>\n        <a class=\"articleToRead-link\" href=\"https:\/\/www.capital.fr\/auto\/marseille-rouen-pourquoi-plusieurs-metropoles-font-marche-arriere-sur-les-zfe-1491785\" data-wide=\"\" rel=\"nofollow noopener\" target=\"_blank\"><br \/>\n            Marseille, Rouen\u2026 pourquoi plusieurs m\u00e9tropoles font marche arri\u00e8re sur les ZFE ?<br \/>\n        <\/a><\/p>\n<p>Le maire de Rouen s\u2019en prend \u00e0 l\u2019opposition<\/p>\n<p>Nicolas Mayer-Rossignol, qui avait d\u00e9fendu le projet, regrette de son c\u00f4t\u00e9 l\u2019abandon du projet qui aurait \u00abpermis de faire travailler des centaines d&rsquo;artistes locaux, intermittents du spectacle, compagnies, \u00e9tablissements culturels, de mobiliser des milliers de b\u00e9n\u00e9voles\u00bb. Il n\u2019y aura pas non plus de \u00abmise en lumi\u00e8re du territoire\u00bb et du <strong>talent des artistes et acteurs locaux<\/strong>. Avant d\u2019adresser un tacle \u00e0 ses opposants, \u00e0 un an des \u00e9lections, \u00abune petite minorit\u00e9 politicienne [ait] pr\u00e9f\u00e9r\u00e9 la pol\u00e9mique\u00bb.<\/p>\n<p>        Recevez nos derni\u00e8res news<\/p>\n<p>        Tous les jours, la s\u00e9lection des <b>principales infos<\/b> de la journ\u00e9e.<\/p>\n","protected":false},"excerpt":{"rendered":"Alors qu\u2019il devait mettre en sc\u00e8ne un spectacle \u00e0 Rouen (Seine-Maritime) le 14-Juillet, Thomas Jolly a annonc\u00e9 qu\u2019il&hellip;\n","protected":false},"author":2,"featured_media":115197,"comment_status":"","ping_status":"","sticky":false,"template":"","format":"standard","meta":{"footnotes":""},"categories":[9587],"tags":[1111,11,1777,674,1011,27,23538,12,5161,25,9590,3140],"class_list":{"0":"post-115196","1":"post","2":"type-post","3":"status-publish","4":"format-standard","5":"has-post-thumbnail","7":"category-rouen","8":"tag-actu","9":"tag-actualites","10":"tag-eu","11":"tag-europe","12":"tag-fr","13":"tag-france","14":"tag-jeux-olympiques-paris-2024","15":"tag-news","16":"tag-normandie","17":"tag-republique-francaise","18":"tag-rouen","19":"tag-spectacle"},"share_on_mastodon":{"url":"https:\/\/pubeurope.com\/@fr\/114542106670953533","error":""},"_links":{"self":[{"href":"https:\/\/www.europesays.com\/fr\/wp-json\/wp\/v2\/posts\/115196","targetHints":{"allow":["GET"]}}],"collection":[{"href":"https:\/\/www.europesays.com\/fr\/wp-json\/wp\/v2\/posts"}],"about":[{"href":"https:\/\/www.europesays.com\/fr\/wp-json\/wp\/v2\/types\/post"}],"author":[{"embeddable":true,"href":"https:\/\/www.europesays.com\/fr\/wp-json\/wp\/v2\/users\/2"}],"replies":[{"embeddable":true,"href":"https:\/\/www.europesays.com\/fr\/wp-json\/wp\/v2\/comments?post=115196"}],"version-history":[{"count":0,"href":"https:\/\/www.europesays.com\/fr\/wp-json\/wp\/v2\/posts\/115196\/revisions"}],"wp:featuredmedia":[{"embeddable":true,"href":"https:\/\/www.europesays.com\/fr\/wp-json\/wp\/v2\/media\/115197"}],"wp:attachment":[{"href":"https:\/\/www.europesays.com\/fr\/wp-json\/wp\/v2\/media?parent=115196"}],"wp:term":[{"taxonomy":"category","embeddable":true,"href":"https:\/\/www.europesays.com\/fr\/wp-json\/wp\/v2\/categories?post=115196"},{"taxonomy":"post_tag","embeddable":true,"href":"https:\/\/www.europesays.com\/fr\/wp-json\/wp\/v2\/tags?post=115196"}],"curies":[{"name":"wp","href":"https:\/\/api.w.org\/{rel}","templated":true}]}}