{"id":115198,"date":"2025-05-20T20:43:09","date_gmt":"2025-05-20T20:43:09","guid":{"rendered":"https:\/\/www.europesays.com\/fr\/115198\/"},"modified":"2025-05-20T20:43:09","modified_gmt":"2025-05-20T20:43:09","slug":"grenoble-face-a-la-rarefaction-des-ressources-la-paille-revient-dans-les-formations-des-compagnons-du-tour-de-france","status":"publish","type":"post","link":"https:\/\/www.europesays.com\/fr\/115198\/","title":{"rendered":"Grenoble. Face \u00e0 la rar\u00e9faction des ressources, la paille revient dans les formations des Compagnons du Tour de France"},"content":{"rendered":"<p>Les Compagnons du Tour de France se lancent, cette ann\u00e9e, dans la formation Pro-Paille, \u00e0 destination de leurs apprenants charpentiers en brevet professionnel et en CAP adultes. Cette premi\u00e8re session, ax\u00e9e sur la d\u00e9couverte du mat\u00e9riau et de sa mise en \u0153uvre, a \u00e9t\u00e9 suivie par neuf personnes.<\/p>\n<p>Une formation pour anticiper la fin des ressources carbon\u00e9es<\/p>\n<p>\u00ab C\u2019est une formation qualifiante,&#8230;<\/p>\n","protected":false},"excerpt":{"rendered":"Les Compagnons du Tour de France se lancent, cette ann\u00e9e, dans la formation Pro-Paille, \u00e0 destination de leurs&hellip;\n","protected":false},"author":2,"featured_media":115199,"comment_status":"","ping_status":"","sticky":false,"template":"","format":"standard","meta":{"footnotes":""},"categories":[9566],"tags":[1111,11,2430,9852,9853,112,113,114,1057,1777,674,5016,1011,27,2731,108,12,25],"class_list":{"0":"post-115198","1":"post","2":"type-post","3":"status-publish","4":"format-standard","5":"has-post-thumbnail","7":"category-grenoble","8":"tag-actu","9":"tag-actualites","10":"tag-auvergne-rhone-alpes","11":"tag-echirolles","12":"tag-echirolles-bassin","13":"tag-edition-grenoble-agglomeration","14":"tag-edition-gresivaudan-oisans","15":"tag-edition-voiron-saint-marcellin","16":"tag-education","17":"tag-eu","18":"tag-europe","19":"tag-formation-orientation","20":"tag-fr","21":"tag-france","22":"tag-grenoble","23":"tag-isere","24":"tag-news","25":"tag-republique-francaise"},"share_on_mastodon":{"url":"https:\/\/pubeurope.com\/@fr\/114542110553011775","error":""},"_links":{"self":[{"href":"https:\/\/www.europesays.com\/fr\/wp-json\/wp\/v2\/posts\/115198","targetHints":{"allow":["GET"]}}],"collection":[{"href":"https:\/\/www.europesays.com\/fr\/wp-json\/wp\/v2\/posts"}],"about":[{"href":"https:\/\/www.europesays.com\/fr\/wp-json\/wp\/v2\/types\/post"}],"author":[{"embeddable":true,"href":"https:\/\/www.europesays.com\/fr\/wp-json\/wp\/v2\/users\/2"}],"replies":[{"embeddable":true,"href":"https:\/\/www.europesays.com\/fr\/wp-json\/wp\/v2\/comments?post=115198"}],"version-history":[{"count":0,"href":"https:\/\/www.europesays.com\/fr\/wp-json\/wp\/v2\/posts\/115198\/revisions"}],"wp:featuredmedia":[{"embeddable":true,"href":"https:\/\/www.europesays.com\/fr\/wp-json\/wp\/v2\/media\/115199"}],"wp:attachment":[{"href":"https:\/\/www.europesays.com\/fr\/wp-json\/wp\/v2\/media?parent=115198"}],"wp:term":[{"taxonomy":"category","embeddable":true,"href":"https:\/\/www.europesays.com\/fr\/wp-json\/wp\/v2\/categories?post=115198"},{"taxonomy":"post_tag","embeddable":true,"href":"https:\/\/www.europesays.com\/fr\/wp-json\/wp\/v2\/tags?post=115198"}],"curies":[{"name":"wp","href":"https:\/\/api.w.org\/{rel}","templated":true}]}}