{"id":115204,"date":"2025-05-20T20:46:10","date_gmt":"2025-05-20T20:46:10","guid":{"rendered":"https:\/\/www.europesays.com\/fr\/115204\/"},"modified":"2025-05-20T20:46:10","modified_gmt":"2025-05-20T20:46:10","slug":"a-rennes-hommage-et-emotion-pour-un-sans-abri-decede-sur-les-marches-dune-eglise","status":"publish","type":"post","link":"https:\/\/www.europesays.com\/fr\/115204\/","title":{"rendered":"\u00c0 Rennes, hommage et \u00e9motion pour un sans-abri d\u00e9c\u00e9d\u00e9 sur les marches d\u2019une \u00e9glise"},"content":{"rendered":"<p><strong>\u00ab\u00a0Tu vas me manquer mais je sais que tu continueras de chuchoter aux oreilles des gens que tu aimes.\u00a0\u00bb<\/strong> Il y a quelques jours, il y avait encore en haut des marches de l\u2019\u00e9glise un petit autel de fortune, fabriqu\u00e9 avec les moyens du bord, avec des mots d\u2019hommage \u00e9crit \u00e0 la va-vite sur des bouts de carton, mais empreints d\u2019une touchante sinc\u00e9rit\u00e9.<\/p>\n<p>Vendredi 9\u00a0mai 2025, un sans-abri que ses amis appelaient Tom a \u00e9t\u00e9 retrouv\u00e9 d\u00e9c\u00e9d\u00e9 sur les marches de l\u2019\u00e9glise de la place Sainte-Anne. Des secours et policiers sont intervenus, en vain. Des b\u00e9n\u00e9voles de la paroisse sont alors all\u00e9s \u00e0 la rencontre d\u2019autres sans-abri de la place pour savoir qui \u00e9tait cet homme. Quelques jours apr\u00e8s, une messe a \u00e9t\u00e9 c\u00e9l\u00e9br\u00e9e mercredi 14\u00a0mai 2025, en sa m\u00e9moire.<\/p>\n<p>\t<img decoding=\"async\" src=\"https:\/\/www.europesays.com\/fr\/wp-content\/uploads\/2025\/05\/P35240347D6816699G_px_640_.jpg\" alt=\"photo des sans-abri de rennes ont confectionn\u00e9 un petit autel en m\u00e9moire de tom, un homme d\u00e9c\u00e9d\u00e9 place sainte-anne.  \u00a9  paroisse notre-dame de bonne-nouvelle\" width=\"640\" title=\" Des sans-abri de Rennes ont confectionn\u00e9 un petit autel en m\u00e9moire de Tom, un homme d\u00e9c\u00e9d\u00e9 place Sainte-Anne.   Paroisse Notre-Dame de Bonne-Nouvelle \"\/><\/p>\n<p class=\"elmt-legende\"> Des sans-abri de Rennes ont confectionn\u00e9 un petit autel en m\u00e9moire de Tom, un homme d\u00e9c\u00e9d\u00e9 place Sainte-Anne.   Paroisse Notre-Dame de Bonne-Nouvelle <\/p>\n<p><strong>\u00ab\u00a0Gr\u00e2ce \u00e0 l\u2019\u00e9quipe des Captifs de la rue et aux b\u00e9n\u00e9voles de la basilique, une assembl\u00e9e \u00e9tonnante d\u2019hommes et de femmes de la rue, s\u2019est r\u00e9unie avec une ferveur unique et saisissante, dans une ambiance o\u00f9 l\u2019\u00e9motion brute et parfois bruyante, \u00e0 l\u2019image de leur vie, interpellait le croyant et le passant. Quelques paroissiens avaient fait le d\u00e9placement\u00a0\u00bb<\/strong>, relate sur sa page Facebook le p\u00e8re Nicolas Guillou, cur\u00e9 de la paroisse Notre-Dame de Bonne-Nouvelle dont la basilique Saint-Aubin est l\u2019un des deux clochers.<\/p>\n<p>\u00a0<\/p>\n","protected":false},"excerpt":{"rendered":"\u00ab\u00a0Tu vas me manquer mais je sais que tu continueras de chuchoter aux oreilles des gens que tu&hellip;\n","protected":false},"author":2,"featured_media":115205,"comment_status":"","ping_status":"","sticky":false,"template":"","format":"standard","meta":{"footnotes":""},"categories":[2821],"tags":[1111,11,829,1762,12336,19816,1777,674,1011,27,4879,635,12,584,25,3728,15317],"class_list":{"0":"post-115204","1":"post","2":"type-post","3":"status-publish","4":"format-standard","5":"has-post-thumbnail","7":"category-rennes","8":"tag-actu","9":"tag-actualites","10":"tag-bretagne","11":"tag-decede","12":"tag-eglise","13":"tag-emotion","14":"tag-eu","15":"tag-europe","16":"tag-fr","17":"tag-france","18":"tag-hommage","19":"tag-marches","20":"tag-news","21":"tag-rennes","22":"tag-republique-francaise","23":"tag-saint-malo","24":"tag-sans-abri"},"share_on_mastodon":{"url":"https:\/\/pubeurope.com\/@fr\/114542122369721574","error":""},"_links":{"self":[{"href":"https:\/\/www.europesays.com\/fr\/wp-json\/wp\/v2\/posts\/115204","targetHints":{"allow":["GET"]}}],"collection":[{"href":"https:\/\/www.europesays.com\/fr\/wp-json\/wp\/v2\/posts"}],"about":[{"href":"https:\/\/www.europesays.com\/fr\/wp-json\/wp\/v2\/types\/post"}],"author":[{"embeddable":true,"href":"https:\/\/www.europesays.com\/fr\/wp-json\/wp\/v2\/users\/2"}],"replies":[{"embeddable":true,"href":"https:\/\/www.europesays.com\/fr\/wp-json\/wp\/v2\/comments?post=115204"}],"version-history":[{"count":0,"href":"https:\/\/www.europesays.com\/fr\/wp-json\/wp\/v2\/posts\/115204\/revisions"}],"wp:featuredmedia":[{"embeddable":true,"href":"https:\/\/www.europesays.com\/fr\/wp-json\/wp\/v2\/media\/115205"}],"wp:attachment":[{"href":"https:\/\/www.europesays.com\/fr\/wp-json\/wp\/v2\/media?parent=115204"}],"wp:term":[{"taxonomy":"category","embeddable":true,"href":"https:\/\/www.europesays.com\/fr\/wp-json\/wp\/v2\/categories?post=115204"},{"taxonomy":"post_tag","embeddable":true,"href":"https:\/\/www.europesays.com\/fr\/wp-json\/wp\/v2\/tags?post=115204"}],"curies":[{"name":"wp","href":"https:\/\/api.w.org\/{rel}","templated":true}]}}