{"id":1152068,"date":"2026-08-27T14:06:26","date_gmt":"2026-08-27T14:06:26","guid":{"rendered":"https:\/\/www.europesays.com\/fr\/1152068\/"},"modified":"2026-08-27T14:06:26","modified_gmt":"2026-08-27T14:06:26","slug":"susan-sarandon-et-dautres-stars-rendent-hommage-a-tim-curry-decede-a-80-ans","status":"publish","type":"post","link":"https:\/\/www.europesays.com\/fr\/1152068\/","title":{"rendered":"Susan Sarandon et d\u2019autres stars rendent hommage \u00e0 Tim Curry, d\u00e9c\u00e9d\u00e9 \u00e0 80 ans"},"content":{"rendered":"<p>Tim Curry s\u2019est \u00e9teint le 25\u00a0ao\u00fbt \u00e0 l\u2019\u00e2ge de 80 ans dans son domicile de Los Angeles. <a href=\"https:\/\/www.20minutes.fr\/monde\/etats-unis\/4241146-20260826-acteur-tim-curry-celebre-role-clown-ca-mort-age-80-ans\" target=\"_blank\" class=\"c-link c-link--is-underlined\" rel=\"nofollow noopener\">L\u2019annonce de sa mort<\/a> a boulevers\u00e9 les mondes du th\u00e9\u00e2tre et du cin\u00e9ma, o\u00f9 il a marqu\u00e9 les esprits notamment gr\u00e2ce au r\u00f4le de Dr Frank-N-Furter dans The Rocky Horror Picture Show et celui du terrifiant clown dans la saga \u00c7a, adapt\u00e9e des romans de Stephen King.<\/p>\n<p>Plusieurs stars lui ont rendu hommage sur les r\u00e9seaux sociaux, saluant le talent et le \u00ab\u00a0grand c\u0153ur\u00a0\u00bb de leur <a href=\"https:\/\/www.20minutes.fr\/arts-stars\/cinema\/4241163-20260827-ca-rocky-horror-picture-show-roles-transcende-acteur-tim-curry\" target=\"_blank\" class=\"c-link c-link--is-underlined\" rel=\"nofollow noopener\">d\u00e9funt coll\u00e8gue<\/a>. Susan Sarandon, qui a partag\u00e9 l\u2019affiche de The Rocky Horror Picture Show avec lui, s\u2019est souvenue d\u2019un \u00ab\u00a0homme dr\u00f4le, sexy et original\u00a0\u00bb. \u00ab\u00a0Mais ce que j\u2019aimais le plus chez lui, c\u2019\u00e9tait son grand c\u0153ur\u00a0\u00bb, a-t-elle ajout\u00e9 dans la l\u00e9gende de <a href=\"https:\/\/www.instagram.com\/p\/DchDQAIFA0z\/?hl=fr&amp;img_index=1\" rel=\"nofollow noopener\" target=\"_blank\" class=\"c-link c-link--is-underlined\">photos<\/a> d\u2019elle avec le com\u00e9dien sur Instagram. \u00ab\u00a0M\u00eame en fauteuil roulant, il restait si gentil et g\u00e9n\u00e9reux avec ses fans. Merci Tim d\u2019avoir tant compt\u00e9 pour tant de gens. Je t\u2019aime, S\u00a0\u00bb.<\/p>\n<p>Un acteur aux multiples visages<\/p>\n<p><a href=\"https:\/\/www.20minutes.fr\/arts-stars\/people\/4118430-20241029-acteur-luke-evans-raconte-education-sein-temoins-jehovah-expulsion\" target=\"_blank\" class=\"c-link c-link--is-underlined\" rel=\"nofollow noopener\">Luke Evans<\/a>, star de The Hobbit qui a r\u00e9cemment repris le r\u00f4le du Dr Frank-N-Furter dans la version th\u00e9\u00e2trale de The Rocky Horror Picture Show, l\u2019a \u00ab\u00a0remerci\u00e9\u00a0\u00bb pour sa contribution au monde du divertissement. \u00ab\u00a0Il n\u2019y aura qu\u2019un seul Tim Curry\u00a0\u00bb, a-t-il rappel\u00e9 dans un long hommage publi\u00e9 <a href=\"https:\/\/www.instagram.com\/p\/DcgoohckRw8\/?img_index=1\" rel=\"nofollow noopener\" target=\"_blank\" class=\"c-link c-link--is-underlined\">sur Instagram<\/a>. \u00ab\u00a0C\u2019\u00e9tait une force de la nature, une flamme vive et intense, un charme exquis et cette voix si riche\u00a0; il a \u00e9t\u00e9 une source d\u2019inspiration pour moi et pour tant de gens gr\u00e2ce aux r\u00f4les qu\u2019il a incarn\u00e9s et \u00e0 l\u2019impact qu\u2019il a eu sur tant d\u2019entre nous\u00a0\u00bb.<\/p>\n<p>Rob Schneider, qui a jou\u00e9 avec Tim Curry dans Maman, j\u2019ai encore rat\u00e9 l\u2019avion\u00a0!, lui a r\u00e9serv\u00e9 <a href=\"https:\/\/www.instagram.com\/p\/DcgsU3JNZxj\/\" rel=\"nofollow noopener\" target=\"_blank\" class=\"c-link c-link--is-underlined\">un hommage<\/a> tout aussi \u00e9logieux, d\u00e9voilant un conseil que lui avait donn\u00e9 l\u2019acteur dont il admirait la capacit\u00e9 \u00e0 \u00ab\u00a0dire autant avec un sourire complice ou un sourcil lev\u00e9\u00a0\u00bb et \u00e0 jouer une m\u00eame sc\u00e8ne plusieurs fois de diff\u00e9rentes mani\u00e8res. \u00ab\u00a0Tim a dit\u00a0: \u00ab\u00a0Je veux proposer plusieurs options au r\u00e9alisateur\u00a0! Ce n\u2019est pas \u00e0 moi de choisir laquelle. C\u2019est \u00e0 lui de d\u00e9cider\u00a0!\u00a0\u00bb\u00a0\u00bb, s\u2019est rappel\u00e9 Rob Schneider. \u00ab\u00a0\u00c0 ce moment-l\u00e0, tout a bascul\u00e9 pour moi\u00a0!\u00a0\u00bb<\/p>\n<p>De son c\u00f4t\u00e9, l\u2019actrice Carol Burnett, star de la com\u00e9die musicale Annie au c\u00f4t\u00e9 de Tim Curry, a not\u00e9 que le com\u00e9dien savait comme personne \u00ab\u00a0jouer un vilain attachant\u00a0\u00bb. \u00ab\u00a0C\u2019\u00e9tait un ami cher\u00a0\u00bb, a-t-elle confi\u00e9 dans la l\u00e9gende d\u2019un extrait du film de\u00a01982, qu\u2019elle a partag\u00e9 <a href=\"https:\/\/www.instagram.com\/p\/DcgnUHrICPR\/?hl=fr\" rel=\"nofollow noopener\" target=\"_blank\" class=\"c-link c-link--is-underlined\">sur Instagram<\/a>. \u00ab\u00a0J\u2019ai eu de la chance de le conna\u00eetre\u00a0\u00bb. Son coll\u00e8gue dans Clue, film de\u00a01985 inspir\u00e9 du <a href=\"https:\/\/www.20minutes.fr\/gaming\/4189243-20251207-monopoly-uno-cluedo-comment-jeux-societe-classiques-restent-best-sellers\" target=\"_blank\" class=\"c-link c-link--is-underlined\" rel=\"nofollow noopener\">jeu de soci\u00e9t\u00e9 Cluedo<\/a>, Michael McKean, a r\u00e9v\u00e9l\u00e9 sur <a href=\"https:\/\/x.com\/MJMcKean\/status\/2092642223091524028\" rel=\"nofollow\" target=\"_blank\" class=\"c-link c-link--is-underlined\">X<\/a> que sa derni\u00e8re conversation avec Tim Curry avait port\u00e9 sur \u00ab\u00a0la vie, l\u2019amour et le rire\u00a0\u00bb. \u00ab\u00a0L\u2019\u00e9tat physique sombre dans lequel il se trouvait s\u2019est maintenant termin\u00e9\u00a0\u00bb, a-t-il \u00e9galement soulign\u00e9. Tim Curry a souffert en\u00a02012 d\u2019un grave AVC qui a provoqu\u00e9 d\u2019importants probl\u00e8mes de mobilit\u00e9 et de m\u00e9moire.<\/p>\n<p><script async src=\"\/\/www.instagram.com\/embed.js\"><\/script><\/p>\n","protected":false},"excerpt":{"rendered":"Tim Curry s\u2019est \u00e9teint le 25\u00a0ao\u00fbt \u00e0 l\u2019\u00e2ge de 80 ans dans son domicile de Los Angeles. L\u2019annonce&hellip;\n","protected":false},"author":2,"featured_media":1152069,"comment_status":"","ping_status":"","sticky":false,"template":"","format":"standard","meta":{"footnotes":"","_share_on_mastodon":"0"},"categories":[1359],"tags":[860,58,59,1011,27,2440,6116,973,133],"class_list":["post-1152068","post","type-post","status-publish","format-standard","has-post-thumbnail","category-people","tag-avc","tag-divertissement","tag-entertainment","tag-fr","tag-france","tag-instagram","tag-los-angeles","tag-people","tag-video"],"share_on_mastodon":{"url":"https:\/\/pubeurope.com\/@fr\/117167861840337628","error":""},"_links":{"self":[{"href":"https:\/\/www.europesays.com\/fr\/wp-json\/wp\/v2\/posts\/1152068","targetHints":{"allow":["GET"]}}],"collection":[{"href":"https:\/\/www.europesays.com\/fr\/wp-json\/wp\/v2\/posts"}],"about":[{"href":"https:\/\/www.europesays.com\/fr\/wp-json\/wp\/v2\/types\/post"}],"author":[{"embeddable":true,"href":"https:\/\/www.europesays.com\/fr\/wp-json\/wp\/v2\/users\/2"}],"replies":[{"embeddable":true,"href":"https:\/\/www.europesays.com\/fr\/wp-json\/wp\/v2\/comments?post=1152068"}],"version-history":[{"count":0,"href":"https:\/\/www.europesays.com\/fr\/wp-json\/wp\/v2\/posts\/1152068\/revisions"}],"wp:featuredmedia":[{"embeddable":true,"href":"https:\/\/www.europesays.com\/fr\/wp-json\/wp\/v2\/media\/1152069"}],"wp:attachment":[{"href":"https:\/\/www.europesays.com\/fr\/wp-json\/wp\/v2\/media?parent=1152068"}],"wp:term":[{"taxonomy":"category","embeddable":true,"href":"https:\/\/www.europesays.com\/fr\/wp-json\/wp\/v2\/categories?post=1152068"},{"taxonomy":"post_tag","embeddable":true,"href":"https:\/\/www.europesays.com\/fr\/wp-json\/wp\/v2\/tags?post=1152068"}],"curies":[{"name":"wp","href":"https:\/\/api.w.org\/{rel}","templated":true}]}}