{"id":115212,"date":"2025-05-20T20:50:17","date_gmt":"2025-05-20T20:50:17","guid":{"rendered":"https:\/\/www.europesays.com\/fr\/115212\/"},"modified":"2025-05-20T20:50:17","modified_gmt":"2025-05-20T20:50:17","slug":"nice-des-cas-de-chikungunya-identifies-dans-les-alpes-maritimes","status":"publish","type":"post","link":"https:\/\/www.europesays.com\/fr\/115212\/","title":{"rendered":"Nice. Des cas de chikungunya identifi\u00e9s dans les Alpes-Maritimes"},"content":{"rendered":"<p>            Par<br \/>\n        <strong><br \/>\n            <a href=\"https:\/\/actu.fr\/auteur\/ugo-maillard\" title=\"Consulter tous les articles de Ugo Maillard\" rel=\"nofollow noopener\" target=\"_blank\">Ugo Maillard<\/a><br \/>\n        <\/strong><\/p>\n<p>        Publi\u00e9 le<\/p>\n<p>            20 mai 2025 \u00e0 18h08        <\/p>\n<p><strong>INFO ACTU NICE<\/strong>. Alors qu\u2019une \u00e9pid\u00e9mie de chikungunya<a href=\"https:\/\/actu.fr\/societe\/chikungunya-toujours-un-haut-niveau-de-transmission-constate-par-les-autorites-sanitaires-a-la-reunion_62581206.html\" rel=\"nofollow noopener\" target=\"_blank\"> frappe l\u2019\u00eele de la R\u00e9union<\/a> depuis de longues semaines, l\u2019Agence R\u00e9gionale de Sant\u00e9 de Provence-Alpes-C\u00f4te d\u2019Azur a d\u00e9voil\u00e9 le nombre de cas dans le d\u00e9partement.<\/p>\n<p class=\" wall-content\">Sollicit\u00e9e par <a href=\"https:\/\/actu.fr\/nice\/\" rel=\"nofollow noopener\" target=\"_blank\">actu Nice<\/a>, l\u2019ARS indique que <strong>deux cas de chikungunya<\/strong>, une maladie transmise par le moustique-tigre,\u00a0ont \u00e9t\u00e9 identifi\u00e9s dans les <a href=\"https:\/\/actu.fr\/provence-alpes-cote-d-azur\/alpes-maritimes_06\" rel=\"nofollow noopener\" target=\"_blank\">Alpes-Maritimes<\/a> depuis le 1er\u00a0mai 2025.<\/p>\n<p class=\" wall-content\">Voici ce que l\u2019on sait.<\/p>\n<p>20 cas dans la r\u00e9gion<\/p>\n<p class=\" wall-content\">Du 1er mai au 20\u00a0novembre, la France est plac\u00e9e en p\u00e9riode de surveillance renforc\u00e9e quant aux nombres de cas de chikungunya et de dengue.<\/p>\n<p class=\" wall-content\">Depuis cette date, deux cas de chikungunya ont \u00e9t\u00e9 recens\u00e9s dans les Alpes-Maritimes. En ce qui concerne la r\u00e9gion <a href=\"https:\/\/actu.fr\/provence-alpes-cote-d-azur\/\" rel=\"nofollow noopener\" target=\"_blank\">Provence-Alpes-C\u00f4te d\u2019Azur<\/a>, le total est port\u00e9 \u00e0 <strong>vingt cas<\/strong>.<\/p>\n<p class=\" wall-content\">Pour ce qui est des cas de dengue, six sont signal\u00e9s dans la r\u00e9gion, mais aucun dans le d\u00e9partement.<\/p>\n<p class=\" wall-content\">Selon les services sanitaires, les cas ont \u00e9t\u00e9 import\u00e9s dans le territoire par le biais de personnes ayant voyag\u00e9 entre la R\u00e9union et la r\u00e9gion PACA.<\/p>\n<p>Une maladie transmise par le moustique tigre\u00a0<\/p>\n<p class=\" wall-content\">Le virus du chikungunya est transmis par l\u2019interm\u00e9diaire de moustiques du genre Aedes\u00a0 (moustique tigre).<\/p>\n<p class=\" wall-content\">Concr\u00e8tement, le moustique pr\u00e9l\u00e8ve le virus sur une personne infect\u00e9e, et \u00e0 l\u2019occasion d\u2019une autre piq\u00fbre, il le transmet \u00e0 une personne saine.<\/p>\n<blockquote class=\"ac-article-quote wall-content\">\n<p>Il n\u2019y a pas de traitement curatif contre le virus. Pour s\u2019en prot\u00e9ger, il convient de se prot\u00e9ger des piqures de moustiques en cas de voyage dans les zones \u00e0 risque de transmission du virus.<\/p>\n<p>    <strong>Minist\u00e8re de la Sant\u00e9<\/strong>\n            <\/p><\/blockquote>\n<p class=\" wall-content\">\u00ab\u00a0La maladie se manifeste apr\u00e8s une incubation de 4 \u00e0 7 jours en moyenne. Une fi\u00e8vre \u00e9lev\u00e9e (sup\u00e9rieure \u00e0 38,5\u00b0C) appara\u00eet brutalement, accompagn\u00e9e de maux de t\u00eate, de courbatures ou de douleurs articulaires\u00a0\u00bb, indique le minist\u00e8re de la Sant\u00e9.<\/p>\n<p class=\" wall-content\">Suivez toute l\u2019actualit\u00e9 de vos villes et m\u00e9dias favoris en vous inscrivant \u00e0 <a href=\"https:\/\/moncompte.actu.fr\" title=\"D\u00e9couvez Mon Actu\" rel=\"nofollow noopener\" data-trk=\"{&quot;cta&quot;:{&quot;action&quot;:&quot;https:\\\/\\\/moncompte.actu.fr&quot;,&quot;category&quot;:&quot;mon compte&quot;,&quot;from&quot;:&quot;article footer&quot;,&quot;name&quot;:&quot;Mon actu&quot;,&quot;type&quot;:&quot;cta&quot;}}\" target=\"_blank\">Mon Actu<\/a>.<\/p>\n","protected":false},"excerpt":{"rendered":"Par Ugo Maillard Publi\u00e9 le 20 mai 2025 \u00e0 18h08 INFO ACTU NICE. Alors qu\u2019une \u00e9pid\u00e9mie de chikungunya&hellip;\n","protected":false},"author":2,"featured_media":115213,"comment_status":"","ping_status":"","sticky":false,"template":"","format":"standard","meta":{"footnotes":""},"categories":[2819],"tags":[1111,11,1777,674,1011,27,2856,12,2401,882,25,71,104],"class_list":{"0":"post-115212","1":"post","2":"type-post","3":"status-publish","4":"format-standard","5":"has-post-thumbnail","7":"category-nice","8":"tag-actu","9":"tag-actualites","10":"tag-eu","11":"tag-europe","12":"tag-fr","13":"tag-france","14":"tag-moustique-tigre","15":"tag-news","16":"tag-nice","17":"tag-provence-alpes-cote-dazur","18":"tag-republique-francaise","19":"tag-sante","20":"tag-societe"},"share_on_mastodon":{"url":"https:\/\/pubeurope.com\/@fr\/114542138186082167","error":""},"_links":{"self":[{"href":"https:\/\/www.europesays.com\/fr\/wp-json\/wp\/v2\/posts\/115212","targetHints":{"allow":["GET"]}}],"collection":[{"href":"https:\/\/www.europesays.com\/fr\/wp-json\/wp\/v2\/posts"}],"about":[{"href":"https:\/\/www.europesays.com\/fr\/wp-json\/wp\/v2\/types\/post"}],"author":[{"embeddable":true,"href":"https:\/\/www.europesays.com\/fr\/wp-json\/wp\/v2\/users\/2"}],"replies":[{"embeddable":true,"href":"https:\/\/www.europesays.com\/fr\/wp-json\/wp\/v2\/comments?post=115212"}],"version-history":[{"count":0,"href":"https:\/\/www.europesays.com\/fr\/wp-json\/wp\/v2\/posts\/115212\/revisions"}],"wp:featuredmedia":[{"embeddable":true,"href":"https:\/\/www.europesays.com\/fr\/wp-json\/wp\/v2\/media\/115213"}],"wp:attachment":[{"href":"https:\/\/www.europesays.com\/fr\/wp-json\/wp\/v2\/media?parent=115212"}],"wp:term":[{"taxonomy":"category","embeddable":true,"href":"https:\/\/www.europesays.com\/fr\/wp-json\/wp\/v2\/categories?post=115212"},{"taxonomy":"post_tag","embeddable":true,"href":"https:\/\/www.europesays.com\/fr\/wp-json\/wp\/v2\/tags?post=115212"}],"curies":[{"name":"wp","href":"https:\/\/api.w.org\/{rel}","templated":true}]}}