{"id":115214,"date":"2025-05-20T20:51:24","date_gmt":"2025-05-20T20:51:24","guid":{"rendered":"https:\/\/www.europesays.com\/fr\/115214\/"},"modified":"2025-05-20T20:51:24","modified_gmt":"2025-05-20T20:51:24","slug":"une-oeuvre-du-coreen-kim-tschang-yeul-et-des-bijoux-aux-encheres-a-nantes-ce-21-mai","status":"publish","type":"post","link":"https:\/\/www.europesays.com\/fr\/115214\/","title":{"rendered":"Une \u0153uvre du cor\u00e9en\u00a0Kim Tschang-Yeul et des bijoux aux ench\u00e8res \u00e0 Nantes ce 21\u00a0mai"},"content":{"rendered":"<p>Quatorze\u00a0commissaires-priseurs dans quatorze\u00a0villes, une vente diffus\u00e9e en direct depuis la plateforme Interench\u00e8res, site leader des ench\u00e8res en France, un total de 85\u00a0lots s\u00e9lectionn\u00e9s dans toutes les disciplines du XVe au XXIe\u00a0si\u00e8cle (bijoux, tableaux, sculptures, objets d\u2019art, horlogerie, photo, culture geek\u2026) dans le cadre des <a href=\"https:\/\/rennes.maville.com\/actu\/actudet_-journees-marteau-trois-jours-pour-decouvrir-le-monde-des-ventes-aux-encheres_54135-3686252_actu.Htm\" rel=\"nofollow noopener\" target=\"_blank\">Journ\u00e9es marteau<\/a>. C\u2019est la vente propos\u00e9e mercredi 21\u00a0mai, par le groupe Ivoire. Cet \u00e9v\u00e9nement, qui permet aux internautes de suivre les ench\u00e8res en continu, de ville en ville, depuis un ordinateur ou un smartphone, a permis de faire sortir des p\u00e9pites des greniers.<\/p>\n<p>Une toile estim\u00e9e entre 20\u00a0000\u00a0et 30\u00a0000\u00a0\u20ac<\/p>\n<p>Ainsi, parmi les objets propos\u00e9s \u00e0 la vente chez <a href=\"https:\/\/nantes.maville.com\/actu\/actudet_-aux-encheres-a-nantes-ce-25-fevrier-les-tresors-bien-caches-de-collectionneurs-_52716-6691315_actu.Htm\" target=\"_self\" rel=\"nofollow noopener\">Ivoire \u00e0 Nantes<\/a>, une\u00a0d\u00e9couverte issue d\u2019une journ\u00e9e d\u2019expertise dans l\u2019Ouest\u00a0: un tableau de l\u2019artiste cor\u00e9en Kim Tschang-Yeul, c\u00e9l\u00e8bre pour ses gouttes d\u2019eau en trompe-l\u2019\u0153il. Le propri\u00e9taire actuel de cette toile de 1972 est le photographe de l\u2019artiste qui a couvert sa premi\u00e8re exposition consacr\u00e9e \u00e0 cette s\u00e9rie des gouttes d\u2019eau, devenues la signature de cet artiste mondialement connu. Cette huile sur toile (74&#215;60\u00a0cm), l\u2019une des toutes premi\u00e8res de la s\u00e9rie, est estim\u00e9e entre 20\u00a0000\u00a0et 30\u00a0000\u00a0\u20ac.<\/p>\n<p>La maison de ventes pr\u00e9sentera aussi un beau diamant (estimation 12\u00a0000\/15\u00a0000\u00a0\u20ac), un bracelet Van Cleef &amp; Arpels (estimation 5\u00a0000\/8\u00a0000\u00a0\u20ac), une caisse Carr\u00e9 d\u2019As Duclot 2000 comprenant seize\u00a0bouteilles (estimation 21\u00a0000\/23\u00a0000\u00a0\u20ac).<\/p>\n<p><strong>Mercredi 21\u00a0mai,<\/strong> \u00e0 18\u00a0h. Vente accessible via la plateforme <a href=\"https:\/\/www.interencheres.com\/\" target=\"_blank\" rel=\"nofollow noopener\">interencheres.com<\/a> et \u00e0 l\u2019h\u00f4tel des ventes Ivoire Nantes (Couton, Jamault, Hirn), 8, rue de Mis\u00e9ricorde, \u00e0 Nantes. T\u00e9l.\u00a002\u00a040\u00a089\u00a024\u00a044.<\/p>\n<p>\u00a0<\/p>\n","protected":false},"excerpt":{"rendered":"Quatorze\u00a0commissaires-priseurs dans quatorze\u00a0villes, une vente diffus\u00e9e en direct depuis la plateforme Interench\u00e8res, site leader des ench\u00e8res en France,&hellip;\n","protected":false},"author":2,"featured_media":115215,"comment_status":"","ping_status":"","sticky":false,"template":"","format":"standard","meta":{"footnotes":""},"categories":[2818],"tags":[22729,1111,11,5417,23156,13677,1777,674,1011,27,23539,2565,766,12,2636,25,23540,5773],"class_list":{"0":"post-115214","1":"post","2":"type-post","3":"status-publish","4":"format-standard","5":"has-post-thumbnail","7":"category-nantes","8":"tag-22729","9":"tag-actu","10":"tag-actualites","11":"tag-bijoux","12":"tag-coreen","13":"tag-encheres","14":"tag-eu","15":"tag-europe","16":"tag-fr","17":"tag-france","18":"tag-kim","19":"tag-mai","20":"tag-nantes","21":"tag-news","22":"tag-pays-de-la-loire","23":"tag-republique-francaise","24":"tag-tschang-yeul","25":"tag-uvre"},"share_on_mastodon":{"url":"https:\/\/pubeurope.com\/@fr\/114542142048726020","error":""},"_links":{"self":[{"href":"https:\/\/www.europesays.com\/fr\/wp-json\/wp\/v2\/posts\/115214","targetHints":{"allow":["GET"]}}],"collection":[{"href":"https:\/\/www.europesays.com\/fr\/wp-json\/wp\/v2\/posts"}],"about":[{"href":"https:\/\/www.europesays.com\/fr\/wp-json\/wp\/v2\/types\/post"}],"author":[{"embeddable":true,"href":"https:\/\/www.europesays.com\/fr\/wp-json\/wp\/v2\/users\/2"}],"replies":[{"embeddable":true,"href":"https:\/\/www.europesays.com\/fr\/wp-json\/wp\/v2\/comments?post=115214"}],"version-history":[{"count":0,"href":"https:\/\/www.europesays.com\/fr\/wp-json\/wp\/v2\/posts\/115214\/revisions"}],"wp:featuredmedia":[{"embeddable":true,"href":"https:\/\/www.europesays.com\/fr\/wp-json\/wp\/v2\/media\/115215"}],"wp:attachment":[{"href":"https:\/\/www.europesays.com\/fr\/wp-json\/wp\/v2\/media?parent=115214"}],"wp:term":[{"taxonomy":"category","embeddable":true,"href":"https:\/\/www.europesays.com\/fr\/wp-json\/wp\/v2\/categories?post=115214"},{"taxonomy":"post_tag","embeddable":true,"href":"https:\/\/www.europesays.com\/fr\/wp-json\/wp\/v2\/tags?post=115214"}],"curies":[{"name":"wp","href":"https:\/\/api.w.org\/{rel}","templated":true}]}}