{"id":1152177,"date":"2026-08-27T15:10:23","date_gmt":"2026-08-27T15:10:23","guid":{"rendered":"https:\/\/www.europesays.com\/fr\/1152177\/"},"modified":"2026-08-27T15:10:23","modified_gmt":"2026-08-27T15:10:23","slug":"sebastien-delogu-le-depute-insoumis-place-en-garde-a-vue-apres-une-altercation-avec-des-policiers","status":"publish","type":"post","link":"https:\/\/www.europesays.com\/fr\/1152177\/","title":{"rendered":"S\u00e9bastien Delogu : le d\u00e9put\u00e9 insoumis plac\u00e9 en garde \u00e0 vue, apr\u00e8s une altercation avec des policiers"},"content":{"rendered":"<p class=\"dm_article-chapeau\">Le d\u00e9put\u00e9 LFI S\u00e9bastien Delogu a \u00e9t\u00e9 plac\u00e9 en garde \u00e0 vue ce jeudi, a rapport\u00e9 le parquet de Marseille. L&rsquo;\u00e9lu est pr\u00e9sum\u00e9 \u00eatre li\u00e9 \u00e0 une altercation avec trois policiers venus interpeller un suspect dans l&rsquo;immeuble o\u00f9 il r\u00e9side, lundi 24 ao\u00fbt.<\/p>\n<p>Une altercation qui se poursuit sur le terrain judiciaire. Le <a href=\"http:\/\/cnews.fr\/la-france-insoumise\" target=\"_blank\" rel=\"nofollow noopener\">d\u00e9put\u00e9 insoumis<\/a> S\u00e9bastien Delogu a \u00e9t\u00e9 plac\u00e9 en garde \u00e0 vue ce jeudi, apr\u00e8s un incident avec trois policiers venus interpeller un suspect dans l\u2019immeuble o\u00f9 il r\u00e9side \u00e0 Marseille.<\/p>\n<p>\u00abLe parquet de Marseille confirme le placement en garde \u00e0 vue de S\u00e9bastien Delogu dans le cadre de l&rsquo;enqu\u00eate de flagrance diligent\u00e9e pour outrage sur personne d\u00e9positaire de l&rsquo;autorit\u00e9 publique\u00bb, a indiqu\u00e9 le parquet \u00e0 l\u2019AFP.<\/p>\n<p>En d\u00e9but d\u2019apr\u00e8s-midi, le d\u00e9put\u00e9 de La France insoumise s&rsquo;est pr\u00e9sent\u00e9 au commissariat de Marseille, accompagn\u00e9 de son avocat, afin d\u2019\u00eatre entendu sur les faits survenus lundi. Les trois policiers concern\u00e9s ont port\u00e9 plainte pour \u00aboutrage \u00e0 personnes d\u00e9positaires de l&rsquo;autorit\u00e9 publique\u00bb. S\u00e9bastien Delogu a \u00e9galement d\u00e9pos\u00e9 une plainte contre X pour injures et violences physiques, selon son avocat Yon\u00e8s Taguelmint.\u00a0<\/p>\n<p>Un \u00e9change qui d\u00e9g\u00e9n\u00e8re<\/p>\n<p>Les faits remontent \u00e0 lundi, vers 15h15. Trois policiers, \u00e0 la recherche d\u2019un homme soup\u00e7onn\u00e9 d\u2019un vol de montre, tentaient alors de p\u00e9n\u00e9trer dans l\u2019immeuble o\u00f9 r\u00e9side le d\u00e9put\u00e9 marseillais.<\/p>\n<p>S\u00e9bastien Delogu affirme que les agents, en civil, n\u2019avaient pas d\u00e9clin\u00e9 leur identit\u00e9. \u00abUne personne en habit de civil que je ne connais pas m&rsquo;intime de la laisser ouverte. Je ne connais pas la personne, je ne lui fais pas confiance car on m&rsquo;a d\u00e9j\u00e0 menac\u00e9 donc je refuse de la laisser ouverte\u00bb, a-t-il racont\u00e9 \u00e0 l\u2019AFP.<\/p>\n<p>Le ton serait ensuite mont\u00e9 sur le palier de son appartement. Selon l\u2019\u00e9lu, les policiers lui auraient \u00absaut\u00e9 dessus\u00bb et l\u2019un d\u2019eux lui aurait port\u00e9 \u00abun coup sur la poitrine\u00bb.<\/p>\n<p>Une version contest\u00e9e par les fonctionnaires. Dans leurs proc\u00e8s-verbaux consult\u00e9s par l\u2019AFP, ils affirment que le d\u00e9put\u00e9 s\u2019est oppos\u00e9 \u00abphysiquement\u00bb \u00e0 leur entr\u00e9e dans l\u2019immeuble, avant de les traiter notamment de \u00abbande de fatigu\u00e9s\u00bb et, pour l\u2019un d\u2019eux, de \u00abtrou du cul\u00bb.<\/p>\n<p>L\u2019homme recherch\u00e9 a finalement \u00e9t\u00e9 interpell\u00e9 sans incident dans un appartement situ\u00e9 en face de celui de S\u00e9bastien Delogu.<\/p>\n","protected":false},"excerpt":{"rendered":"Le d\u00e9put\u00e9 LFI S\u00e9bastien Delogu a \u00e9t\u00e9 plac\u00e9 en garde \u00e0 vue ce jeudi, a rapport\u00e9 le parquet&hellip;\n","protected":false},"author":2,"featured_media":1152178,"comment_status":"","ping_status":"","sticky":false,"template":"","format":"standard","meta":{"footnotes":"","_share_on_mastodon":"0"},"categories":[2],"tags":[11,1011,27,303,780,12,25,117715],"class_list":["post-1152177","post","type-post","status-publish","format-standard","has-post-thumbnail","category-actualites","tag-actualites","tag-fr","tag-france","tag-justice","tag-lfi","tag-news","tag-republique-francaise","tag-su00e9bastien-delogu"],"share_on_mastodon":{"url":"https:\/\/pubeurope.com\/@fr\/117168113418317528","error":""},"_links":{"self":[{"href":"https:\/\/www.europesays.com\/fr\/wp-json\/wp\/v2\/posts\/1152177","targetHints":{"allow":["GET"]}}],"collection":[{"href":"https:\/\/www.europesays.com\/fr\/wp-json\/wp\/v2\/posts"}],"about":[{"href":"https:\/\/www.europesays.com\/fr\/wp-json\/wp\/v2\/types\/post"}],"author":[{"embeddable":true,"href":"https:\/\/www.europesays.com\/fr\/wp-json\/wp\/v2\/users\/2"}],"replies":[{"embeddable":true,"href":"https:\/\/www.europesays.com\/fr\/wp-json\/wp\/v2\/comments?post=1152177"}],"version-history":[{"count":0,"href":"https:\/\/www.europesays.com\/fr\/wp-json\/wp\/v2\/posts\/1152177\/revisions"}],"wp:featuredmedia":[{"embeddable":true,"href":"https:\/\/www.europesays.com\/fr\/wp-json\/wp\/v2\/media\/1152178"}],"wp:attachment":[{"href":"https:\/\/www.europesays.com\/fr\/wp-json\/wp\/v2\/media?parent=1152177"}],"wp:term":[{"taxonomy":"category","embeddable":true,"href":"https:\/\/www.europesays.com\/fr\/wp-json\/wp\/v2\/categories?post=1152177"},{"taxonomy":"post_tag","embeddable":true,"href":"https:\/\/www.europesays.com\/fr\/wp-json\/wp\/v2\/tags?post=1152177"}],"curies":[{"name":"wp","href":"https:\/\/api.w.org\/{rel}","templated":true}]}}