{"id":1152210,"date":"2026-08-27T15:33:18","date_gmt":"2026-08-27T15:33:18","guid":{"rendered":"https:\/\/www.europesays.com\/fr\/1152210\/"},"modified":"2026-08-27T15:33:18","modified_gmt":"2026-08-27T15:33:18","slug":"en-direct-presidentielle-2027-7-candidats-face-aux-patrons-francais-le-premier-debat-de-la-campagne-a-suivre-en-exclusivite-sur-lci","status":"publish","type":"post","link":"https:\/\/www.europesays.com\/fr\/1152210\/","title":{"rendered":"EN DIRECT &#8211; Pr\u00e9sidentielle 2027 : 7 candidats face aux patrons fran\u00e7ais, le premier d\u00e9bat de la campagne \u00e0 suivre en exclusivit\u00e9 sur LCI"},"content":{"rendered":"<ul class=\"jsx-25100651 ArticleChapo__List\">\n<li class=\"jsx-25100651 ArticleChapo__List_Item flex\">C&rsquo;est le premier d\u00e9bat entre candidats \u00e0 la pr\u00e9sidentielle et c&rsquo;est \u00e0 suivre sur LCI.<\/li>\n<li class=\"jsx-25100651 ArticleChapo__List_Item flex\">Sept candidats en lice pour l&rsquo;\u00c9lys\u00e9e r\u00e9pondent aux patrons fran\u00e7ais \u00e0 l&rsquo;occasion de la Rencontre des entrepreneurs de France (LaREF) organis\u00e9e par le Medef \u00e0 Roland-Garros.<\/li>\n<li class=\"jsx-25100651 ArticleChapo__List_Item flex\">Rendez-vous sur le canal 15 d\u00e8s 16h45.<\/li>\n<\/ul>\n<p>Minute par minuteFiltrer par Temps fortsFiltrerSUPPRESSION DE LA DETTE<\/p>\n<p>Sur la question de la \u00ab\u00a0suppression de la dette\u00a0\u00bb, Jean-Luc M\u00e9lenchon assure qu&rsquo;il parlait de la \u00ab\u00a0dette fran\u00e7aise aupr\u00e8s de la BCE\u00a0\u00bb. \u00ab\u00a0Si la proposition est sur la table [&#8230;], si nous avons une proposition europ\u00e9enne, et si nous motivons au moment o\u00f9 les taux d&rsquo;int\u00e9r\u00eat sont les plus \u00e9lev\u00e9s, plus de 4 points, nous ferons baisser ces taux d&rsquo;int\u00e9r\u00eat, parce que le ratio entre la dette de tous les Etats de l&rsquo;Europe et leur PIB se sera am\u00e9lior\u00e9\u00a0\u00bb, explique-t-il, assurant qu&rsquo;il trouvera des alli\u00e9s en Europe.<\/p>\n<p>Pour \u00c9douard Philippe, \u00ab\u00a0br\u00fbler la dette\u00a0\u00bb comme le propose Jean-Luc M\u00e9lenchon mettra la France en \u00ab\u00a0interdit bancaire\u00a0\u00bb. Il a qualifi\u00e9 les propos du leader insoumis de \u00ab\u00a0dangereux\u00a0\u00bb. \u00ab\u00a0La France a une parole, elle la tient, et elle remet en ordre ses comptes, comme tous les autres pays l&rsquo;ont fait\u00a0\u00bb, souligne-t-il. \u00ab\u00a0C&rsquo;est dans la ma\u00eetrise de la d\u00e9pense sociale que nous devons faire des progr\u00e8s, et notamment sur la question des retraites\u00a0\u00bb, affirme le leader de Horizons.<\/p>\n<p>17:32DETTE<\/p>\n<p>Le premier th\u00e8me du d\u00e9bat : la dette. Au total, 75% des entrepreneurs jugent prioritaires de r\u00e9duire la dette et les d\u00e9penses publiques.<\/p>\n<p>Le g\u00e9om\u00e8tre expert \u00c9ric Malenfer, pr\u00e9sent du groupe Gexpertise, interroge les candidats : \u00ab\u00a0Avec courage, si vous \u00eates \u00e0 la t\u00eate de l&rsquo;\u00c9tat, vous pouvez me donner une date \u00e0 partir de laquelle on n&#8217;empruntera plus pour le fonctionnement de l&rsquo;\u00c9tat ?\u00a0\u00bb<\/p>\n<p>Pour Jean-Luc M\u00e9lenchon, qui avait propos\u00e9 de \u00ab\u00a0foutre au feu\u00a0\u00bb 600 millions de dette fran\u00e7aise\u00a0\u00bb, \u00ab\u00a0il faut cesser de dire que l&rsquo;\u00c9tat jette de l&rsquo;argent par les fen\u00eatres\u00a0\u00bb, estime-t-il : \u00ab\u00a0La question qui nous est pos\u00e9e, c&rsquo;est son usage.\u00a0\u00bb \u00ab\u00a0Si nous supprimons toutes les aides aux entreprises, le d\u00e9ficit de l&rsquo;\u00c9tat dispara\u00eet [&#8230;]. Nous devons retrouver des marges de man\u0153uvres [&#8230;]. Nous devons retrouver du cr\u00e9dit fluide. Aujourd&rsquo;hui le comportement bancaire n&rsquo;aide pas l&rsquo;\u00e9conomie, il la surveille [&#8230;]. Apr\u00e8s avoir rel\u00e2ch\u00e9 la pression qui existe sur les aides, plus d&rsquo;aide sans contreparties\u00a0\u00bb, a-t-il d\u00e9clar\u00e9.<\/p>\n<p>17:23MARINE TONDELIER<\/p>\n<p>L&rsquo;\u00e9cologiste Marine Tondelier assure que \u00ab\u00a0les \u00c9cologistes, aussi, veulent la libert\u00e9\u00a0\u00bb. \u00ab\u00a0L&rsquo;\u00e9cologie est la condition de la libert\u00e9\u00a0\u00bb, souligne-t-elle. \u00ab\u00a0L&rsquo;activit\u00e9 \u00e9conomique d\u00e9pend aussi de la temp\u00e9rature qu&rsquo;il fait\u00a0\u00bb, ajoute la candidate.<\/p>\n<p>17:14GABRIEL ATTAL<\/p>\n<p>Pour Gabriel Attal (Renaissance) , \u00ab\u00a0il y a eu des r\u00e9ussites ces derni\u00e8res ann\u00e9es : la baisse du ch\u00f4mage jusqu&rsquo;en 2024, l&rsquo;apprentissage jusqu&rsquo;aux derni\u00e8res d\u00e9cisions tr\u00e8s n\u00e9fastes qui ont \u00e9t\u00e9 prises et le retour de l&rsquo;attractivit\u00e9 pour les investissements \u00e9trangers\u00a0\u00bb.<\/p>\n<p>17:12JEAN-LUC M\u00c9LENCHON<\/p>\n<p>Le leader insoumis Jean-Luc M\u00e9lenchon souhaite de son c\u00f4t\u00e9 alerter : \u00ab\u00a0Dans les cinq ans qui viennent, nous avons int\u00e9r\u00eat \u00e0 comprendre que l&rsquo;\u00e9conomie monde va prendre de rudes chocs et que la France ne pourra pas vivre en dehors de ces chocs\u00a0\u00bb. Il cite notamment le changement climatique \u00ab\u00a0qui va perturber les cha\u00eenes de production\u00a0\u00bb.<\/p>\n<p>17:09MARINE LE PEN<\/p>\n<p>L&rsquo;actuelle favorite des sondages, Marine Le Pen, s&rsquo;exprime \u00e0 son tour. \u00ab\u00a0On n&rsquo;est pas l\u00e0 pour faire un d\u00e9bat sur comment reproduire les erreurs d&rsquo;hier en les appelant par un autre nom. J&rsquo;appelle \u00e0 l&rsquo;union de l&rsquo;ensemble des acteurs, l&rsquo;union des salari\u00e9s et des entrepreneurs pour op\u00e9rer le redressement, la renaissance de la France\u00a0\u00bb, affirme la candidate du Rassemblement national.<\/p>\n<p>17:07EDOUARD PHILIPPE<\/p>\n<p>Edouard Philippe, pr\u00e9sident du parti Horizons, d\u00e9plore une \u00ab\u00a0situation\u00a0\u00bb qui \u00ab\u00a0n&rsquo;est pas bonne\u00a0\u00bb et des entreprises \u00ab\u00a0qui souffrent\u00a0\u00bb et sont inqui\u00e8tes\u00a0\u00bb. \u00ab\u00a0Je suis s\u00fbr que nous pouvons collectivement cr\u00e9er la richesse n\u00e9cessaire \u00e0 ce pays\u00a0\u00bb, ajoute-t-il, appelant \u00e0 \u00ab\u00a0remettre les comptes en ordre\u00a0\u00bb et \u00e0 \u00ab\u00a0travailler plus\u00a0\u00bb.<\/p>\n<p>17:05RAPHA\u00cbL GLUCKSMANN<\/p>\n<p>Le n\u00e9o-candidat social-d\u00e9mocrate Rapha\u00ebl Glucksmann estime de son c\u00f4t\u00e9 que \u00ab\u00a0le courage, c&rsquo;est ce qui manque aux dirigeants fran\u00e7ais et europ\u00e9ens depuis trop longtemps\u00a0\u00bb. \u00ab\u00a0Le courage d&rsquo;affronter le r\u00e9chauffement climatique, d&rsquo;affronter la concurrence d\u00e9loyale de la Chine, d&rsquo;affronter les g\u00e9ants de la tech am\u00e9ricaine qui transforment la France en colonie num\u00e9rique\u00a0\u00bb, \u00e9num\u00e8re le co-pr\u00e9sident de Place Publique, qui fustige par ailleurs \u00ab\u00a0l&rsquo;ouverture prochaine d&rsquo;un parc Dragon Ball Z financ\u00e9 par l&rsquo;Arabie Saoudite\u00a0\u00bb.<\/p>\n<p>17:02BRUNO RETAILLEAU<\/p>\n<p>Chaque candidat dispose de deux minutes libres pour s&rsquo;adresser aux entreprises. Le pr\u00e9sident des R\u00e9publicains Bruno Retailleau souhaite ainsi \u00ab\u00a0parler du premier probl\u00e8me qu&rsquo;\u00e9prouvent les entreprises fran\u00e7aises\u00a0\u00bb. \u00ab\u00a0Ce n&rsquo;est pas la concurrence, m\u00eame quand elle est d\u00e9loyale, vous l&rsquo;affrontez quotidiennement [&#8230;]. C&rsquo;est l&rsquo;\u00c9tat bureaucratique, vorace, qui d\u00e9vore plus de 57% de la richesse des Fran\u00e7ais\u00a0\u00bb et \u00ab\u00a0qui prend les entreprises pour des vaches \u00e0 lait\u00a0\u00bb, estime-t-il.<\/p>\n<p>17:00BRUNO RETAILLEAU<\/p>\n<p>Chaque candidat dispose de deux minutes libres pour s&rsquo;adresser aux entreprises. Le pr\u00e9sident des R\u00e9publicains Bruno Retailleau souhaite ainsi \u00ab\u00a0parler du premier probl\u00e8me qu&rsquo;\u00e9prouvent les entreprises fran\u00e7aises\u00a0\u00bb. \u00ab\u00a0Ce n&rsquo;est pas la concurrence, m\u00eame quand elle est d\u00e9loyale, vous l&rsquo;affrontez quotidiennement [&#8230;]. C&rsquo;est l&rsquo;\u00c9tat bureaucratique, vorace, qui d\u00e9vore plus de 57% de la richesse des Fran\u00e7ais\u00a0\u00bb et \u00ab\u00a0qui prend les entreprises pour des vaches \u00e0 lait\u00a0\u00bb, estime-t-il.<\/p>\n<p>17:00&Prime;QUE L&rsquo;ENTREPRISE RETROUVE TOUTE SA PLACE DANS LE D\u00c9BAT PUBLIC\u00a0\u00bb<\/p>\n<p>Patrick Martin, patron du MEDEF, ouvre le grand d\u00e9bat des candidats \u00e0 la pr\u00e9sidentielle. \u00ab\u00a0Le fait que \u00e7a se tienne dans ce c\u00e9nacle, avec des entrepreneurs, pour parler d&rsquo;entreprise, d&rsquo;\u00e9conomie, \u00e7a n&rsquo;est pas neutre : nous savons tous combien il est essentiel que l&rsquo;\u00e9conomique, l&rsquo;entreprise occupe toute sa place, retrouve toute sa place dans le d\u00e9bat public\u00a0\u00bb, d\u00e9clare-t-il.<\/p>\n<p>16:54C&rsquo;EST PARTI<\/p>\n<p>Le premier d\u00e9bat de l&rsquo;\u00e9lection pr\u00e9sidentielle 2027 va d\u00e9buter \u00e0 Roland-Garros.\u00a0<\/p>\n<p>16:50JEAN-LUC M\u00c9LENCHON AU SOMMET DU MEDEF<\/p>\n<p>Retrouvez ci-dessous la d\u00e9claration de Jean-Luc M\u00e9lenchon \u00e0 son arriv\u00e9e \u00e0 Roland-Garros.<\/p>\n<p>16:14<\/p>\n<p>7 candidats face aux patrons : Jean-Luc M\u00e9lenchon pr\u00e9sent pour leur dire \u00ab\u00a0leur 4 v\u00e9rit\u00e9s\u00a0\u00bbSource : Edition Sp\u00e9ciale<\/p>\n<p>MARINE LE PEN AU SOMMET DU MEDEF<\/p>\n<p>Marine Le Pen, candidate du Rassemblement national, est elle aussi arriv\u00e9e au sommet du Medef \u00e0 Roland-Garros. \u00ab\u00a0Les entrepreneurs qui ont pu lire le projet \u00e9conomique du Rassemblement national au moins pour les derni\u00e8res ann\u00e9es ne peuvent pas \u00eatre inquiets des propositions que nous faisons. Je ne suis pas dupe, je ne suis pas na\u00efve, il existe parfois des caricatures qui sont faites de notre projet \u00e9conomique\u00a0\u00bb, a-t-elle d\u00e9clar\u00e9 face \u00e0 la presse.<\/p>\n<p>16:13&Prime;NOUS ALLONS LEUR DIRE LEURS QUATRE V\u00c9RIT\u00c9S\u00a0\u00bb, ASSURE M\u00c9LENCHON<\/p>\n<p>Arriv\u00e9 au sommet du Medef, Jean-Luc M\u00e9lenchon a assur\u00e9 qu&rsquo;il allait dire \u00ab\u00a0leurs quatre v\u00e9rit\u00e9s\u00a0\u00bb aux autres candidats \u00e0 l&rsquo;\u00e9lection pr\u00e9sidentielle qui participeront au d\u00e9bat avec lui. \u00ab\u00a0Ils sont un peu dans un jeu de r\u00f4le\u00a0\u00bb, a estim\u00e9 le leader insoumis, qui a assur\u00e9 ne pas \u00ab\u00a0vivre \u00e7a comme un moment de tension, sauf s&rsquo;ils veulent\u00a0\u00bb.<\/p>\n<p>16:09&Prime;ON A BESOIN DE CR\u00c9ER DES RICHESSES\u00a0\u00bb<\/p>\n<p>Pour \u00c9douard Philippe, candidat Horizons \u00e0 l&rsquo;\u00e9lection pr\u00e9sidentielle qui participera dans une heure au d\u00e9bat \u00e0 Roland-Garros, a affirm\u00e9 au sommet du Medef que \u00ab\u00a0pour rendre la France plus prosp\u00e8re, on a besoin de cr\u00e9er des richesses\u00a0\u00bb, appelant notamment \u00e0 une \u00ab\u00a0r\u00e9forme des retraites fond\u00e9e sur plus de travail, et pas sur plus de pr\u00e9l\u00e8vements\u00a0\u00bb.<\/p>\n<p>L&rsquo;ancien Premier ministre avait d&rsquo;ailleurs donn\u00e9 le ton de la journ\u00e9e en d\u00e9gainant, dans un entretien \u00e0 l&rsquo;AFP, des propositions qui devraient s\u00e9duire les patrons : la r\u00e9duction \u00e0 12 mois (contre 18 aujourd&rsquo;hui) de l&rsquo;indemnisation ch\u00f4mage pour les moins de 50 ans, \u00ab\u00a0mettre fin \u00e0 l&rsquo;open bar des arr\u00eats de travail\u00a0\u00bb et garantir la p\u00e9rennit\u00e9 du pacte Dutreil qui facilite la transmission des entreprises familiales.\u00a0<\/p>\n<p>15:33SEPT CANDIDATS DEVANT LES PATRONS<\/p>\n<p>Ce sera donc un match \u00e0 sept qui se d\u00e9roulera sur le court central de Roland-Garros. D\u00e8s 16h45, et durant 2h30, l&rsquo;ar\u00e8ne du tennis sera occup\u00e9e par Jean-Luc M\u00e9lenchon (LFI), Bruno Retailleau (LR), Gabriel Attal (Renaissance), Marine Le Pen (RN), Rapha\u00ebl Glucksmann (Place Publique), Marine Tondelier (Les \u00c9cologistes) et \u00c9douard Philippe (Horizons).<\/p>\n<p>Cinq chefs d&rsquo;entreprise interpelleront les candidats autour d&rsquo;autant de th\u00e8mes : la dette et les d\u00e9penses publiques, la r\u00e9industrialisation, le co\u00fbt du travail, les normes et la simplification et la fiscalit\u00e9. Les pr\u00e9tendants \u00e0 l&rsquo;\u00c9lys\u00e9e pourront se r\u00e9pondre entre eux.<\/p>\n<p>15:26<\/p>\n<p style=\"color:#FF3156\" class=\"ArticleItem__Category\">Politique<\/p>\n<p>Vid\u00e9o<img decoding=\"async\" src=\"https:\/\/www.europesays.com\/fr\/wp-content\/uploads\/2026\/08\/debat-medef-lci-illustration-37c00d-0@1x.jpeg\" alt=\"Le 27 ao\u00fbt, LCI diffuse le d\u00e9bat entre les candidats \u00e0 la pr\u00e9sidentielle et les grands patrons du Medef\" loading=\"lazy\" importance=\"low\" fetchpriority=\"low\" class=\"\" copyright=\"TF1\" aria-hidden=\"true\"\/><\/p>\n<p>Publi\u00e9 aujourd&rsquo;hui \u00e0 9h06<\/p>\n<p>BONJOUR<\/p>\n<p>Bonjour et bienvenue dans ce direct consacr\u00e9 au premier grand d\u00e9bat des candidats \u00e0 la pr\u00e9sidentielle, diffus\u00e9 ce jeudi en exclusivit\u00e9 sur LCI (canal 15) et organis\u00e9 \u00e0 Roland-Garros en partenariat avec le Medef, dans le cadre de la Rencontre des entrepreneurs de France (REF).<\/p>\n<p>15:22<\/p>\n<p id=\"body-_R_17t7pm_-block-8\" data-module=\"article-paragraph\" class=\"jsx-2921227388 Paragraph Paragraph__End\">C&rsquo;est le premier grand d\u00e9bat des candidats \u00e0 la pr\u00e9sidentielle. Diffus\u00e9 en exclusivit\u00e9 sur LCI (canal 15) et organis\u00e9 \u00e0 Roland-Garros en partenariat avec le Medef, il intervient dans le cadre de la Rencontre des entrepreneurs de France (LaREF). Sur le court Philippe-Chatrier, sept candidats r\u00e9pondent \u00e0 des patrons fran\u00e7ais.<\/p>\n<p id=\"body-_R_17t7pm_-block-10\" data-module=\"article-paragraph\" class=\"jsx-2921227388 Paragraph Paragraph__End\">Sur le \u00ab\u00a0central\u00a0\u00bb, on retrouve Marine Le Pen, actuelle favorite des sondages, Jean-Luc M\u00e9lenchon, le leader insoumis, cr\u00e9dit\u00e9 d&rsquo;une dynamique susceptible de le hisser au second tour comme le d\u00e9voile<a href=\"https:\/\/www.tf1info.fr\/politique\/sondage-lci-presidentielle-2027-marine-le-pen-elue-au-second-tour-dans-tous-les-cas-de-figure-les-resultats-de-notre-barometre-2460589.html\" rel=\"nofollow noopener\" target=\"_blank\"> notre enqu\u00eate Ifop-Fiducial pour Le Figaro, LCI et Sud Radio<\/a>, mais aussi le duo du bloc central \u00c9douard Philippe et Gabriel Attal, le n\u00e9o-candidat social-d\u00e9mocrate Rapha\u00ebl Glucksmann, le pr\u00e9sident des R\u00e9publicains Bruno Retailleau et l&rsquo;\u00e9cologiste Marine Tondelier.<\/p>\n<p id=\"body-_R_17t7pm_-block-13\" data-module=\"article-paragraph\" class=\"jsx-2921227388 Paragraph\">Les dirigeants de grandes entreprises ou de PME les confronteront sur quelques-unes de leurs grandes pr\u00e9occupations : \u00e0 savoir l\u2019\u00e9conomie du pays, l&rsquo;avenir de leur secteur, de la dette ou encore la question des salaires.\u00a0<\/p>\n<p data-module=\"article-paragraph\" class=\"jsx-2921227388 Paragraph Paragraph__End\">Rendez-vous \u00e0 16h45 sur LCI pour suivre ce d\u00e9bat, le tout premier entre candidats engag\u00e9s dans la course \u00e0 l&rsquo;\u00c9lys\u00e9e, anim\u00e9 par Am\u00e9lie Carrou\u00ebr.\u00a0<\/p>\n","protected":false},"excerpt":{"rendered":"C&rsquo;est le premier d\u00e9bat entre candidats \u00e0 la pr\u00e9sidentielle et c&rsquo;est \u00e0 suivre sur LCI. Sept candidats en&hellip;\n","protected":false},"author":2,"featured_media":1152211,"comment_status":"","ping_status":"","sticky":false,"template":"","format":"standard","meta":{"footnotes":"","_share_on_mastodon":"0"},"categories":[4],"tags":[1111,11,1921,1013,3080,117716,1011,27,4410,662,1922,3081,4729,430,4803,12,15923,25,4171,133,4530],"class_list":["post-1152210","post","type-post","status-publish","format-standard","has-post-thumbnail","category-france","tag-actu","tag-actualites","tag-article-video","tag-bruno-retailleau","tag-edouard-philippe","tag-election-presidentielle-2027-la-course-aux-candidatures-est-lancee","tag-fr","tag-france","tag-gabriel-attal","tag-ile-de-france","tag-info","tag-jean-luc-melenchon","tag-marine-tondelier","tag-marine-le-pen","tag-medef","tag-news","tag-raphael-glucksmann","tag-republique-francaise","tag-roland-garros","tag-video","tag-video-politique"],"share_on_mastodon":{"url":"https:\/\/pubeurope.com\/@fr\/117168205552704841","error":""},"_links":{"self":[{"href":"https:\/\/www.europesays.com\/fr\/wp-json\/wp\/v2\/posts\/1152210","targetHints":{"allow":["GET"]}}],"collection":[{"href":"https:\/\/www.europesays.com\/fr\/wp-json\/wp\/v2\/posts"}],"about":[{"href":"https:\/\/www.europesays.com\/fr\/wp-json\/wp\/v2\/types\/post"}],"author":[{"embeddable":true,"href":"https:\/\/www.europesays.com\/fr\/wp-json\/wp\/v2\/users\/2"}],"replies":[{"embeddable":true,"href":"https:\/\/www.europesays.com\/fr\/wp-json\/wp\/v2\/comments?post=1152210"}],"version-history":[{"count":0,"href":"https:\/\/www.europesays.com\/fr\/wp-json\/wp\/v2\/posts\/1152210\/revisions"}],"wp:featuredmedia":[{"embeddable":true,"href":"https:\/\/www.europesays.com\/fr\/wp-json\/wp\/v2\/media\/1152211"}],"wp:attachment":[{"href":"https:\/\/www.europesays.com\/fr\/wp-json\/wp\/v2\/media?parent=1152210"}],"wp:term":[{"taxonomy":"category","embeddable":true,"href":"https:\/\/www.europesays.com\/fr\/wp-json\/wp\/v2\/categories?post=1152210"},{"taxonomy":"post_tag","embeddable":true,"href":"https:\/\/www.europesays.com\/fr\/wp-json\/wp\/v2\/tags?post=1152210"}],"curies":[{"name":"wp","href":"https:\/\/api.w.org\/{rel}","templated":true}]}}