{"id":115222,"date":"2025-05-20T20:55:08","date_gmt":"2025-05-20T20:55:08","guid":{"rendered":"https:\/\/www.europesays.com\/fr\/115222\/"},"modified":"2025-05-20T20:55:08","modified_gmt":"2025-05-20T20:55:08","slug":"toulouse-plus-dune-vingtaine-de-vide-greniers-et-brocantes-a-ne-pas-manquer-ce-week-end","status":"publish","type":"post","link":"https:\/\/www.europesays.com\/fr\/115222\/","title":{"rendered":"Toulouse. Plus d&rsquo;une vingtaine de vide-greniers et brocantes \u00e0 ne pas manquer ce week-end"},"content":{"rendered":"<p>            Par<br \/>\n        <strong><br \/>\n            <a href=\"https:\/\/actu.fr\/auteur\/nina-hossein-zadeh\" title=\"Consulter tous les articles de Nina Hossein-Zadeh\" rel=\"nofollow noopener\" target=\"_blank\">Nina Hossein-Zadeh<\/a><br \/>\n        <\/strong><\/p>\n<p>        Publi\u00e9 le<\/p>\n<p>            20 mai 2025 \u00e0 18h46        <\/p>\n<p>Amoureux des bonnes affaires, des rendez-vous en ext\u00e9rieur pour d\u00e9nicher des petites p\u00e9pites, <a href=\"https:\/\/actu.fr\/toulouse\/\" rel=\"nofollow noopener\" target=\"_blank\"><strong>Toulouse<\/strong><\/a> et ses alentours vont faire le plein de<strong> vide-greniers<\/strong> samedi\u00a024 et dimanche 25\u00a0mai 2025. Voici un tour d\u2019horizon des \u00e9v\u00e9nements pr\u00e9vus \u00e0 l\u2019agenda.<\/p>\n<p>Plusieurs rendez-vous \u00e0 Toulouse<\/p>\n<p class=\" wall-content\">Brocantes et vide-greniers vont se d\u00e9ployer dans le centre-ville de Toulouse pendant le week-end.<strong> Le samedi 24\u00a0mai,<\/strong> deux rendez-vous sont au programme.<\/p>\n<ul class=\" wall-content\">\n<li>Le march\u00e9 \u00e0 la brocante de Saint-Aubin, autour de l\u2019\u00e9glise de 6\u00a0heures \u00e0 13\u00a0heures<\/li>\n<li>Le vide-greniers du groupe scolaire Armand Leygue de 9 heures \u00e0 16 heures<\/li>\n<\/ul>\n<p class=\" wall-content\">Les bonnes affaires se poursuivent le lendemain, <strong>dimanche 25\u00a0mai<\/strong>, avec plusieurs vide-greniers et brocantes\u2009:<\/p>\n<ul class=\" wall-content\">\n<li>Le vide-greniers de printemps 2025 aura lieu de 9\u00a0heures \u00e0 18\u00a0heures, avenue de la Garonnette \u00e0 Toulouse<\/li>\n<li>Le vide-greniers de l\u2019\u00e9cole Immacul\u00e9e Conception Saint-Hilaire, d\u00e8s 9\u00a0heures dans la cour de l\u2019\u00e9cole<\/li>\n<li>Le vide-greniers de l\u2019association l\u2019\u00e9toile de Belfort, d\u00e8s 8\u00a0heures sur la place de Belfort<\/li>\n<li>Le vide-greniers du Comit\u00e9 de quartier Le Pech-Ar\u00e8nes, au jardin public du Pech de 8\u00a0heures \u00e0 18\u00a0heures<\/li>\n<li>Le vide-greniers de l\u2019\u00e9cole \u00e9l\u00e9mentaire Bonnefoy de 9\u00a0heures \u00e0 15\u00a0heures<\/li>\n<li>Le vide-greniers des Arpents de La Prairie, 1bis rue des N\u00e9fliers, de 9\u00a0heures \u00e0 17\u00a0heures<\/li>\n<li>Le vide-greniers de l\u2019\u00e9cole Avempace au 6 chemin des Pradettes, de 10\u00a0heures \u00e0 17\u00a0heures<\/li>\n<li>Le vide-greniers du lac de Sesqui\u00e8res sur le parking de l\u2019Esmeralda de 8\u00a0heures \u00e0 17\u00a0heures.<\/li>\n<\/ul>\n<p>Et aux alentours de Toulouse\u2009?<\/p>\n<p class=\" wall-content\">Les alentours de Toulouse ne seront pas en restes. Plusieurs communes de Haute-Garonne vont, elles aussi, accueillir les chineurs \u00e0 l\u2019occasion de vide-greniers et brocantes. \u00c0 commencer par<strong> le samedi 24\u00a0mai 2025\u2009:<\/strong><\/p>\n<ul class=\" wall-content\">\n<li>Le vide-greniers de Roques, au Ramier de Roques, de 7h30 \u00e0 18\u00a0heures<\/li>\n<li>Le vide-greniers de Brugui\u00e8res, au 1 Impasse des Platanes, de 8\u00a0heures \u00e0 17\u00a0heures<\/li>\n<li>Le vide-greniers de Bourg-Saint-Bernard, \u00e0 c\u00f4t\u00e9 de l\u2019\u00e9cole sur l\u2019ancien terrain de foot, de 9\u00a0heures \u00e0 17\u00a0heures.<\/li>\n<\/ul>\n<p class=\" wall-content\">Il y aura foule \u00e9galement <strong>le dimanche 25\u00a0mai<\/strong> avec plusieurs \u00e9v\u00e9nements\u2009:<\/p>\n<ul class=\" wall-content\">\n<li>Le vide-greniers de Fenouillet, install\u00e9 sur le parking de Bricoman et Besson, de 6h30 \u00e0 17\u00a0heures<\/li>\n<li>Le vide-greniers de Vigoulet-Auzil, all\u00e9e Traquet P\u00e2tre, de 8\u00a0heures \u00e0 16\u00a0heures<\/li>\n<li>Le vide-greniers de Castelginest, sur le parking de la salle polyvalente au 4 chemin des Barri\u00e8res, de 8\u00a0heures \u00e0 18\u00a0heures<\/li>\n<li>Le vide-greniers de Tournefeuille, au Passage des Chasseurs, de 9\u00a0heures \u00e0 17\u00a0heures<\/li>\n<li>Le vide-greniers de Plaisance-du-Touch, 1 Place du Bicentenaire, d\u00e8s 8\u00a0heures<\/li>\n<li>Le vide-greniers d\u2019Auzielle, au pigeonnier, chemin du Caoulet, de 10 heures \u00e0 18 heures<\/li>\n<li>Le vide-greniers d\u2019Escalquens, place de l\u2019Enclos, de 9\u00a0heures \u00e0 17\u00a0heures<\/li>\n<li>Le vide-greniers de Saint-Jory, au lac Labou avenue Segusino, de 7\u00a0heures \u00e0 18\u00a0heures<\/li>\n<li>Le vide-greniers de Daux, 986 chemin de Guergui, de 8\u00a0heures \u00e0 16\u00a0heures<\/li>\n<li>Le vide-greniers de Seysses \u00e0 l\u2019\u00e9cole Flora Tristan 225 chemin Bourdasse, de 8h30 \u00e0 17\u00a0heures<\/li>\n<li>Le vide-greniers de Saint-Lys, au boulodrome, de 9\u00a0heures \u00e0 18\u00a0heures<\/li>\n<li>Le vide-greniers de Saint-Hilaire, au p\u00e9tanque club, 8 Impasse du Pic du Midi, de 8\u00a0heures \u00e0 18\u00a0heures<\/li>\n<li>Le vide-greniers de S\u00e9goufielle, sur la place du village, de 8\u00a0heures \u00e0 17\u00a0heures.<\/li>\n<\/ul>\n<p class=\" wall-content\">Suivez toute l\u2019actualit\u00e9 de vos villes et m\u00e9dias favoris en vous inscrivant \u00e0 <a href=\"https:\/\/moncompte.actu.fr\" title=\"D\u00e9couvez Mon Actu\" rel=\"nofollow noopener\" data-trk=\"{&quot;cta&quot;:{&quot;action&quot;:&quot;https:\\\/\\\/moncompte.actu.fr&quot;,&quot;category&quot;:&quot;mon compte&quot;,&quot;from&quot;:&quot;article footer&quot;,&quot;name&quot;:&quot;Mon actu&quot;,&quot;type&quot;:&quot;cta&quot;}}\" target=\"_blank\">Mon Actu<\/a>.<\/p>\n","protected":false},"excerpt":{"rendered":"Par Nina Hossein-Zadeh Publi\u00e9 le 20 mai 2025 \u00e0 18h46 Amoureux des bonnes affaires, des rendez-vous en ext\u00e9rieur&hellip;\n","protected":false},"author":2,"featured_media":115223,"comment_status":"","ping_status":"","sticky":false,"template":"","format":"standard","meta":{"footnotes":""},"categories":[2816],"tags":[1111,11,1777,674,1011,27,1652,12,2680,25,1341,2312],"class_list":{"0":"post-115222","1":"post","2":"type-post","3":"status-publish","4":"format-standard","5":"has-post-thumbnail","7":"category-toulouse","8":"tag-actu","9":"tag-actualites","10":"tag-eu","11":"tag-europe","12":"tag-fr","13":"tag-france","14":"tag-loisirs-culture","15":"tag-news","16":"tag-occitanie","17":"tag-republique-francaise","18":"tag-sortir-a-toulouse","19":"tag-toulouse"},"share_on_mastodon":{"url":"https:\/\/pubeurope.com\/@fr\/114542157708320678","error":""},"_links":{"self":[{"href":"https:\/\/www.europesays.com\/fr\/wp-json\/wp\/v2\/posts\/115222","targetHints":{"allow":["GET"]}}],"collection":[{"href":"https:\/\/www.europesays.com\/fr\/wp-json\/wp\/v2\/posts"}],"about":[{"href":"https:\/\/www.europesays.com\/fr\/wp-json\/wp\/v2\/types\/post"}],"author":[{"embeddable":true,"href":"https:\/\/www.europesays.com\/fr\/wp-json\/wp\/v2\/users\/2"}],"replies":[{"embeddable":true,"href":"https:\/\/www.europesays.com\/fr\/wp-json\/wp\/v2\/comments?post=115222"}],"version-history":[{"count":0,"href":"https:\/\/www.europesays.com\/fr\/wp-json\/wp\/v2\/posts\/115222\/revisions"}],"wp:featuredmedia":[{"embeddable":true,"href":"https:\/\/www.europesays.com\/fr\/wp-json\/wp\/v2\/media\/115223"}],"wp:attachment":[{"href":"https:\/\/www.europesays.com\/fr\/wp-json\/wp\/v2\/media?parent=115222"}],"wp:term":[{"taxonomy":"category","embeddable":true,"href":"https:\/\/www.europesays.com\/fr\/wp-json\/wp\/v2\/categories?post=115222"},{"taxonomy":"post_tag","embeddable":true,"href":"https:\/\/www.europesays.com\/fr\/wp-json\/wp\/v2\/tags?post=115222"}],"curies":[{"name":"wp","href":"https:\/\/api.w.org\/{rel}","templated":true}]}}