{"id":1152256,"date":"2026-08-27T16:01:19","date_gmt":"2026-08-27T16:01:19","guid":{"rendered":"https:\/\/www.europesays.com\/fr\/1152256\/"},"modified":"2026-08-27T16:01:19","modified_gmt":"2026-08-27T16:01:19","slug":"ou-sortir-ce-week-end-a-toulouse-et-alentours-notre-selection-entre-cinema-en-plein-air-siestes-a-la-piscine-nakache-et-nuit-de-la-chauve-souris","status":"publish","type":"post","link":"https:\/\/www.europesays.com\/fr\/1152256\/","title":{"rendered":"O\u00f9 sortir ce week-end \u00e0 Toulouse et alentours ? Notre s\u00e9lection entre cin\u00e9ma en plein air, Siestes \u00e0 la piscine Nakache et Nuit de la chauve-souris"},"content":{"rendered":"<p>\n                                                                    l&rsquo;essentiel<br \/>\n                                                                M\u00eame si le Rose Festival, \u00e9v\u00e9nement phare du week-end, affiche complet, il est possible de passer encore de bons moments \u00e0 31 Notes d&rsquo;\u00e9t\u00e9 ou au festival en plein air de la Cin\u00e9math\u00e8que de Toulouse dont ce sont les derni\u00e8res s\u00e9ances. Nouveaut\u00e9 aussi avec la Pool Party des Siestes \u00e9lectroniques, la Nuit de la chauve-souris et le retour de Pianomuses.\n                            <\/p>\n<p>Dernier week-end pour 31 Notes d&rsquo;\u00e9t\u00e9<\/p>\n<p>Pour terminer en beaut\u00e9 son festival itin\u00e9rant \u00e0 travers le d\u00e9partement, <a href=\"https:\/\/www.hautegaronnetourisme.com\/31-notes-d-ete-2026\/\" target=\"_blank\" rel=\"nofollow noopener\">31 Notes d&rsquo;\u00e9t\u00e9<\/a> prend la cl\u00e9 des champs \u00e0 Buzet-sur-Tarn, ce vendredi 28 ao\u00fbt, avec \u00e0 19 h 30, une pause guinguette dansante au rythme de Retro Fever, sur la Promenade, suivie \u00e0 21 h 30 du concert loufoque et clownesque, teint\u00e9 de musique de l&rsquo;Est de L&rsquo;Esbrouf.<\/p>\n<p class=\"std-elt__inline\">\n        <strong>\u00c0 lire aussi :<\/strong><br \/>\n        <a href=\"https:\/\/www.ladepeche.fr\/2026\/07\/30\/retour-du-festival-31-notes-dete-avec-ses-concerts-populaires-et-gratuits-en-haute-garonne-13488774.php\" rel=\"nofollow noopener\" target=\"_blank\">Retour du festival 31 Notes d&rsquo;\u00e9t\u00e9 avec ses concerts populaires et gratuits en Haute-Garonne<\/a>\n    <\/p>\n<p>Samedi 29 ao\u00fbt, journ\u00e9e de cl\u00f4ture \u00e0 Pechbonnieu, avec d\u00e8s 10 h, une visite de la for\u00eat communale et une sensibilisation \u00e0 l&rsquo;apiculture avec d\u00e9gustation de miel propos\u00e9e par Laurent Rougerie. \u00c0 12 h 30, visite et d\u00e9gustation des vins du domaine de Plaisance Penavayre, AOP Fronton, suivies \u00e0 17 h d&rsquo;une visite guid\u00e9e du ch\u00e2teau de Saint-Geni\u00e8s-Bellevue, avec son propri\u00e9taire. \u00c0 19 h 30, derni\u00e8re cr\u00e9ation du collectif F\u00f4m pour sa carte blanche sur le festival avec Musique br\u00e9silienne Quartet, sur l&rsquo;esplanade de la mairie, suivie \u00e0 21 h 30, du concert de cl\u00f4ture avec Adelante Quintet, cr\u00e9ation toulousaine festive, aux racines multiples, emmen\u00e9e par Guillaume Lopez, Mouss et Hakim Amokrane, Serge Lopez et Thierry Roques. Toutes les visites sur r\u00e9servation sur bienvenue@tourismehg.com<\/p>\n<p>La fin du cin\u00e9ma sous les \u00e9toiles<\/p>\n<p>        <img decoding=\"async\" class=\"std-img__img responsive-img\" src=\"https:\/\/www.europesays.com\/fr\/wp-content\/uploads\/2026\/08\/1787846475_59_image.jpg\" alt=\"Derni\u00e8res s\u00e9ances en plein air \u00e0 la Cin\u00e9math\u00e8que de Toulouse.\"\/><\/p>\n<p>                Derni\u00e8res s\u00e9ances en plein air \u00e0 la Cin\u00e9math\u00e8que de Toulouse.<\/p>\n<p>Le festival de cin\u00e9ma en plein air de la <a href=\"https:\/\/www.lacinemathequedetoulouse.com\/programmation\/festivals\/cinema-en-plein-air\" target=\"_blank\" rel=\"nofollow noopener\">Cin\u00e9math\u00e8que de Toulouse<\/a> tire sa r\u00e9v\u00e9rence lors de ce week-end de cl\u00f4ture de sa 22e \u00e9dition. Il est encore possible d&rsquo;assister, ce vendredi 28 ao\u00fbt, \u00e0 21 h 30, \u00e0 la projection de \u00ab\u00a0Challengers\u00a0\u00bb de Luca Guadagnino. Un triangle amoureux sous forme de com\u00e9die sensuelle et envo\u00fbtante o\u00f9 l\u2019on s\u2019amuse \u00e0 observer Mike Faist et Josh O\u2019Connor conqu\u00e9rir le c\u0153ur de Zendaya. Un remix de \u00ab\u00a0Jules et Jim\u00a0\u00bb, version tennis et techno.<\/p>\n<p class=\"std-elt__inline\">\n        <strong>\u00c0 lire aussi :<\/strong><br \/>\n        <a href=\"https:\/\/www.ladepeche.fr\/2026\/07\/30\/miyazaki-coppola-spielberg-les-films-projetes-en-plein-air-font-le-plein-a-la-cinematheque-de-toulouse-13490410.php\" rel=\"nofollow noopener\" target=\"_blank\">Miyazaki, Coppola, Spielberg&#8230; les films projet\u00e9s en plein air font le plein \u00e0 la Cin\u00e9math\u00e8que de Toulouse<\/a>\n    <\/p>\n<p>Derni\u00e8re s\u00e9ance, samedi 29 ao\u00fbt, \u00e0 21 h 30, avec \u00ab\u00a0Rencontre du troisi\u00e8me type\u00a0\u00bb. Le cinqui\u00e8me long m\u00e9trage de Steven Spielberg, alors \u00e0 peine \u00e2g\u00e9 de 31 ans, d\u00e9ploie ici son extraordinaire talent de conteur. Des avions disparus pendant la Seconde Guerre mondiale retrouv\u00e9s au Mexique, un cargo d\u00e9couvert \u00e9chou\u00e9 en plein d\u00e9sert de Gobi, de myst\u00e9rieuses notes de musique qui proviendraient des cieux, et Fran\u00e7ois Truffaut en ambassadeur humaniste pr\u00eat \u00e0 rencontrer des extraterrestres&#8230; Un film de science-fiction qui frise la perfection.<\/p>\n<p>Pool Party des Siestes \u00e9lectroniques<\/p>\n<p>        <img decoding=\"async\" class=\"std-img__img responsive-img\" src=\"https:\/\/www.europesays.com\/fr\/wp-content\/uploads\/2026\/08\/1787846477_785_image.jpg\" alt=\"La piscine Nakache accueille la premi\u00e8re Pool Party des Siestes.\"\/><\/p>\n<p>                La piscine Nakache accueille la premi\u00e8re Pool Party des Siestes.<\/p>\n<p>Pour la premi\u00e8re fois, Les Siestes \u00c9lectroniques plongent dans le grand bassin de la piscine Nakache, le 30 ao\u00fbt de 13 h \u00e0 19 h, avec les DJs Sarra Wild, LazerGazer et P\u00e9pine. Un dernier dimanche des vacances d&rsquo;\u00e9t\u00e9, les pieds dans l&rsquo;eau, ouvert \u00e0 tous.<\/p>\n<p class=\"std-elt__inline\">\n        <strong>\u00c0 lire aussi :<\/strong><br \/>\n        <a href=\"https:\/\/www.ladepeche.fr\/2026\/03\/26\/soiree-exceptionnelle-a-la-chapelle-de-la-grave-pour-les-25-ans-des-siestes-et-des-videophages-13292028.php\" rel=\"nofollow noopener\" target=\"_blank\">Soir\u00e9e exceptionnelle \u00e0 la chapelle de La Grave pour les 25 ans des Siestes et des Vid\u00e9ophages<\/a>\n    <\/p>\n<p>L&rsquo;id\u00e9e est simple : profiter du bassin, du soleil qui d\u00e9cline, et d&rsquo;une s\u00e9lection musicale pens\u00e9e pour accompagner ce moment l\u00e9ger et festif \u00e0 la piscine d&rsquo;\u00e9t\u00e9 Alfred Nakache, con\u00e7ue par l&rsquo;architecte Montariol, aujourd&rsquo;hui labellis\u00e9e Patrimoine du XXe si\u00e8cle.<br \/>L&rsquo;acc\u00e8s se fait aux tarifs habituels de la piscine (1,50 \u20ac \u00e0 4,40 \u20ac).<\/p>\n<p>Nuit de la chauve-souris<\/p>\n<p>        <img decoding=\"async\" class=\"std-img__img responsive-img\" src=\"https:\/\/www.europesays.com\/fr\/wp-content\/uploads\/2026\/08\/1787846478_640_image.jpg\" alt=\"Nuit de la chauve-souris au Mus\u00e9um de Toulouse.\"\/><\/p>\n<p>                Nuit de la chauve-souris au Mus\u00e9um de Toulouse.<br \/>\n                                    DDM &#8211; DDM<\/p>\n<p>Cr\u00e9atures nocturnes discr\u00e8tes mais bien pr\u00e9sentes autour de nous, les chauves-souris fascinent par leurs particularit\u00e9s d\u2019adaptations biologiques perfectionn\u00e9es. Pour mieux les conna\u00eetre et les appr\u00e9cier, notamment quand elles mangent les moustiques, une Nuit de la chauve-souris est propos\u00e9e, vendredi 28 ao\u00fbt, de 20 h \u00e0 22 h 30, au <a href=\"https:\/\/museum.toulouse-metropole.fr\/\" target=\"_blank\" rel=\"nofollow noopener\">Mus\u00e9um de Toulouse<\/a>.<\/p>\n<p class=\"std-elt__inline\">\n        <strong>\u00c0 lire aussi :<\/strong><br \/>\n        <a href=\"https:\/\/www.ladepeche.fr\/2026\/07\/22\/mineraux-bien-plus-que-des-cailloux-a-partir-doctobre-une-nouvelle-exposition-au-museum-de-toulouse-va-reveler-les-secrets-des-mineraux-du-silex-aux-13479148.php\" rel=\"nofollow noopener\" target=\"_blank\">\u00ab\u00a0Min\u00e9raux, bien plus que des cailloux\u00a0\u00bb : \u00e0 partir d&rsquo;octobre, une nouvelle exposition au Mus\u00e9um de Toulouse va r\u00e9v\u00e9ler les secrets des min\u00e9raux, du silex aux smartphones<\/a>\n    <\/p>\n<p>Xavier Pessey, responsable projets Biodiversit\u00e9 au Centre Permanent d&rsquo;Initiatives pour l&rsquo;Environnement (CPIE) &#8211; Terres Toulousaines proposera une conf\u00e9rence interactive et ludique avec une exp\u00e9rience de jeu de r\u00f4le, suivie d&rsquo;une balade nocturne dans le Jardin des Plantes \u00e0 la d\u00e9couverte du monde tr\u00e8s sonore des chauves-souris. Gratuit sans inscription.<\/p>\n<p>Retour de Pianomuses<\/p>\n<p>        <img decoding=\"async\" class=\"std-img__img responsive-img\" src=\"https:\/\/www.europesays.com\/fr\/wp-content\/uploads\/2026\/08\/1787846479_61_image.jpg\" alt=\"Pianomuses avec Laure Massoni et Quentin Gu\u00e9rillot.\"\/><\/p>\n<p>                Pianomuses avec Laure Massoni et Quentin Gu\u00e9rillot.<\/p>\n<p>Apr\u00e8s deux concerts au d\u00e9but de l&rsquo;\u00e9t\u00e9, le festival Pianomuses revient, samedi 29 ao\u00fbt, \u00e0 19 h, \u00e0 la chapelle des Carm\u00e9lites.<\/p>\n<p class=\"std-elt__inline\">\n        <strong>\u00c0 lire aussi :<\/strong><br \/>\n        <a href=\"https:\/\/www.ladepeche.fr\/2026\/05\/04\/le-festival-piano-aux-jacobins-souvre-au-hip-hop-et-poursuit-a-toulouse-la-decouverte-de-jeunes-talents-internationaux-programmes-pour-la-premiere-13349064.php\" rel=\"nofollow noopener\" target=\"_blank\">Le festival Piano aux Jacobins s\u2019ouvre au hip-hop et poursuit \u00e0 Toulouse la d\u00e9couverte de jeunes talents internationaux programm\u00e9s pour la premi\u00e8re fois en France<\/a>\n    <\/p>\n<p>Ce concert proposera des \u0153uvres contemporaines du tr\u00e8s rare piano carr\u00e9 anglais William Glover de 1776 qu\u2019apportera Quentin Gu\u00e9rillot, en duo avec le violon classique de Laure Massoni. Il s\u2019articulera autour de la derni\u00e8re rencontre entre Mozart et Jean-Chr\u00e9tien Bach \u00e0 Saint-Germain-en-Laye en 1778, en mettant en regard des \u0153uvres de ces deux compositeurs. Tarifs : 5 \u00e0 18 \u20ac. R\u00e9servations sur helloassso.com<\/p>\n","protected":false},"excerpt":{"rendered":"l&rsquo;essentiel M\u00eame si le Rose Festival, \u00e9v\u00e9nement phare du week-end, affiche complet, il est possible de passer encore&hellip;\n","protected":false},"author":2,"featured_media":1152257,"comment_status":"","ping_status":"","sticky":false,"template":"","format":"standard","meta":{"footnotes":"","_share_on_mastodon":"0"},"categories":[2816],"tags":[1111,11,872,1777,674,1011,27,2722,12,2680,25,853,2312],"class_list":["post-1152256","post","type-post","status-publish","format-standard","has-post-thumbnail","category-toulouse","tag-actu","tag-actualites","tag-culture-et-loisirs","tag-eu","tag-europe","tag-fr","tag-france","tag-haute-garonne","tag-news","tag-occitanie","tag-republique-francaise","tag-spectacles","tag-toulouse"],"share_on_mastodon":{"url":"https:\/\/pubeurope.com\/@fr\/117168316112800853","error":""},"_links":{"self":[{"href":"https:\/\/www.europesays.com\/fr\/wp-json\/wp\/v2\/posts\/1152256","targetHints":{"allow":["GET"]}}],"collection":[{"href":"https:\/\/www.europesays.com\/fr\/wp-json\/wp\/v2\/posts"}],"about":[{"href":"https:\/\/www.europesays.com\/fr\/wp-json\/wp\/v2\/types\/post"}],"author":[{"embeddable":true,"href":"https:\/\/www.europesays.com\/fr\/wp-json\/wp\/v2\/users\/2"}],"replies":[{"embeddable":true,"href":"https:\/\/www.europesays.com\/fr\/wp-json\/wp\/v2\/comments?post=1152256"}],"version-history":[{"count":0,"href":"https:\/\/www.europesays.com\/fr\/wp-json\/wp\/v2\/posts\/1152256\/revisions"}],"wp:featuredmedia":[{"embeddable":true,"href":"https:\/\/www.europesays.com\/fr\/wp-json\/wp\/v2\/media\/1152257"}],"wp:attachment":[{"href":"https:\/\/www.europesays.com\/fr\/wp-json\/wp\/v2\/media?parent=1152256"}],"wp:term":[{"taxonomy":"category","embeddable":true,"href":"https:\/\/www.europesays.com\/fr\/wp-json\/wp\/v2\/categories?post=1152256"},{"taxonomy":"post_tag","embeddable":true,"href":"https:\/\/www.europesays.com\/fr\/wp-json\/wp\/v2\/tags?post=1152256"}],"curies":[{"name":"wp","href":"https:\/\/api.w.org\/{rel}","templated":true}]}}